{"id":6588,"date":"2025-03-17T10:33:37","date_gmt":"2025-03-17T13:33:37","guid":{"rendered":"https:\/\/paginacero.com.uy\/?p=6588"},"modified":"2025-03-17T10:33:37","modified_gmt":"2025-03-17T13:33:37","slug":"sebastian-troisi-asumio-la-presidencia-del-club-atletico-wandereres","status":"publish","type":"post","link":"https:\/\/paginacero.com.uy\/?p=6588","title":{"rendered":"Sebasti\u00e1n Troisi asumi\u00f3 la presidencia del Club Atl\u00e9tico Wandereres"},"content":{"rendered":"<p><strong>La instituci\u00f3n \u00abbohemia\u00bb, fundada el 7 de Mayo de 1914, celebr\u00f3 en la anoche del viernes 14 de Marzo de 2025 en su sede social de calle Lavalleja 963, la asamblea (en planta alta) y la elecci\u00f3n de nuevas autoridades.<\/strong><!--more--><\/p>\n<div id=\"geom_inter_1742217916467_99_24\" dir=\"auto\" data-olk-copy-source=\"MessageBody\">Troisi, que ejerce su segunda presidencia en el club, sustituye en el cargo a Magela Rinaldi y ser\u00e1 el titular por el periodo de un a\u00f1o, debido a que el club renueva sus autoridades cada una temporada.<\/div>\n<div id=\"geom_inter_1742217916467_24_25\" dir=\"auto\">Estar\u00e1 acompa\u00f1ado de: Vicepresidente: Federico Franco; Secretario: Fabi\u00e1n Sp\u00ednola, Prosecretario: Gonzalo Sp\u00ednola, Tesorero: Elias Regel, Protesorero: Ernesto Pereira.<\/div>\n<div id=\"geom_inter_1742218158472_66_26\" dir=\"auto\">Vocales: Eduardo Rodr\u00edguez, Liliana Alvez, Mar\u00eda Alejandra Aranda, Andr\u00e9s Greco y Mart\u00edn Rom\u00e1n.<\/div>\n<div id=\"geom_inter_1742218158472_0_27\" dir=\"auto\">Suplentes: Eduardo Bonfrisco, Luis Rodr\u00edguez, Ricardo L\u00f3pez, Richard Quijano, Ra\u00fal Viana, Gabriela Rodr\u00edguez, Carlos Fag\u00fandez y Nicol\u00e1s \u00c1lvarez.<\/div>\n<div id=\"geom_inter_1742218158472_39_28\" dir=\"auto\">Comisi\u00f3n Fiscal: Francisco Alvez, Emilio Lorenzo y Eduardo Lazzarof.<\/div>\n<div id=\"geom_inter_1742218162460_62_29\" dir=\"auto\">Los \u00abwanderistas\u00bb se apresta a jugar como Campe\u00f3n del Campeonato Ciudad de Durazno 2024 y de la clasificatoria departamental, la Copa A de Clubes de la Organizaci\u00f3n de F\u00fatbol del Interior (OFI).<\/div>\n","protected":false},"excerpt":{"rendered":"<p>La instituci\u00f3n \u00abbohemia\u00bb, fundada el 7 de Mayo de 1914, celebr\u00f3 en la anoche del viernes 14 de Marzo de 2025 en su sede social de calle Lavalleja 963, la asamblea (en planta alta) y la elecci\u00f3n de nuevas autoridades.<\/p>\n","protected":false},"author":4,"featured_media":6590,"comment_status":"closed","ping_status":"closed","sticky":false,"template":"","format":"standard","meta":{"footnotes":""},"categories":[5],"tags":[],"class_list":["post-6588","post","type-post","status-publish","format-standard","has-post-thumbnail","hentry","category-durazno"],"_links":{"self":[{"href":"https:\/\/paginacero.com.uy\/index.php?rest_route=\/wp\/v2\/posts\/6588","targetHints":{"allow":["GET"]}}],"collection":[{"href":"https:\/\/paginacero.com.uy\/index.php?rest_route=\/wp\/v2\/posts"}],"about":[{"href":"https:\/\/paginacero.com.uy\/index.php?rest_route=\/wp\/v2\/types\/post"}],"author":[{"embeddable":true,"href":"https:\/\/paginacero.com.uy\/index.php?rest_route=\/wp\/v2\/users\/4"}],"replies":[{"embeddable":true,"href":"https:\/\/paginacero.com.uy\/index.php?rest_route=%2Fwp%2Fv2%2Fcomments&post=6588"}],"version-history":[{"count":1,"href":"https:\/\/paginacero.com.uy\/index.php?rest_route=\/wp\/v2\/posts\/6588\/revisions"}],"predecessor-version":[{"id":6591,"href":"https:\/\/paginacero.com.uy\/index.php?rest_route=\/wp\/v2\/posts\/6588\/revisions\/6591"}],"wp:featuredmedia":[{"embeddable":true,"href":"https:\/\/paginacero.com.uy\/index.php?rest_route=\/wp\/v2\/media\/6590"}],"wp:attachment":[{"href":"https:\/\/paginacero.com.uy\/index.php?rest_route=%2Fwp%2Fv2%2Fmedia&parent=6588"}],"wp:term":[{"taxonomy":"category","embeddable":true,"href":"https:\/\/paginacero.com.uy\/index.php?rest_route=%2Fwp%2Fv2%2Fcategories&post=6588"},{"taxonomy":"post_tag","embeddable":true,"href":"https:\/\/paginacero.com.uy\/index.php?rest_route=%2Fwp%2Fv2%2Ftags&post=6588"}],"curies":[{"name":"wp","href":"https:\/\/api.w.org\/{rel}","templated":true}]}}