{"id":6583,"date":"2025-03-14T11:56:19","date_gmt":"2025-03-14T14:56:19","guid":{"rendered":"https:\/\/paginacero.com.uy\/?p=6583"},"modified":"2025-03-14T15:26:48","modified_gmt":"2025-03-14T18:26:48","slug":"domingo-rielli-sumo-cinco-sectores-en-un-dia","status":"publish","type":"post","link":"https:\/\/paginacero.com.uy\/?p=6583","title":{"rendered":"Domingo Rielli sum\u00f3 cinco sectores en un d\u00eda"},"content":{"rendered":"<p>El candidato a la<b>\u00a0Intendencia de Durazno,<\/b>\u00a0y actual<b>\u00a0Diputado,<\/b>\u00a0el nacionalista,\u00a0<b>Jos\u00e9 Domingo Rielli San Mart\u00edn,<\/b>\u00a0realiz\u00f3 ayer el anuncio de la\u00a0<b>incorporaci\u00f3n de cinco nuevas agrupaciones <\/b>a su postulaci\u00f3n con el sector\u00a0<b>Lista 25<\/b>\u00a0de cara a las\u00a0<b>elecciones del domingo 11 de mayo.<\/b><!--more--><\/p>\n<div><span title=\"Reproducir desde 5:48\"><span data-olk-copy-source=\"MessageBody\">\u00abEstamos convencidos\u00a0<\/span><\/span><span title=\"Reproducir desde 5:50\">de que este es un paso fundamental<\/span>\u00a0<span title=\"Reproducir desde 5:53\">para lograr lo que hemos venido so\u00f1ando\u00a0<\/span><span title=\"Reproducir desde 5:55\">desde hace 10 a\u00f1os,\u00a0<\/span><span title=\"Reproducir desde 5:56\">para lograr el pr\u00f3ximo 11 de mayo<\/span>\u00a0<span title=\"Reproducir desde 5:57\">el gobierno departamental, m<\/span><span title=\"Reproducir desde 5:59\">uch\u00edsimas gracias por confiar en nosotros;\u00a0mu<\/span><span title=\"Reproducir desde 6:02\">ch\u00edsimas gracias por darnos este espaldarazo,\u00a0<\/span><span title=\"Reproducir desde 6:05\">en un momento justo,<\/span>\u00a0c<span title=\"Reproducir desde 6:06\">uando faltan apenas dos meses para las elecciones,\u00a0<\/span><span title=\"Reproducir desde 6:09\">pero cuando es el tiempo necesario y oportuno<\/span>\u00a0<span title=\"Reproducir desde 6:12\">para que juntos podamos transitar el camino<\/span>\u00a0<span title=\"Reproducir desde 6:14\">que nos va a llevar a poder hacer much\u00edsimas cosas<\/span>\u00a0<span title=\"Reproducir desde 6:17\">por todos los duraznenses,\u00a0<\/span><span title=\"Reproducir desde 6:18\">en temas especiales como el deporte, la cultura,<\/span>\u00a0<span title=\"Reproducir desde 6:22\">lo social;\u00a0 en\u00a0<\/span><span title=\"Reproducir desde 6:24\">definitiva las cosas que realmente<\/span>\u00a0<span title=\"Reproducir desde 6:25\">la gente hace que sean las necesidades de los duraznenses\u00bb, resalt\u00f3\u00a0<b>Rielli.<\/b><\/span><\/div>\n<div><span title=\"Reproducir desde 6:25\">Agreg\u00f3 que \u00ab<\/span><span title=\"Reproducir desde 21:37\">generalmente se dice que<\/span>\u00a0<span title=\"Reproducir desde 21:38\">los campeonatos se ganan en los periodos de pase,\u00a0<\/span><span title=\"Reproducir desde 21:41\">yo creo que estando\u00a0<b>a dos meses\u00a0<\/b><\/span><b><span title=\"Reproducir desde 21:42\">de una elecci\u00f3n,\u00a0<\/span><span title=\"Reproducir desde 21:43\">que cinco agrupaciones, cinco grupos pol\u00edticos<\/span><\/b>\u00a0<span title=\"Reproducir desde 21:46\">nos confirmen su adhesi\u00f3n,\u00a0<\/span><span title=\"Reproducir desde 21:49\">grupos que en su mayor\u00eda<\/span>\u00a0h<span title=\"Reproducir desde 21:50\">asta este momento, en este periodo de elecciones\u00a0<\/span><span title=\"Reproducir desde 21:52\">no hab\u00edan estado con nosotros,\u00a0<\/span><span title=\"Reproducir desde 21:53\">para nosotros es realmente muy importante y es como dec\u00edamos hoy;\u00a0<\/span><span title=\"Reproducir desde 21:56\">es el\u00a0<\/span><span title=\"Reproducir desde 21:56\">primer paso hacia el triunfo<\/span>\u00a0<span title=\"Reproducir desde 21:58\">de mayo, que estamos convencidos<\/span>\u00a0<span title=\"Reproducir desde 22:00\">que vamos a lograr\u00bb.<\/span><\/div>\n<div><\/div>\n<div><span style=\"color: #000000; font-size: large;\"><b>\u00abBuenos equipos para la Intendencia y el legislativo\u00bb<\/b><\/span><\/div>\n<div><span style=\"color: #000000; font-size: large;\">\u00ab<\/span><span title=\"Reproducir desde 0:45\">La verdad que hoy es una jornada muy especial para<\/span><span title=\"Reproducir desde 0:50\">\u00a0nosotros, en lo que va de este trayecto\u00a0<\/span><span title=\"Reproducir desde 0:55\">de la candidatura hacia las\u00a0<b>elecciones departamentales<\/b><\/span><b>\u00a0<\/b><span title=\"Reproducir desde 0:58\"><b>del pr\u00f3ximo 11 de mayo<\/b>.\u00a0<\/span><span title=\"Reproducir desde 1:00\">Hemos transitado mucho tiempo las elecciones internas,<\/span>\u00a0<span title=\"Reproducir desde 1:05\">las elecciones nacionales, el balotaje,<\/span>\u00a0<span title=\"Reproducir desde 1:07\">ahora ya estamos en camino a lo que van a ser<\/span>\u00a0<span title=\"Reproducir desde 1:09\">las elecciones para el departamento m\u00e1s importante,<\/span>\u00a0<span title=\"Reproducir desde 1:12\">porque se eligen las autoridades departamentales, y\u00a0<\/span><span title=\"Reproducir desde 1:15\">para nosotros, por supuesto, que ha sido desde el principio<\/span>\u00a0<span title=\"Reproducir desde 1:19\">una meta armar un buen equipo,<\/span>\u00a0<span title=\"Reproducir desde 1:21\">tener buenos equipos tanto para el ejecutivo departamental,\u00a0<\/span><span title=\"Reproducir desde 1:24\">como tambi\u00e9n para el legislativo departamental,<\/span>\u00a0<span title=\"Reproducir desde 1:27\">tener gente que sienta nuestros mismos ideales,<\/span>\u00a0<span title=\"Reproducir desde 1:31\">que por sobre todas las cosas se preocupe permanentemente\u00a0<\/span><span title=\"Reproducir desde 1:35\">por la gente y por trabajar en pro del beneficio<\/span>\u00a0<span title=\"Reproducir desde 1:39\">de todos los duraznenses.<\/span>\u00a0<span title=\"Reproducir desde 1:41\">Este proyecto de nuestra Lista 25 es un proyecto de hace 10 a\u00f1os<\/span>\u00a0<span title=\"Reproducir desde 1:46\">y precisamente hace 10 a\u00f1os tuvimos un grupo que so\u00f1amos<\/span>\u00a0<span title=\"Reproducir desde 1:51\">con este 2025 y so\u00f1amos con muchas ideas que<\/span><span title=\"Reproducir desde 1:54\">\u00a0ten\u00edamos para nuestro Durazno\u00bb, comenz\u00f3 diciendo\u00a0<b>Rielli.<\/b><\/span><\/div>\n<div><span title=\"Reproducir desde 1:57\">Agreg\u00f3 que \u00abl\u00f3gicamente que sab\u00edamos por las circunstancias<\/span>\u00a0<span title=\"Reproducir desde 2:00\">que se daban pol\u00edticamente a nuestro departamento<\/span>\u00a0<span title=\"Reproducir desde 2:02\">que el desembarco iba a ser en este a\u00f1o precisamente,<\/span>\u00a0<span title=\"Reproducir desde 2:04\">en este a\u00f1o 2025.<\/span>\u00a0<span title=\"Reproducir desde 2:07\"><b>Hace 10 a\u00f1os\u00a0<\/b>cuando comenzamos a so\u00f1ar<\/span>\u00a0<span title=\"Reproducir desde 2:09\">ten\u00edamos por supuesto un equipo con un grupo<\/span>\u00a0<span title=\"Reproducir desde 2:12\">que se form\u00f3 en el Interior,<\/span>\u00a0<span title=\"Reproducir desde 2:14\">conjuntamente con\u00a0<b>Pablo Langone<\/b>\u00a0y otros compa\u00f1eros<\/span>\u00a0<span title=\"Reproducir desde 2:16\">y se fueron sumando compa\u00f1eros tambi\u00e9n\u00a0<\/span><span title=\"Reproducir desde 2:19\">de aqu\u00ed de la ciudad de Durazno, y una\u00a0<\/span><span title=\"Reproducir desde 2:21\">de las personas que se sum\u00f3 precisamente\u00a0<\/span><span title=\"Reproducir desde 2:25\">en ese trayecto hace 10 a\u00f1os atr\u00e1s,\u00a0<\/span><span title=\"Reproducir desde 2:28\">fue\u00a0<b>Gabriel D\u00edaz<\/b>\u00a0con nosotros. Y<\/span><span title=\"Reproducir desde 2:30\">\u00a0cuando comenzamos a hablar en este periodo de\u00a0<\/span><span title=\"Reproducir desde 2:34\">la posibilidad de volver a reencontrarnos,\u00a0<\/span><span title=\"Reproducir desde 2:37\">le dec\u00eda, este es un proyecto que lo empezamos juntos\u00a0<\/span><span title=\"Reproducir desde 2:39\">y lo vamos a terminar juntos.<\/span>\u00a0<span title=\"Reproducir desde 2:41\">Por eso es que es una noche muy especial para nosotros,\u00a0<\/span><span title=\"Reproducir desde 2:44\">poderle dar la bienvenida, poder recibir a\u00a0<b>Gabriel D\u00edaz\u00a0<\/b><\/span><span title=\"Reproducir desde 2:47\"><b>con su lista 71\u00a0<\/b>y a todo su equipo,<\/span>\u00a0<span title=\"Reproducir desde 2:50\">a todo este Sublema grande, hermoso<\/span>\u00a0<span title=\"Reproducir desde 2:54\">que hemos dado en conformar<\/span>\u00a0<span title=\"Reproducir desde 2:56\">para potenciar de alguna manera todas las listas<\/span>\u00a0<span title=\"Reproducir desde 2:59\">y a personas que vienen trabajando<\/span>\u00a0<span title=\"Reproducir desde 3:02\">de una manera u otra por nuestro departamento\u00bb.<\/span><\/div>\n<div><span title=\"Reproducir desde 3:06\"><b>Gabriel D\u00edaz\u00a0<\/b>no necesita presentaci\u00f3n,<\/span>\u00a0agreg\u00f3<b>\u00a0Rielli,<\/b>\u00a0\u00ab<span title=\"Reproducir desde 3:08\">seguramente todos lo conocen,<\/span>\u00a0<span title=\"Reproducir desde 3:11\">ha sido Edil incansable, como lo he dicho,<\/span>\u00a0<span title=\"Reproducir desde 3:13\">nunca ha requerido ni ha utilizado un cargo<\/span>\u00a0<span title=\"Reproducir desde 3:16\">sino el que le da la gente. E<\/span><span title=\"Reproducir desde 3:18\">so para nosotros es muy importante.<\/span>\u00a0<span title=\"Reproducir desde 3:21\">Tenemos tambi\u00e9n quien va a estar en la lista 118,\u00a0<\/span><span title=\"Reproducir desde 3:26\"><b>Ignacio \u00abNacho\u00bb Salaberry,<\/b><\/span>\u00a0a<span title=\"Reproducir desde 3:28\">lguien muy vinculado a la cultura,<\/span>\u00a0<span title=\"Reproducir desde 3:31\">alguien muy vinculado al quehacer departamental<\/span>\u00a0<span title=\"Reproducir desde 3:34\">y a todo lo que significa eso tan hermoso<\/span>\u00a0<span title=\"Reproducir desde 3:37\">como es la cultura de todos los duraznenses\u00bb,\u00a0<\/span><\/div>\n<div><span title=\"Reproducir desde 3:37\">\u00abT<\/span><span title=\"Reproducir desde 3:42\">enemos a\u00a0<b>Mart\u00edn Viana,\u00a0<\/b>que a trav\u00e9s de su lista 7125<\/span>\u00a0<span title=\"Reproducir desde 3:46\">va tambi\u00e9n a ayudarnos en este proceso<\/span>\u00a0<span title=\"Reproducir desde 3:51\">que llevamos hacia el 11 de mayo<\/span>\u00a0<span title=\"Reproducir desde 3:53\">y que realmente sabemos de su trayectoria,<\/span>\u00a0<span title=\"Reproducir desde 3:56\">de su\u00a0 don de buena gente,<\/span>\u00a0<span title=\"Reproducir desde 3:59\">de \u00e9l, de su se\u00f1ora, de su familia,<\/span>\u00a0<span title=\"Reproducir desde 4:01\">empujando por cosas que realmente necesitan los duraznenses; y ten<\/span><span title=\"Reproducir desde 4:06\">emos a\u00a0<b>Fabrizio Volpe<\/b>\u00a0con la lista\u00a0<\/span><span title=\"Reproducir desde 4:09\">25-00, como\u00a0 m\u00e1s me gusta decirle a m\u00ed,<\/span>\u00a0<span title=\"Reproducir desde 4:12\">que tambi\u00e9n desde el periodismo<\/span>\u00a0<span title=\"Reproducir desde 4:16\">entendi\u00f3 que nos ten\u00eda que dar una mano\u00a0<\/span><span title=\"Reproducir desde 4:18\">para que logremos el pr\u00f3ximo 11 de mayo<\/span>\u00a0<span title=\"Reproducir desde 4:21\">la Intendencia\u00a0<\/span><span title=\"Reproducir desde 4:23\">y poder comenzar a hacer cosas\u00bb, \u00abcon\u00a0<\/span><span title=\"Reproducir desde 4:24\">Fabrizio por supuesto que en este ir y venir,\u00a0<\/span><span title=\"Reproducir desde 4:26\">como con Gabriel, como con Nacho, como con Mart\u00edn,\u00a0<\/span><span title=\"Reproducir desde 4:29\">tuvimos idas y venidas en todo el proceso.\u00a0<\/span><span title=\"Reproducir desde 4:32\">Muchas veces a Fabrizio; nos toc\u00f3 decirnos cosas\u00a0<\/span><span title=\"Reproducir desde 4:35\">que por ah\u00ed no nos gustaban, enfrentamos ideas,<\/span>\u00a0<span title=\"Reproducir desde 4:37\">pero siempre lleg\u00e1bamos a un punto com\u00fan<\/span>\u00a0<span title=\"Reproducir desde 4:39\">que era el que quer\u00edamos hacer los dos<\/span>\u00a0<span title=\"Reproducir desde 4:44\">y conjuntamente con todos ellos,\u00a0<\/span><span title=\"Reproducir desde 4:46\">las cosas mejores para Durazno.<\/span>\u00a0<span title=\"Reproducir desde 4:49\">As\u00ed que a todos la bienvenida<\/span>\u00a0y<span title=\"Reproducir desde 4:51\">\u00a0el deseo muy especial de que nos vaya bien a todos,\u00a0<\/span><span title=\"Reproducir desde 4:55\">porque estamos convencidos de que esto,<\/span>\u00a0<span title=\"Reproducir desde 4:57\">de que la uni\u00f3n, como dice el viejo refr\u00e1n;\u00a0<\/span><span title=\"Reproducir desde 5:00\">la uni\u00f3n nos har\u00e1 fuerza, y\u00a0<\/span><span title=\"Reproducir desde 5:02\">por supuesto que dej\u00e9 para lo \u00faltimo<\/span>\u00a0<span title=\"Reproducir desde 5:04\">a alguien muy especial,\u00a0<b>V\u00edctor Giudici de Ciudad del Carmen\u00bb.<\/b><\/span><\/div>\n<div><span title=\"Reproducir desde 4:29\"><span style=\"color: #000000; font-size: large;\">\u00abR<span title=\"Reproducir desde 5:11\">ealmente nos dej\u00f3 muy entusiasmado,\u00a0<\/span><span title=\"Reproducir desde 5:14\">el entusiasmo que \u00e9l tiene por la pol\u00edtica.<\/span>\u00a0<span title=\"Reproducir desde 5:17\">Un joven, que dijo &#8216;<\/span><span title=\"Reproducir desde 5:20\">yo quiero estar en la pol\u00edtica,\u00a0<\/span><span title=\"Reproducir desde 5:21\">yo quiero abrirme mi camino propio&#8217;; c<\/span><span title=\"Reproducir desde 5:24\">uando a veces cuesta abrir una lista,<\/span>\u00a0<span title=\"Reproducir desde 5:27\">abrir un grupo, cuando a veces cuesta embanderarse<\/span>\u00a0<span title=\"Reproducir desde 5:29\">y decir yo salgo de la cancha. B<\/span><span title=\"Reproducir desde 5:31\">ueno V\u00edctor dijo yo quiero salir<\/span>\u00a0<span title=\"Reproducir desde 5:33\">y quiero un espacio para salir<\/span>\u00a0<span title=\"Reproducir desde 5:35\">y eso es precisamente lo que nosotros le brindamos\u00bb, \u00abe<\/span><span title=\"Reproducir desde 5:37\">stamos convencidos tambi\u00e9n<\/span>\u00a0<span title=\"Reproducir desde 5:38\">que desde el Carmen van a llegar\u00a0<\/span><span title=\"Reproducir desde 5:41\">muy buenas noticias para nosotros a trav\u00e9s de V\u00edctor, a<\/span><span title=\"Reproducir desde 5:43\">s\u00ed que bienvenido\u00bb.<\/span><\/span><\/span><\/div>\n<div><span title=\"Reproducir desde 4:29\"><span style=\"color: #000000; font-size: large;\"><span title=\"Reproducir desde 5:43\">\u00a0<\/span><\/span><\/span><\/div>\n<div><span title=\"Reproducir desde 4:29\"><span style=\"color: #000000; font-size: large;\"><span title=\"Reproducir desde 5:43\"><b>D\u00edaz Landoni: 4 temas prioritarios<\/b><\/span><\/span><\/span><\/div>\n<div dir=\"auto\"><span title=\"Reproducir desde 4:29\"><span style=\"color: #000000; font-size: large;\"><span title=\"Reproducir desde 5:43\"><b>\u00a0<\/b><\/span><\/span><\/span><\/div>\n<div><span title=\"Reproducir desde 4:29\"><span style=\"color: #000000; font-size: large;\"><span title=\"Reproducir desde 5:43\"><b>El dirigente nacionalista agradeci\u00f3 a los medios de comunicaci\u00f3n, \u00abp<\/b><\/span><\/span><\/span><span title=\"Reproducir desde 6:38\">or siempre estar,<\/span>\u00a0<span title=\"Reproducir desde 6:41\">por siempre darnos, todos ustedes,<\/span>\u00a0<span title=\"Reproducir desde 6:43\">la posibilidad de plantear las cosas<\/span>\u00a0<span title=\"Reproducir desde 6:46\">no solamente en campa\u00f1a electoral,\u00a0<\/span><span title=\"Reproducir desde 6:48\">sino durante los cinco a\u00f1os<\/span>\u00a0<span title=\"Reproducir desde 6:50\">que duran los per\u00edodos de gobierno, teniendo\u00a0<\/span><span title=\"Reproducir desde 6:53\">las puertas abiertas<\/span>\u00a0<span title=\"Reproducir desde 6:55\">para todos los planteamientos que siempre hacemos\u00bb.<\/span><\/div>\n<div>\u00ab<span title=\"Reproducir desde 6:59\">Como dec\u00eda Domingo (Rielli),\u00a0<\/span><span title=\"Reproducir desde 7:01\">nosotros participamos en las elecciones internas<\/span>\u00a0<span title=\"Reproducir desde 7:05\">en otro sector., en\u00a0<\/span><span title=\"Reproducir desde 7:07\">otro sector que consider\u00e1bamos<\/span>\u00a0<span title=\"Reproducir desde 7:09\">que era un sector renovador, un sector joven, pero\u00a0<\/span><span title=\"Reproducir desde 7:14\">algunas cosas fueron sucediendo<\/span>\u00a0q<span title=\"Reproducir desde 7:17\">ue nos llevaron a retirarnos<\/span>\u00a0<span title=\"Reproducir desde 7:19\">de la actividad pol\u00edtica para la campa\u00f1a nacional<\/span>\u00a0<span title=\"Reproducir desde 7:25\">y luego retomar s\u00ed<\/span>\u00a0<span title=\"Reproducir desde 7:28\">para lo que es la campa\u00f1a departamental. C<\/span><span title=\"Reproducir desde 7:33\">uando eso aconteci\u00f3, decidimos<\/span><span title=\"Reproducir desde 7:36\">\u00a0con los dem\u00e1s compa\u00f1eros<\/span>\u00a0<span title=\"Reproducir desde 7:38\">ponernos en contacto\u00a0<\/span><span title=\"Reproducir desde 7:40\">con los dos candidatos que ten\u00eda el\u00a0<b>Partido Nacional,<\/b><\/span>\u00a0<span title=\"Reproducir desde 7:42\">porque era lo que nosotros entend\u00edamos<\/span>\u00a0<span title=\"Reproducir desde 7:46\">que correspond\u00eda que hici\u00e9ramos.<\/span>\u00a0<span title=\"Reproducir desde 7:49\">Con uno de ellos la conversaci\u00f3n fue muy breve<\/span>\u00a0<span title=\"Reproducir desde 7:54\">porque las puertas estaban muy cerradas,<\/span>\u00a0<span title=\"Reproducir desde 7:58\">porque iba a aparecer una gesti\u00f3n muy grande<\/span>\u00a0<span title=\"Reproducir desde 8:01\">en otro sector.\u00a0<\/span><span title=\"Reproducir desde 8:04\">Pero con\u00a0<b>Domingo (Rielli) l<\/b>a conversaci\u00f3n,\u00a0<\/span><span title=\"Reproducir desde 8:07\">que dicho sea de paso<\/span>\u00a0<span title=\"Reproducir desde 8:08\">la gestion\u00f3 un amigo que tenemos en com\u00fan, se dio<\/span><span title=\"Reproducir desde 8:13\">\u00a0en su empresa una vez y otra vez<\/span>\u00a0<span title=\"Reproducir desde 8:18\">y la cosa fue muy clarita y muy cortita.\u00a0<\/span><span title=\"Reproducir desde 8:24\">Nuestros temas son cuatro o cinco,<\/span>\u00a0<span title=\"Reproducir desde 8:27\">que son de importancia para la ciudadan\u00eda.<\/span>\u00a0S<span title=\"Reproducir desde 8:30\">i esos temas son tenidos en cuenta<\/span>\u00a0<span title=\"Reproducir desde 8:32\">nosotros vamos a estar apoyando la candidatura.<\/span>\u00a0<span title=\"Reproducir desde 8:37\">De todos los temas que nosotros le planteamos a Domingo, hubo<\/span><span title=\"Reproducir desde 8:40\">\u00a0uno solo que nos dijo que iba a pensar c\u00f3mo<\/span><span title=\"Reproducir desde 8:42\">\u00a0lo pod\u00eda redondear,\u00a0<\/span><span title=\"Reproducir desde 8:43\">porque era un tema econ\u00f3mico de la Intendencia,\u00a0<\/span>\u00a0<span title=\"Reproducir desde 8:46\">que era la\u00a0<b>rebaja de impuestos<\/b><\/span>\u00a0<span title=\"Reproducir desde 8:48\">por la que tanto hemos pregonado durante tanto tiempo.\u00a0<\/span><span title=\"Reproducir desde 8:52\">Porque lo iba a estudiar.<\/span>\u00a0<span title=\"Reproducir desde 8:54\">Pero hablamos de\u00a0<b>seguridad<\/b>,\u00a0<\/span><span title=\"Reproducir desde 8:56\">hablamos de\u00a0<b>ordenamiento territorial,<\/b>\u00a0<\/span><span title=\"Reproducir desde 8:57\">hablamos de\u00a0<b>tr\u00e1nsito<\/b><\/span><b>\u00a0<\/b><span title=\"Reproducir desde 8:58\">y hablamos de temas que son realmente importantes<\/span>\u00a0<span title=\"Reproducir desde 9:01\">para el departamento,\u00a0<\/span><span title=\"Reproducir desde 9:02\">y todos esos temas est\u00e1n en el proyecto de gobierno<\/span>\u00a0<span title=\"Reproducir desde 9:07\">que tiene Domingo (Rielli) para el 2025, y bueno es<\/span><span title=\"Reproducir desde 9:11\">\u00a0recordar algo con lo que \u00e9l comenz\u00f3<\/span>\u00a0<span title=\"Reproducir desde 9:14\">diciendo; que esto fue un sue\u00f1o<\/span>\u00a0<span title=\"Reproducir desde 9:17\">que tuvimos algunos pocos<\/span>\u00a0<span title=\"Reproducir desde 9:21\">porque no \u00e9ramos ni tantos en el a\u00f1o 2014.\u00a0<\/span><span title=\"Reproducir desde 9:25\">Un grupo, un sector al que denominamos<\/span>\u00a0<span title=\"Reproducir desde 9:28\"><b>M\u00e1s Durazno<\/b>.<\/span>\u00a0<span title=\"Reproducir desde 9:31\">M\u00e1s Durazno significaba,\u00a0<\/span><span title=\"Reproducir desde 9:33\"><b>Movimiento de Acci\u00f3n Social,<\/b>\u00a0y\u00a0<\/span><span title=\"Reproducir desde 9:36\">con ese M\u00e1s Durazno salimos a competir\u00bb, dijo\u00a0<b>D\u00edaz Landoni.<\/b><\/span><\/div>\n<div><span title=\"Reproducir desde 9:48\"><b>\u00abF<\/b>undamos aquel sue\u00f1o<\/span>\u00a0<span title=\"Reproducir desde 9:51\">y le pusimos\u00a0<\/span><span title=\"Reproducir desde 9:55\">el n\u00famero de la lista 25,\u00a0<\/span><span title=\"Reproducir desde 9:57\">porque el proyecto no era para ese a\u00f1o,\u00a0<\/span><span title=\"Reproducir desde 10:00\">sino que era a 10 a\u00f1os,\u00a0<\/span><span title=\"Reproducir desde 10:02\">y era el 2025.<\/span>\u00a0<span title=\"Reproducir desde 10:05\">Por eso la lista es 25<\/span>\u00a0<span title=\"Reproducir desde 10:07\">y se denomin\u00f3\u00a0<b>Espacio 25.<\/b>\u00a0<\/span><span title=\"Reproducir desde 10:11\">Ese sue\u00f1o que para muchos<\/span>\u00a0<span title=\"Reproducir desde 10:17\">era un trayecto largo,\u00a0<\/span><span title=\"Reproducir desde 10:19\">hoy creo que se va a empezar a cumplir, y\u00a0<\/span><span title=\"Reproducir desde 10:23\">estoy seguro que se va a cumplir.<\/span>\u00a0<span title=\"Reproducir desde 10:27\">Durante el 2016, 2017,<\/span>\u00a0<span title=\"Reproducir desde 10:29\">algunas diferencias pol\u00edticas<\/span>\u00a0<span title=\"Reproducir desde 10:32\">que se fueron generando<\/span>\u00a0<span title=\"Reproducir desde 10:34\">nos separaron circunstancialmente.\u00a0<\/span><span title=\"Reproducir desde 10:37\">Esa separaci\u00f3n dur\u00f3 algunos a\u00f1os,\u00a0<\/span><span title=\"Reproducir desde 10:41\">pero la separaci\u00f3n fue pol\u00edtica,\u00a0<\/span>\u00a0<span title=\"Reproducir desde 10:44\">nunca personal.<\/span>\u00a0<span title=\"Reproducir desde 10:46\">Por tanto, fue f\u00e1cil poder juntarnos a conversar,\u00a0<\/span><span title=\"Reproducir desde 10:50\">fue f\u00e1cil ponernos de acuerdo<\/span>\u00a0<span title=\"Reproducir desde 10:54\">y les puedo asegurar<\/span>\u00a0q<span title=\"Reproducir desde 10:55\">ue va a ser f\u00e1cil poder cumplir\u00a0<\/span><span title=\"Reproducir desde 10:59\">aquel sue\u00f1o que en aquel\u00a0<\/span><span title=\"Reproducir desde 10:59\">momento<\/span>\u00a0<span title=\"Reproducir desde 11:01\">era tan lejano<\/span>\u00a0<span title=\"Reproducir desde 11:02\">y hoy lo tenemos, como dec\u00eda (Jorge) Larra\u00f1aga, &#8216;<\/span><span title=\"Reproducir desde 11:05\">a tiro de lazo&#8217;.<\/span>\u00a0<span title=\"Reproducir desde 11:06\">Y no tengan la m\u00e1s m\u00ednima duda<\/span>\u00a0<span title=\"Reproducir desde 11:10\">que con los compa\u00f1eros<\/span>\u00a0<span title=\"Reproducir desde 11:13\">que nos acompa\u00f1an en el Sublema,\u00a0<\/span><span title=\"Reproducir desde 11:16\">con\u00a0<b>Fabrizio (Volpe),<\/b>\u00a0con\u00a0<b>Mart\u00edn (Viana),\u00a0<\/b>con\u00a0<b>Nacho (Ignacio Salaberry)<\/b>, con\u00a0<\/span><b><span title=\"Reproducir desde 11:19\">V\u00edctor (<\/span>Giudici:<\/b><span title=\"Reproducir desde 11:19\"><b>)<\/b>\u00a0en el Carmen\u00a0<\/span><span title=\"Reproducir desde 11:22\">y con otros compa\u00f1eros\u00a0<\/span><span title=\"Reproducir desde 11:24\">que estamos a\u00fan conversando<\/span>\u00a0<span title=\"Reproducir desde 11:26\">para poder incorporarlos en el Sublema,\u00a0<\/span><span title=\"Reproducir desde 11:33\">con todos sumados<\/span>\u00a0a<span title=\"Reproducir desde 11:36\">l Espacio 25,\u00a0<\/span><span title=\"Reproducir desde 11:39\">el 11 de mayo<\/span>\u00a0<span title=\"Reproducir desde 11:41\">vamos a ganar la Intendencia\u00bb.<\/span><\/div>\n<div>\n<div><span style=\"color: #000000; font-size: large;\"><b>D\u00edaz Landoni no integrar\u00e1\u00a0el ejecutivo<\/b><\/span><\/div>\n<div dir=\"auto\"><span style=\"color: #000000; font-size: large;\"><b>\u00a0<\/b><\/span><\/div>\n<div><span style=\"color: #000000; font-size: large;\">Por su parte el experimentado dirigente pol\u00edtico,\u00a0de vasta trayectoria en el legislativo duraznense, confirm\u00f3 a\u00a0<b>P\u00e1gina Cero,<\/b>\u00a0que en un eventual\u00a0<b>gobierno departamental de Domingo Rielli,<\/b>\u00a0no asumir\u00e1 cargos en el ejecutivo y mantendr\u00e1 su rol como legislador departamental.<\/span><\/div>\n<div><span style=\"color: #000000; font-size: large;\">Empero, enfatiz\u00f3 que desde el recinto de ediles, continuar\u00e1 con sus proyectos\u00a0y planteos en procura de concretar mejoras y bienestar para la comunidad duraznense.<\/span><\/div>\n<div dir=\"auto\"><span style=\"color: #000000; font-size: large;\">\u00a0<\/span><\/div>\n<div><b>Salaberry: \u00abCultura y terapias alternativas\u00bb<\/b><\/div>\n<div dir=\"auto\"><b>*<\/b>En principio el agrade<span title=\"Reproducir desde 12:04\">cimiento,\u00a0<\/span><span title=\"Reproducir desde 12:07\">tanto a\u00a0<b>Domingo (Rielli),\u00a0<\/b>como a<b>\u00a0Gabriel<\/b><\/span><b>\u00a0(D\u00edaz Landoni),\u00a0<\/b><span title=\"Reproducir desde 12:10\">por permitirnos llevar adelante una lista,\u00a0<\/span><span title=\"Reproducir desde 12:18\">ese sue\u00f1o de mucho tiempo, quiz\u00e1s<\/span><span title=\"Reproducir desde 12:21\">\u00a0para los que estamos en la vuelta<\/span>\u00a0<span title=\"Reproducir desde 12:23\">y como dec\u00eda Domingo,\u00a0<\/span><span title=\"Reproducir desde 12:25\">a veces generando opiniones<\/span>\u00a0<span title=\"Reproducir desde 12:27\">y a veces con charlas<\/span>\u00a0<span title=\"Reproducir desde 12:31\">que siempre apuntan a hacer las cosas mejores<\/span>\u00a0<span title=\"Reproducir desde 12:34\">a m\u00ed desde la parte personal. M<\/span><span title=\"Reproducir desde 12:38\">e identifico mucho con la<b>\u00a0parte cultural<\/b>,\u00a0<\/span><span title=\"Reproducir desde 12:40\">que me parece que Durazno<\/span>\u00a0<span title=\"Reproducir desde 12:45\">merece y necesita un cambio radical<\/span><span title=\"Reproducir desde 12:50\">\u00a0en muchos casos;\u00a0<\/span>\u00a0<span title=\"Reproducir desde 12:52\">necesita cambios profundos,\u00a0<\/span>\u00a0<span title=\"Reproducir desde 12:55\">en tiempos donde por distintas situaciones<\/span>\u00a0<span title=\"Reproducir desde 12:59\">todo ha ido cambiando<\/span>\u00a0\u00a0<span title=\"Reproducir desde 13:02\">y creo que se pueden hacer mucho mejor<\/span>\u00a0<span title=\"Reproducir desde 13:04\">las cosas para Durazno,\u00a0<\/span><span title=\"Reproducir desde 13:05\">y que Durazno est\u00e1 en un momento justo<\/span>\u00a0<span title=\"Reproducir desde 13:09\">tambi\u00e9n para que esos cambios sucedan<\/span>\u00a0<span title=\"Reproducir desde 13:12\">y de la mejor manera;\u00a0<\/span>\u00a0<span title=\"Reproducir desde 13:13\">eso es lo que venimos nosotros con la (Lista) 118,<\/span>\u00a0<span title=\"Reproducir desde 13:17\">a tratar de hacer escuchar\u00bb.<\/span><\/div>\n<div dir=\"auto\"><span title=\"Reproducir desde 4:29\"><span title=\"Reproducir desde 5:59\"><span title=\"Reproducir desde 8:18\"><span title=\"Reproducir desde 10:59\">\u00abTambi\u00e9n\u00a0<span title=\"Reproducir desde 13:21\">tenemos<\/span>\u00a0<span title=\"Reproducir desde 13:26\">el plus de nuestra lista,\u00a0<\/span><span title=\"Reproducir desde 13:28\">que es el trabajo con\u00a0<b>Ana Fagoaga,<\/b>\u00a0q<\/span><span title=\"Reproducir desde 13:32\">ue me acompa\u00f1a en la lista. T<\/span><span title=\"Reproducir desde 13:35\">enemos el trabajo de las\u00a0<b>terapias alternativas,<\/b>\u00a0<\/span><span title=\"Reproducir desde 13:39\">que es algo que nosotros queremos poner sobre la mesa,\u00a0<\/span><span title=\"Reproducir desde 13:41\">porque consideramos que es fundamental<\/span>\u00a0<span title=\"Reproducir desde 13:44\">para los tiempos que vienen. Hoy que se\u00a0<\/span><span title=\"Reproducir desde 13:46\">habla tanto de salud mental<\/span>\u00a0\u00a0<span title=\"Reproducir desde 13:49\">y de c\u00f3mo encarar las distintas situaciones sociales,\u00a0<\/span><span title=\"Reproducir desde 13:53\">nosotros creemos que<\/span><\/span><\/span><\/span><\/span><span title=\"Reproducir desde 13:53\">\u00a0con las terapias alternativas<\/span>\u00a0<span title=\"Reproducir desde 13:57\">se cumple con algo muy importante<\/span>\u00a0para\u00a0<span title=\"Reproducir desde 14:00\">tratar de reconocer a veces<\/span>\u00a0\u00a0<span title=\"Reproducir desde 14:03\">los problemas que todos estamos pasando\u00bb.<\/span><\/div>\n<\/div>\n<div><\/div>\n<div><span title=\"Reproducir desde 14:28\"><b>Viana: \u00abllevar a cabo las propuestas\u00bb<\/b><\/span><\/div>\n<div>\u00abM<span title=\"Reproducir desde 14:33\">uy contento por este paso que estamos dando hoy,\u00a0<\/span><span title=\"Reproducir desde 14:37\">en este trabajo rumbo a mayo\u00a0<\/span><span title=\"Reproducir desde 14:40\">me sent\u00eda muy identificado con lo que estaba diciendo Domingo<\/span>\u00a0(Rielli), p<span title=\"Reproducir desde 14:43\">orque mis inicios en la pol\u00edtica fueron hace 10 a\u00f1os,\u00a0<\/span>\u00a0<span title=\"Reproducir desde 14:46\">en aquel comit\u00e9 en (calle) Lavalleja,\u00a0<\/span><span title=\"Reproducir desde 14:48\">cuando justamente con uno de los primeros que hablo<\/span>\u00a0<span title=\"Reproducir desde 14:52\">para involucrarme en pol\u00edtica es con Domingo,\u00a0<\/span><span title=\"Reproducir desde 14:55\">y de ah\u00ed comienza toda mi trayectoria dentro de la pol\u00edtica<\/span>\u00a0<span title=\"Reproducir desde 14:59\">y son dos grandes referentes que uno tiene<\/span>\u00a0<span title=\"Reproducir desde 15:01\">en el momento de trabajar y de caminar<\/span>\u00a0<span title=\"Reproducir desde 15:04\">en esta linda labor que tenemos,\u00a0<\/span><span title=\"Reproducir desde 15:06\">tanto Domingo, como Gabriel,\u00a0<\/span><span title=\"Reproducir desde 15:09\">y me sumo a todo lo que ellos dijeron. Destacar\u00a0<\/span><span title=\"Reproducir desde 15:13\">algo muy importante,\u00a0<\/span><span title=\"Reproducir desde 15:17\">que me pone contento estar ac\u00e1,\u00a0<\/span><span title=\"Reproducir desde 15:18\">que es un v\u00ednculo afectivo\u00a0<\/span><span title=\"Reproducir desde 15:20\">que yo siempre he tenido con Domingo, con su familia<\/span>\u00a0\u00a0<span title=\"Reproducir desde 15:22\">y que eso nunca lo ha utilizado<\/span>\u00a0p<span title=\"Reproducir desde 15:26\">ara inculcarlo en la pol\u00edtica,\u00a0<\/span><span title=\"Reproducir desde 15:28\">eso me parece que es muy noble y muy destacable,\u00a0<\/span><span title=\"Reproducir desde 15:31\">y en el momento que llegamos ac\u00e1<\/span>\u00a0<span title=\"Reproducir desde 15:34\">estamos convencidos de que\u00a0<b>Domingo<\/b><\/span><b>\u00a0(Rielli),<\/b>\u00a0<span title=\"Reproducir desde 15:36\">va a poner todo de s\u00ed para que nuestras<b>\u00a0propuestas,<\/b><\/span><b>\u00a0<span title=\"Reproducir desde 15:39\">tanto en lo deportivo, en lo cultural, en lo social,\u00a0<\/span><\/b><span title=\"Reproducir desde 15:43\">donde nosotros estamos involucrados,\u00a0<\/span><span title=\"Reproducir desde 15:45\">se puedan llevar a cabo,<\/span>\u00a0<span title=\"Reproducir desde 15:47\">y me pone muy contento poder trabajar<\/span>\u00a0<span title=\"Reproducir desde 15:49\">camino a mayo y con este equipo<\/span>\u00a0<span title=\"Reproducir desde 15:51\">seamos los que impulsemos junto al resto,\u00a0<\/span><span title=\"Reproducir desde 15:55\">a que Domingo llegue victorioso al 11 de mayo\u00bb.<\/span><\/div>\n<div><\/div>\n<div><b>Volpe: \u00abnos toca ser protagonistas\u00bb<\/b><\/div>\n<div>\u00abM<span title=\"Reproducir desde 16:19\">uch\u00edsimas gracias primero por el recibimiento, realmente<\/span><span title=\"Reproducir desde 16:21\">\u00a0muy familiar,\u00a0<\/span><span title=\"Reproducir desde 16:25\">y estamos en una \u00e9poca, en una etapa<\/span>\u00a0<span title=\"Reproducir desde 16:28\">en la cual se cierra un ciclo<\/span>\u00a0<span title=\"Reproducir desde 16:30\">que ha durado 25 a\u00f1os<\/span>\u00a0<span title=\"Reproducir desde 16:33\">y empezamos a escribir otra p\u00e1gina de la historia de Durazno. Nos\u00a0<\/span><span title=\"Reproducir desde 16:37\">toca a todos nosotros de alguna manera<\/span>\u00a0<span title=\"Reproducir desde 16:39\">ser protagonistas de otra historia,\u00a0<\/span><span title=\"Reproducir desde 16:43\">que va a comenzar a partir de ahora;\u00a0<\/span><span title=\"Reproducir desde 16:45\">ojal\u00e1 que sea con nosotros<\/span>\u00a0<span title=\"Reproducir desde 16:47\">y para eso lo tenemos que hacer con la gente.\u00a0<\/span><span title=\"Reproducir desde 16:50\"><b>Domingo (Rielli),<\/b>\u00a0seguramente se acuerda<\/span>\u00a0<span title=\"Reproducir desde 16:53\">que hace mucho tiempo, hace 10 a\u00f1os o m\u00e1s,\u00a0<\/span><span title=\"Reproducir desde 16:56\">yo ten\u00eda un proyecto que ten\u00eda que ver con algo musical<\/span>\u00a0<span title=\"Reproducir desde 17:00\">y \u00e9l estaba como Intendente interino y entonces\u00a0<\/span><span title=\"Reproducir desde 17:03\">me dice<\/span>\u00a0&#8216;<span title=\"Reproducir desde 17:04\">c\u00f3mo no Fabri, te recibo&#8217;;\u00a0<\/span><span title=\"Reproducir desde 17:07\">digo no, no, yo quiero que vengas a mi casa,\u00a0<\/span><span title=\"Reproducir desde 17:10\">y Domingo fue a mi casa, y<\/span><span title=\"Reproducir desde 17:12\">\u00a0desde ese momento<\/span>\u00a0<span title=\"Reproducir desde 17:14\">sent\u00ed como algo muy familiar justamente<\/span>\u00a0m<span title=\"Reproducir desde 17:17\">uy cercano,\u00a0<\/span><span title=\"Reproducir desde 17:18\">desde ese momento pasaron much\u00edsimas cosas;\u00a0<\/span>\u00a0<span title=\"Reproducir desde 17:22\">ya nos conoc\u00edamos, despu\u00e9s trabajamos en<\/span><span title=\"Reproducir desde 17:25\">\u00a0los medios de comunicaci\u00f3n<\/span>\u00a0<span title=\"Reproducir desde 17:27\">y en este tiempo<\/span>\u00a0<span title=\"Reproducir desde 17:29\">en el cual las cosas van a cambiar<\/span>\u00a0<span title=\"Reproducir desde 17:32\">y nos toca a nosotros, a esta generaci\u00f3n precisamente<\/span>\u00a0<span title=\"Reproducir desde 17:35\">cambiar la historia,\u00a0<\/span><span title=\"Reproducir desde 17:38\">not\u00e9 como ese &#8216;brillito&#8217; en los ojos,\u00a0<\/span><span title=\"Reproducir desde 17:40\">igual que Gabriel;\u00a0<\/span><span title=\"Reproducir desde 17:43\">esas ganas, ese impulso<\/span><span title=\"Reproducir desde 17:45\">\u00a0eso me parece que es lo que<\/span>\u00a0<span title=\"Reproducir desde 17:49\">contagia tambi\u00e9n a la gente,\u00a0<\/span><span title=\"Reproducir desde 17:50\">y ojal\u00e1 nosotros logremos contagiar<\/span><span title=\"Reproducir desde 17:52\">a nuestros vecinos para que nos acompa\u00f1en;\u00a0<\/span><span title=\"Reproducir desde 17:56\">creo que ah\u00ed es donde est\u00e1 la clave<\/span>\u00a0<span title=\"Reproducir desde 17:57\">y lo que le pedimos a la gente es que<\/span>\u00a0<span title=\"Reproducir desde 17:59\">somos vecinos,\u00a0<\/span><span title=\"Reproducir desde 18:01\">y gente que quiere hacer las cosas bien,\u00a0<\/span><span title=\"Reproducir desde 18:03\">que hace 10 a\u00f1os que viene trabajando con este proyecto,\u00a0<\/span><span title=\"Reproducir desde 18:06\">junto a los amigos que nos est\u00e1n acompa\u00f1ando<\/span>\u00a0<span title=\"Reproducir desde 18:09\">el d\u00eda de hoy, que tambi\u00e9n vemos la sonrisa,<\/span>\u00a0<span title=\"Reproducir desde 18:11\">las caras, los gui\u00f1os;\u00a0<\/span><span title=\"Reproducir desde 18:13\">todo eso nos impulsa<\/span>\u00a0y\u00a0<span title=\"Reproducir desde 18:15\">realmente tambi\u00e9n nos pone la presi\u00f3n<\/span>\u00a0<span title=\"Reproducir desde 18:19\">y la responsabilidad de poder llevarlo adelante. Ojal\u00e1<\/span><span title=\"Reproducir desde 18:21\">\u00a0que estemos a la altura\u00bb.<\/span><\/div>\n<div><span title=\"Reproducir desde 18:21\">\u00a0<\/span><\/div>\n<div><b>Giudici: \u00abn<span title=\"Reproducir desde 20:38\">os sentimos muy respaldados<\/span><span title=\"Reproducir desde 20:44\">\u00ab<\/span><\/b><\/div>\n<div><span title=\"Reproducir desde 18:42\">\u00abNosotros desde Carmen,\u00a0<\/span><span title=\"Reproducir desde 18:45\">nuestra agrupaci\u00f3n, la\u00a0<b>3025 B<\/b>,\u00a0<\/span><span title=\"Reproducir desde 18:48\">estamos trabajando en pol\u00edtica desde<\/span><span title=\"Reproducir desde 18:51\">\u00a0el (a\u00f1o) 2019. Ve\u00edamos\u00a0<\/span><span title=\"Reproducir desde 18:54\">la pol\u00edtica antes,\u00a0<\/span><span title=\"Reproducir desde 18:56\">desde un punto de vista cr\u00edtico\u00a0<\/span><span title=\"Reproducir desde 18:59\">obviamente,\u00a0<\/span><span title=\"Reproducir desde 19:01\">pero un d\u00eda conversando con amigos<\/span>\u00a0<span title=\"Reproducir desde 19:04\">y con familia,\u00a0<\/span><span title=\"Reproducir desde 19:06\">empezamos a intercambiar ideas<\/span>\u00a0<span title=\"Reproducir desde 19:08\">y dijimos, por qu\u00e9<\/span>\u00a0<span title=\"Reproducir desde 19:09\">vamos solo a criticar,\u00a0<\/span><span title=\"Reproducir desde 19:11\">y por qu\u00e9 no nos metemos en el juego<\/span>\u00a0<span title=\"Reproducir desde 19:13\">y a ver que si es tan f\u00e1cil como pensamos desde afuera\u00bb, \u00ab<\/span><span title=\"Reproducir desde 19:21\">entonces dijimos, no, nosotros vamos a meternos al agua<\/span>\u00a0<span title=\"Reproducir desde 19:24\">y nos encargamos de tener un grupo de gente honesta<\/span><span title=\"Reproducir desde 19:28\">;\u00a0<\/span><span title=\"Reproducir desde 19:29\">primera condici\u00f3n;\u00a0<\/span>\u00a0<span title=\"Reproducir desde 19:31\">muy cr\u00edtica, sumamente cr\u00edtica,<\/span>\u00a0<span title=\"Reproducir desde 19:33\">pero a la vez resolutiva<\/span>\u00a0<span title=\"Reproducir desde 19:35\">y de tomar acci\u00f3n,\u00a0<\/span><span title=\"Reproducir desde 19:39\">no solamente quedarse en el &#8216;bla bla&#8217;,\u00a0<\/span><span title=\"Reproducir desde 19:41\">sino gente que<\/span>\u00a0<span title=\"Reproducir desde 19:43\">encontrara el problema, encontrara la forma de resolverlo<\/span>\u00a0<span title=\"Reproducir desde 19:45\">y estuviera dispuesta a hacer lo que sea<\/span>\u00a0<span title=\"Reproducir desde 19:48\">para mejorar<\/span>\u00a0<span title=\"Reproducir desde 19:48\">la sociedad en la que vivimos,\u00a0<\/span><span title=\"Reproducir desde 19:51\">porque creo, creemos<\/span>\u00a0<span title=\"Reproducir desde 19:53\">desde el grupo que tenemos<\/span>\u00a0<span title=\"Reproducir desde 19:54\">que uno solo no crece<\/span>\u00a0<span title=\"Reproducir desde 19:56\">y no nos sirve crecer solo,\u00a0<\/span><span title=\"Reproducir desde 19:58\">tenemos que crecer como sociedad, porque si<\/span><span title=\"Reproducir desde 20:01\">\u00a0yo crezco y crecen los de al lado,\u00a0<\/span><span title=\"Reproducir desde 20:03\">me lo van a devolver en alg\u00fan momento;\u00a0<\/span><span title=\"Reproducir desde 20:06\">es algo<\/span>\u00a0<span title=\"Reproducir desde 20:07\">mutuo, es algo<\/span>\u00a0<span title=\"Reproducir desde 20:09\">que nos gusta ver y aportar,\u00a0<\/span><span title=\"Reproducir desde 20:11\">y desde esa premisa,\u00a0<\/span><span title=\"Reproducir desde 20:13\">desde esas bases,<\/span>\u00a0<span title=\"Reproducir desde 20:14\">hemos ido creando un grupo\u00a0<\/span><span title=\"Reproducir desde 20:16\">y hemos venido creciendo<\/span>\u00a0<span title=\"Reproducir desde 20:18\">hace ya 6 a\u00f1os que venimos trabajando\u00bb.<\/span><\/div>\n<div>Coment\u00f3 luego que a instancias de\u00a0<b>D\u00edaz Landoni,<\/b>\u00a0se aperson\u00f3 a<b>\u00a0Rielli\u00a0<\/b>y a su sector\u00a0<b>Lista 25,<\/b>\u00a0manteniendo reuniones, \u00ab<span title=\"Reproducir desde 20:26\">nos invita a hablar<\/span>\u00a0<span title=\"Reproducir desde 20:28\">con Domingo<\/span>\u00a0<span title=\"Reproducir desde 20:30\">y se lo propongo<\/span>\u00a0<span title=\"Reproducir desde 20:32\">al grupo y me dice el grupo, s<\/span><span title=\"Reproducir desde 20:33\">i te respetan las propuestas<\/span>\u00a0<span title=\"Reproducir desde 20:35\">y estaban impecables, primero,\u00a0<\/span><span title=\"Reproducir desde 20:38\">nos sentimos<\/span>\u00a0<span title=\"Reproducir desde 20:39\">muy respaldados,\u00a0<\/span><span title=\"Reproducir desde 20:42\">nos recibieron\u00a0<\/span><span title=\"Reproducir desde 20:44\">muy abiertos al di\u00e1logo\u00bb.<\/span><\/div>\n<div><span title=\"Reproducir desde 20:51\">\u00abQueremos que nos den\u00a0<\/span><span title=\"Reproducir desde 20:52\">la oportunidad de crecer,\u00a0<\/span><span title=\"Reproducir desde 20:54\">de aplicar nuestras ideas<\/span>\u00a0<span title=\"Reproducir desde 20:57\">y de mostrar<\/span>\u00a0<span title=\"Reproducir desde 20:59\">un camino que a veces cuando sos joven<\/span>\u00a0<span title=\"Reproducir desde 21:01\">en pol\u00edtica<\/span>\u00a0<span title=\"Reproducir desde 21:02\">no es tan f\u00e1cil abrirse el camino<\/span>\u00a0<span title=\"Reproducir desde 21:04\">y nos van a dar ese voto de confianza<\/span>\u00a0<span title=\"Reproducir desde 21:07\">que nosotros lo vamos a ver honrar<\/span>\u00a0<span title=\"Reproducir desde 21:10\">entrando en la cancha y dando todo de nosotros<\/span>\u00a0<span title=\"Reproducir desde 21:12\">como equipo<\/span>\u00a0<span title=\"Reproducir desde 21:14\">y buscando llegar al objetivo principal<\/span>\u00a0<span title=\"Reproducir desde 21:17\">que es el 11 de mayo<\/span>\u00a0<span title=\"Reproducir desde 21:18\">tener a Domingo Rielli como Intendente;\u00a0<\/span><span title=\"Reproducir desde 21:22\">agradecido, hablo por\u00a0<\/span><span title=\"Reproducir desde 21:24\">todo nuestro grupo en Ciudad del Carmen, que muchos\u00a0<\/span><span title=\"Reproducir desde 21:26\">no pudieron venir,\u00a0<\/span><span title=\"Reproducir desde 21:28\">pero que nos respaldan 100%\u00bb.<\/span><\/div>\n","protected":false},"excerpt":{"rendered":"<p>El candidato a la\u00a0Intendencia de Durazno,\u00a0y actual\u00a0Diputado,\u00a0el nacionalista,\u00a0Jos\u00e9 Domingo Rielli San Mart\u00edn,\u00a0realiz\u00f3 ayer el anuncio de la\u00a0incorporaci\u00f3n de cinco nuevas agrupaciones a su postulaci\u00f3n con el sector\u00a0Lista 25\u00a0de cara a las\u00a0elecciones del domingo 11 de mayo.<\/p>\n","protected":false},"author":4,"featured_media":6584,"comment_status":"closed","ping_status":"closed","sticky":false,"template":"","format":"standard","meta":{"footnotes":""},"categories":[5],"tags":[],"class_list":["post-6583","post","type-post","status-publish","format-standard","has-post-thumbnail","hentry","category-durazno"],"_links":{"self":[{"href":"https:\/\/paginacero.com.uy\/index.php?rest_route=\/wp\/v2\/posts\/6583","targetHints":{"allow":["GET"]}}],"collection":[{"href":"https:\/\/paginacero.com.uy\/index.php?rest_route=\/wp\/v2\/posts"}],"about":[{"href":"https:\/\/paginacero.com.uy\/index.php?rest_route=\/wp\/v2\/types\/post"}],"author":[{"embeddable":true,"href":"https:\/\/paginacero.com.uy\/index.php?rest_route=\/wp\/v2\/users\/4"}],"replies":[{"embeddable":true,"href":"https:\/\/paginacero.com.uy\/index.php?rest_route=%2Fwp%2Fv2%2Fcomments&post=6583"}],"version-history":[{"count":2,"href":"https:\/\/paginacero.com.uy\/index.php?rest_route=\/wp\/v2\/posts\/6583\/revisions"}],"predecessor-version":[{"id":6586,"href":"https:\/\/paginacero.com.uy\/index.php?rest_route=\/wp\/v2\/posts\/6583\/revisions\/6586"}],"wp:featuredmedia":[{"embeddable":true,"href":"https:\/\/paginacero.com.uy\/index.php?rest_route=\/wp\/v2\/media\/6584"}],"wp:attachment":[{"href":"https:\/\/paginacero.com.uy\/index.php?rest_route=%2Fwp%2Fv2%2Fmedia&parent=6583"}],"wp:term":[{"taxonomy":"category","embeddable":true,"href":"https:\/\/paginacero.com.uy\/index.php?rest_route=%2Fwp%2Fv2%2Fcategories&post=6583"},{"taxonomy":"post_tag","embeddable":true,"href":"https:\/\/paginacero.com.uy\/index.php?rest_route=%2Fwp%2Fv2%2Ftags&post=6583"}],"curies":[{"name":"wp","href":"https:\/\/api.w.org\/{rel}","templated":true}]}}