{"id":6580,"date":"2025-03-14T10:57:37","date_gmt":"2025-03-14T13:57:37","guid":{"rendered":"https:\/\/paginacero.com.uy\/?p=6580"},"modified":"2025-03-14T10:57:37","modified_gmt":"2025-03-14T13:57:37","slug":"cardos-rugby-de-durazno-comienza-la-temporada-25","status":"publish","type":"post","link":"https:\/\/paginacero.com.uy\/?p=6580","title":{"rendered":"Cardos Rugby de Durazno comienza la temporada &#8217;25"},"content":{"rendered":"<p><strong>El equipo duraznense Cardos, competir\u00e1 por primera vez en la Copa \u00abCharr\u00faa\u00bb, categor\u00eda M15 del Rugby Nacional, que se realizar\u00e1 desde finales del presente mes, hasta Agosto.<\/strong><!--more--><\/p>\n<div id=\"geom_inter_1741960565615_33_17\" dir=\"auto\" data-olk-copy-source=\"MessageBody\">El primer partido ser\u00e1 de local el pr\u00f3ximo 30 de marzo ante el Club Lions, inform\u00f3 la Prof. Luciana Rodr\u00edguez, docente encargada del plantel.<\/div>\n<div dir=\"auto\"><\/div>\n<div id=\"geom_inter_1741960565616_67_18\" dir=\"auto\">Previamente el domingo 16 de marzo, Cardos realizar\u00e1 partidos de preparaci\u00f3n en Canelones, contra el local y contra el Club La Olla de Florida.<\/div>\n<div id=\"geom_inter_1741960565616_70_19\" dir=\"auto\"><\/div>\n<div dir=\"auto\">Plantel de Cardos M15<\/div>\n<div id=\"geom_inter_1741960601613_59_20\" dir=\"auto\">Bautista Medina; Felipe Arjona; Lautaro Ber\u00f3n; Lautaro Gonz\u00e1lez; Lucas Arr\u00faa; Conrado Bessonart; Thiago Navas; Guillermo Bosch; Francisco Girreta; Mikael Cardozo; Nahuel Delgado; Manuel Milans;\u00a0 Valentino Portela; Vicente Da Silva; Angel Ferreira; Agust\u00edn Bargas; Axel \u00c1lvarez; Marcelo Peralta; Frank Fern\u00e1ndez; Nicol\u00e1s Cawen; Enzo Contreras; Lorenzo Olivera; Santino Rosano; Thiago Aguero y Mateo P\u00e9rez<\/div>\n<div dir=\"auto\">Cuerpo T\u00e9cnico: Luciana Rodr\u00edguez<\/div>\n<div dir=\"auto\"><\/div>\n<div id=\"geom_inter_1741960601614_44_21\" dir=\"auto\">El fixture marca los siguientes partidos:<\/div>\n<div dir=\"auto\">Fecha 1 Lions de Montevideo<\/div>\n<div dir=\"auto\">Fecha 2 Club Lobos de Punta del este<\/div>\n<div dir=\"auto\">Fecha 3 Carrasco Polo, actual Campe\u00f3n<\/div>\n<div dir=\"auto\">Fecha 4 Cuervos, de Montevideo<\/div>\n<div dir=\"auto\">Fecha 5 Champagnat , Montevideo<\/div>\n<div dir=\"auto\">Fecha 6 Monte VI<\/div>\n<div dir=\"auto\">Fecha 7 Tr\u00e9bol de Paysand\u00fa<\/div>\n<div dir=\"auto\">Fecha 8 Club C\u00edrculo de Tenis, Montevideo<\/div>\n<div id=\"geom_inter_1741960602618_78_22\" dir=\"auto\">Fecha 9 Colegio Stella Montevideo<\/div>\n<div dir=\"auto\">Fecha 10 Cricket , Montevideo<\/div>\n<div dir=\"auto\">Fecha 11 Psg<\/div>\n<div id=\"geom_inter_1741960602618_46_23\" dir=\"auto\">Fecha 12 British<\/div>\n<div dir=\"auto\"><\/div>\n<div id=\"geom_inter_1741960602618_37_24\" dir=\"auto\">Hasta el mes de agosto son los primeros cruces y el torneo se extiende hasta el mes de noviembre, con otros cruces, siendo posibles rivales equipos de Lavalleja; Florida; San Jos\u00e9.<\/div>\n","protected":false},"excerpt":{"rendered":"<p>El equipo duraznense Cardos, competir\u00e1 por primera vez en la Copa \u00abCharr\u00faa\u00bb, categor\u00eda M15 del Rugby Nacional, que se realizar\u00e1 desde finales del presente mes, hasta Agosto.<\/p>\n","protected":false},"author":4,"featured_media":6581,"comment_status":"closed","ping_status":"closed","sticky":false,"template":"","format":"standard","meta":{"footnotes":""},"categories":[12,5],"tags":[],"class_list":["post-6580","post","type-post","status-publish","format-standard","has-post-thumbnail","hentry","category-deporte","category-durazno"],"_links":{"self":[{"href":"https:\/\/paginacero.com.uy\/index.php?rest_route=\/wp\/v2\/posts\/6580","targetHints":{"allow":["GET"]}}],"collection":[{"href":"https:\/\/paginacero.com.uy\/index.php?rest_route=\/wp\/v2\/posts"}],"about":[{"href":"https:\/\/paginacero.com.uy\/index.php?rest_route=\/wp\/v2\/types\/post"}],"author":[{"embeddable":true,"href":"https:\/\/paginacero.com.uy\/index.php?rest_route=\/wp\/v2\/users\/4"}],"replies":[{"embeddable":true,"href":"https:\/\/paginacero.com.uy\/index.php?rest_route=%2Fwp%2Fv2%2Fcomments&post=6580"}],"version-history":[{"count":1,"href":"https:\/\/paginacero.com.uy\/index.php?rest_route=\/wp\/v2\/posts\/6580\/revisions"}],"predecessor-version":[{"id":6582,"href":"https:\/\/paginacero.com.uy\/index.php?rest_route=\/wp\/v2\/posts\/6580\/revisions\/6582"}],"wp:featuredmedia":[{"embeddable":true,"href":"https:\/\/paginacero.com.uy\/index.php?rest_route=\/wp\/v2\/media\/6581"}],"wp:attachment":[{"href":"https:\/\/paginacero.com.uy\/index.php?rest_route=%2Fwp%2Fv2%2Fmedia&parent=6580"}],"wp:term":[{"taxonomy":"category","embeddable":true,"href":"https:\/\/paginacero.com.uy\/index.php?rest_route=%2Fwp%2Fv2%2Fcategories&post=6580"},{"taxonomy":"post_tag","embeddable":true,"href":"https:\/\/paginacero.com.uy\/index.php?rest_route=%2Fwp%2Fv2%2Ftags&post=6580"}],"curies":[{"name":"wp","href":"https:\/\/api.w.org\/{rel}","templated":true}]}}