{"id":6577,"date":"2025-03-12T17:13:21","date_gmt":"2025-03-12T20:13:21","guid":{"rendered":"https:\/\/paginacero.com.uy\/?p=6577"},"modified":"2025-03-12T17:13:21","modified_gmt":"2025-03-12T20:13:21","slug":"comienza-la-temporada-2025-del-futbol-infantil","status":"publish","type":"post","link":"https:\/\/paginacero.com.uy\/?p=6577","title":{"rendered":"Comienza la temporada 2025 del f\u00fatbol Infantil\u00a0"},"content":{"rendered":"<p><strong>En la reuni\u00f3n celebrada el martes en \u00e9l sal\u00f3n multiuso del estadio \u00abJos\u00e9 Pedro Varela\u00bb, fueron fijados los detalles de la primera fecha del Torneo Apertura, temporada 2025 \u00abIntendencia Departamental de Durazno\u00bb.<\/strong><!--more--><\/p>\n<div dir=\"auto\"><span data-olk-copy-source=\"MessageBody\">La denominaci\u00f3n es \u00aben agradecimiento al apoyo recibido durante todo este tiempo por el ejecutivo departamental\u00bb, se indic\u00f3\u00a0<\/span><\/div>\n<div dir=\"auto\">El torneo Apertura llevar\u00e1 el nombre de qui\u00e9n fuera un gran colaborador \u00abPablo Nossar \u00abQuelo\u00bb, \u00abquien nos dejar\u00e1 f\u00edsicamente hace un tiempo, un ser \u00fanico, principal de empresa Nossar, que siempre ten\u00eda una soluci\u00f3n y jam\u00e1s dejaba de a pie, a nadie\u00bb.<\/div>\n<div dir=\"auto\"><\/div>\n<div><strong>Qued\u00f3 conformada la Comisi\u00f3n Fiscal.<\/strong><\/div>\n<div><\/div>\n<div>La mesa ejecutiva present\u00f3 a las Instituciones, los nombres de quienes integrar\u00e1n la Comisi\u00f3n Fiscal para esta Temporada 2025: Cr. Alvaro Estevez, Dr. Gerardo Michelena y\u00a0Nestor Torres.<\/div>\n<div>La Lanera comienza a disputar la fase regional del Campeonato Nacional de Clubes.<\/div>\n<div>Tambi\u00e9n se inform\u00f3 que la generaci\u00f3n 2013 del Club La Lanera, qui\u00e9n fuera el campe\u00f3n de la temporada 2024 en esa categor\u00eda, desde este fin de semana nos representa en el Campeonato Nacional de Clubes (mixto),<\/div>\n<div>organizado por la Organizaci\u00f3n Nacional de F\u00fatbol Infantil\u00a0 (ONFI).<\/div>\n<div>En esta primera fase regional, los rivales de nuestro representante ser\u00e1n Hurac\u00e1n de Paso de los Toros y Libertad de Sarand\u00ed del Yi.<\/div>\n<div>Lugares, fechas y fixture:<\/div>\n<div>En Sarand\u00ed del Yi, s\u00e1bado 15 de Marzo de 2025: Libertad-Hurac\u00e1n y domingo 16:\u00a0Libertad-La Lanera.<\/div>\n<div>En Durazno, s\u00e1bado 22 de Marzo: La Lanera-Libertad y domingo 23:\u00a0 La Lanera vs Hurac\u00e1n.<\/div>\n<div>En Paso de los Toros, s\u00e1bado 29 de Marzo:\u00a0Hurac\u00e1n-Libertad y domingo 30:\u00a0Hurac\u00e1n-La Lanera.<\/div>\n<div>Clasifica a las finales regionales, el equipo que sume la mayor cantidad de puntos.<\/div>\n<div>Por la Zona 5, donde se encuentra la Liga de F\u00fatbol Infantil Ciudad de Durazno (LFICD), en otra serie participan:\u00a0Sure\u00f1os de la Liga Tres Orillas (Canelones); Candil de la Liga de Florida; Campana de Libertad (San Jos\u00e9) y\u00a0Porvenir de Ciudad del Plata (San Jos\u00e9).<\/div>\n<div>El deseo de muchos \u00e9xitos para nuestro representante\u00bb, inform\u00f3 el \u00e1rea de Prensa de la LFICD.<\/div>\n","protected":false},"excerpt":{"rendered":"<p>En la reuni\u00f3n celebrada el martes en \u00e9l sal\u00f3n multiuso del estadio \u00abJos\u00e9 Pedro Varela\u00bb, fueron fijados los detalles de la primera fecha del Torneo Apertura, temporada 2025 \u00abIntendencia Departamental de Durazno\u00bb.<\/p>\n","protected":false},"author":4,"featured_media":6578,"comment_status":"closed","ping_status":"closed","sticky":false,"template":"","format":"standard","meta":{"footnotes":""},"categories":[5],"tags":[],"class_list":["post-6577","post","type-post","status-publish","format-standard","has-post-thumbnail","hentry","category-durazno"],"_links":{"self":[{"href":"https:\/\/paginacero.com.uy\/index.php?rest_route=\/wp\/v2\/posts\/6577","targetHints":{"allow":["GET"]}}],"collection":[{"href":"https:\/\/paginacero.com.uy\/index.php?rest_route=\/wp\/v2\/posts"}],"about":[{"href":"https:\/\/paginacero.com.uy\/index.php?rest_route=\/wp\/v2\/types\/post"}],"author":[{"embeddable":true,"href":"https:\/\/paginacero.com.uy\/index.php?rest_route=\/wp\/v2\/users\/4"}],"replies":[{"embeddable":true,"href":"https:\/\/paginacero.com.uy\/index.php?rest_route=%2Fwp%2Fv2%2Fcomments&post=6577"}],"version-history":[{"count":1,"href":"https:\/\/paginacero.com.uy\/index.php?rest_route=\/wp\/v2\/posts\/6577\/revisions"}],"predecessor-version":[{"id":6579,"href":"https:\/\/paginacero.com.uy\/index.php?rest_route=\/wp\/v2\/posts\/6577\/revisions\/6579"}],"wp:featuredmedia":[{"embeddable":true,"href":"https:\/\/paginacero.com.uy\/index.php?rest_route=\/wp\/v2\/media\/6578"}],"wp:attachment":[{"href":"https:\/\/paginacero.com.uy\/index.php?rest_route=%2Fwp%2Fv2%2Fmedia&parent=6577"}],"wp:term":[{"taxonomy":"category","embeddable":true,"href":"https:\/\/paginacero.com.uy\/index.php?rest_route=%2Fwp%2Fv2%2Fcategories&post=6577"},{"taxonomy":"post_tag","embeddable":true,"href":"https:\/\/paginacero.com.uy\/index.php?rest_route=%2Fwp%2Fv2%2Ftags&post=6577"}],"curies":[{"name":"wp","href":"https:\/\/api.w.org\/{rel}","templated":true}]}}