{"id":6571,"date":"2025-03-12T16:47:59","date_gmt":"2025-03-12T19:47:59","guid":{"rendered":"https:\/\/paginacero.com.uy\/?p=6571"},"modified":"2025-03-12T16:47:59","modified_gmt":"2025-03-12T19:47:59","slug":"jefe-de-policia-invistio-en-sus-cargos-a-los-mandos-superiores","status":"publish","type":"post","link":"https:\/\/paginacero.com.uy\/?p=6571","title":{"rendered":"Jefe de Polic\u00eda invisti\u00f3 en sus cargos a los mandos superiores"},"content":{"rendered":"<p>El\u00a0<b>Jefe de Polic\u00eda de Durazno, Crio. Gral. (R) Lic. Gabriel Lima<\/b>, que junto a sus pares en todo el pa\u00eds\u00a0asumi\u00f3 funciones con fecha 1\u00b0 de marzo de 2025,\u00a0confirm\u00f3 la designaci\u00f3n de los integrantes de la c\u00fapula que lo acompa\u00f1ar\u00e1n en la gesti\u00f3n. policial.<!--more--><\/p>\n<div dir=\"auto\"><span style=\"color: #000000; font-size: large;\" data-olk-copy-source=\"MessageBody\">La ceremonia se realiz\u00f3 ayer martes en la sede jefaturial, ubicada en calle Rivera frente a plaza Independencia, asistiendo\u00a0autoridades encabezadas por el Intendente,\u00a0<b>Lic. Carmelo Vidal\u00edn<\/b>; civiles, policiales, militares, justicia, p\u00fablico en general y medios de comunicaci\u00f3n.<\/span><\/div>\n<div dir=\"auto\"><span style=\"color: #000000; font-size: large;\">En la ocasi\u00f3n el nuevo jerarca hizo referencia a los objetivos que ya comenzaron a trazarse en materia de seguridad, en la lucha contra la delincuencia y el delito en general.<\/span><\/div>\n<div dir=\"auto\"><span style=\"color: #000000; font-size: large;\">Adem\u00e1s el<b>\u00a0Jefe, Gabriel Lima\u00a0<\/b>en<b>\u00a0<\/b>su oratoria, tambi\u00e9n resalt\u00f3 que se tendr\u00e1 especial consideraci\u00f3n con aquellos funcionarios que desarrollen de manera eficiente y efectiva la labor, empero, no habr\u00e1\u00a0contemplaciones en caso de advertirse alg\u00fan caso de corrupci\u00f3n dentro de la polic\u00eda.<\/span><\/div>\n<div dir=\"auto\"><span style=\"color: #000000; font-size: large;\">En el transcurso de sus palabras, se refiri\u00f3 a un reciente procedimiento (el primero de esas caracter\u00edsticas por parte del nuevo Comando), en el que se incautaron armas y se detuvo a personas que podr\u00edan estar vinculadas a hechos de apariencia delictiva.<\/span><\/div>\n<div><span style=\"font-size: large;\"><span style=\"color: #000000;\">\u00abA<\/span><span title=\"Reproducir desde 0:31\">ntes que nada quer\u00eda agradecer la presencia del se\u00f1or Intendente en este acto tan importante para la\u00a0<b>Polic\u00eda Nacional,<\/b>\u00a0y<\/span><span title=\"Reproducir desde 0:42\">\u00a0que la autoridad pol\u00edtica departamental est\u00e9 presente, nos honra, nos llena de orgullo y le estamos muy agradecidos al se\u00f1or Intendente.<\/span>\u00a0A<span title=\"Reproducir desde 0:50\">\u00a0todas las autoridades pol\u00edticas, ya sea del poder judicial, fiscales, colegas de armas, al personal, a todos los camaradas sin distinci\u00f3n de grado, a los medios de prensa y al p\u00fablico en general\u00bb, sostuvo.<\/span><\/span><\/div>\n<div><span style=\"font-size: large;\"><span title=\"Reproducir desde 0:50\">\u00abAntes\u00a0<\/span><span title=\"Reproducir desde 1:10\">de imponer en el cargo al\u00a0<b>se\u00f1or subjefe y al se\u00f1or coordinador,\u00a0<\/b>quiero dejar en claro que no est\u00e1n ac\u00e1 por estar.<\/span>\u00a0<span title=\"Reproducir desde 1:21\">Se hizo un estudio previo de las posibilidades de quienes pod\u00edan ocupar esos cargos y ambos re\u00fanen lo necesario que necesitamos en el departamento<\/span>\u00a0<span title=\"Reproducir desde 1:30\">para combatir a la criminalidad, para atender al p\u00fablico y dar respuesta a la poblaci\u00f3n que para eso estamos.<\/span>\u00a0N<span title=\"Reproducir desde 1:39\">osotros existimos por y para la poblaci\u00f3n, no hay otro motivo de que exista la polic\u00eda nacional\u00bb, mencion\u00f3.<\/span><\/span><\/div>\n<div dir=\"auto\">\n<div><\/div>\n<p><span style=\"font-size: large;\"><span style=\"color: #000000;\">\u00ab<span title=\"Reproducir desde 1:48\">Asimismo quiero agradecer a los diferentes medios de prensa que hemos estado charlando, mostr\u00e1ndoles cu\u00e1les son las directivas, los pasos a seguir con este equipo de trabajo,\u00a0<\/span><span title=\"Reproducir desde 1:59\">porque en realidad esto es un equipo de trabajo, ac\u00e1 no hay un jefe de polic\u00eda, un subjefe y un agente de la \u00faltima seccional del departamento, ac\u00e1 hay un equipo de trabajo.<\/span>\u00a0<span title=\"Reproducir desde 2:09\">Todo lo que sea favorable, todo lo que sea positivo es m\u00e9rito de los polic\u00edas y todo lo que salga mal es responsabilidad m\u00eda porque soy el Jefe.<\/span>\u00a0Y<span title=\"Reproducir desde 2:18\">\u00a0no son simples palabras; en los destinos que he estado anteriormente me conocen, saben que soy de defender a todos mis camaradas sin distinci\u00f3n de grado,\u00a0<\/span><span title=\"Reproducir desde 2:27\">y de ir y de utilizar todos los medios posibles cuando un polic\u00eda es corrupto,\u00a0\u00a0que es sacarlo de la instituci\u00f3n. Vengo\u00a0<\/span><span title=\"Reproducir desde 2:37\">de familia policial, mi padre fue de escala b\u00e1sica, se retir\u00f3 como suboficial mayor, yo fui personal de escala b\u00e1sica antes de entrar a la\u00a0<b>Escuela de Cadetes,<\/b>\u00a0<\/span><span title=\"Reproducir desde 2:46\">o sea que estuve de los dos lados y ac\u00e1 el Comando no vino a realizar ninguna acci\u00f3n que pueda perjudicar el buen accionar que tiene que tener la polic\u00eda con la poblaci\u00f3n.<\/span>\u00a0<span title=\"Reproducir desde 2:57\">Por eso, m\u00e1s all\u00e1 de que ya tuvimos reuniones con diferentes oficiales y con diferente personal, quer\u00eda dejarlo tambi\u00e9n asentado ac\u00e1.\u00bb, dijo, al tiempo que felicit\u00f3 \u00ab<\/span><span title=\"Reproducir desde 3:07\">al personal que actu\u00f3 hoy (por el martes). Estuvimos haciendo una serie de allanamientos simult\u00e1neos en b\u00fasqueda de armas;\u00a0<\/span><span title=\"Reproducir desde 3:18\">logramos el objetivo, logramos incautar armas, logramos detener personas, logramos incautar estupefacientes;\u00a0<\/span><span title=\"Reproducir desde 3:25\">es el primer paso de la larga carrera que mientras estemos en este lugar vamos a ejecutar\u00bb, remarc\u00f3, Lima.<\/span><\/span><\/span><\/p>\n<div><\/div>\n<p><span style=\"font-size: large;\"><span style=\"color: #000000;\">\u00ab<span title=\"Reproducir desde 3:32\">Por ende, como se castiga a quien se equivoca, se premia a los que hacen las cosas bien,\u00a0<\/span><span title=\"Reproducir desde 3:37\">y el personal va a tener un d\u00eda de licencia extraordinario otorgado por este Comando, todos los que actuaron\u00bb, anunci\u00f3 y seguidamente procedi\u00f3 a imponer en el cargo a los oficiales que desde ahora integran la c\u00fapula policial del departamento de Durazno, \u00abvoy a<\/span><\/span><span title=\"Reproducir desde 3:46\">\u00a0imponer en el cargo al se\u00f1or subjefe y al se\u00f1or coordinador ejecutivo.<\/span>\u00a0<span title=\"Reproducir desde 3:55\">De acuerdo a resoluciones ministeriales que se terminan de leer,<\/span>\u00a0<span title=\"Reproducir desde 3:59\">impongo en el cargo como subjefe de polic\u00eda de Durazno al c<b>omisario mayor Alexis Daniel Duarte dos Santos<\/b><\/span><b>\u00a0<\/b><span title=\"Reproducir desde 4:06\"><b>y como director de coordinaci\u00f3n ejecutiva al comisario mayor Luis Alberto Ayala Gonz\u00e1lez<\/b>,<\/span>\u00a0<span title=\"Reproducir desde 4:13\">a quienes reconocer\u00e1n, respetar\u00e1n y obedecer\u00e1n de acuerdo a las disposiciones contenidas en la Constituci\u00f3n de la Rep\u00fablica,<\/span>\u00a0Ley O<span title=\"Reproducir desde 4:20\">rg\u00e1nica Policial, reglamentos vigentes y dem\u00e1s disposiciones concordantes con el particular.\u00a0<\/span><span title=\"Reproducir desde 4:29\">Felicitaciones se\u00f1ores oficiales\u00bb.<\/span><\/span><\/div>\n<div dir=\"auto\"><span style=\"font-size: large;\">\u00a0<\/span><\/div>\n<div dir=\"auto\"><span style=\"color: #000000; font-size: large;\"><b>El nuevo cuadro policial duraznense:<\/b><\/span><\/div>\n<div dir=\"auto\"><span style=\"color: #000000; font-size: large;\">Jefe de Polic\u00eda de Durazno: Crio. Gral. (R) Lic. Gabriel Lima Comas<\/span><\/div>\n<div dir=\"auto\"><span style=\"color: #000000; font-size: large;\">Sub Jefe: Crio. Mayor Alexis Daniel Duarte dos Santos<\/span><\/div>\n<div dir=\"auto\"><span style=\"color: #000000; font-size: large;\">Director de Coordinaci\u00f3n Ejecutiva: Crio. Mayor Luis Alberto Ayala Gonz\u00e1lez<\/span><\/div>\n<div dir=\"auto\"><span style=\"color: #000000; font-size: large;\">Director de Coordinaci\u00f3n Administrativa: Crio. Julio Calleros<\/span><\/div>\n<div dir=\"auto\"><span style=\"color: #000000; font-size: large;\">Director de Seguridad: Crio.\u00a0 Washington Goyti\u00f1o<\/span><\/div>\n<div dir=\"auto\"><span style=\"color: #000000; font-size: large;\">Director de Investigaciones: Crio. Mart\u00edn Almeida<\/span><\/div>\n<div dir=\"auto\"><span style=\"color: #000000; font-size: large;\">Director de Grupo de Apoyo: Sub Crio. Luis Acosta<\/span><\/div>\n<div dir=\"auto\"><span style=\"color: #000000; font-size: large;\">Directora Departamental de Violencia Dom\u00e9stica:\u00a0 Sub Crio. Carla Mart\u00ednez<\/span><\/div>\n","protected":false},"excerpt":{"rendered":"<p>El\u00a0Jefe de Polic\u00eda de Durazno, Crio. Gral. (R) Lic. Gabriel Lima, que junto a sus pares en todo el pa\u00eds\u00a0asumi\u00f3 funciones con fecha 1\u00b0 de marzo de 2025,\u00a0confirm\u00f3 la designaci\u00f3n de los integrantes de la c\u00fapula que lo acompa\u00f1ar\u00e1n en la gesti\u00f3n. policial.<\/p>\n","protected":false},"author":4,"featured_media":6572,"comment_status":"closed","ping_status":"closed","sticky":false,"template":"","format":"standard","meta":{"footnotes":""},"categories":[5],"tags":[],"class_list":["post-6571","post","type-post","status-publish","format-standard","has-post-thumbnail","hentry","category-durazno"],"_links":{"self":[{"href":"https:\/\/paginacero.com.uy\/index.php?rest_route=\/wp\/v2\/posts\/6571","targetHints":{"allow":["GET"]}}],"collection":[{"href":"https:\/\/paginacero.com.uy\/index.php?rest_route=\/wp\/v2\/posts"}],"about":[{"href":"https:\/\/paginacero.com.uy\/index.php?rest_route=\/wp\/v2\/types\/post"}],"author":[{"embeddable":true,"href":"https:\/\/paginacero.com.uy\/index.php?rest_route=\/wp\/v2\/users\/4"}],"replies":[{"embeddable":true,"href":"https:\/\/paginacero.com.uy\/index.php?rest_route=%2Fwp%2Fv2%2Fcomments&post=6571"}],"version-history":[{"count":1,"href":"https:\/\/paginacero.com.uy\/index.php?rest_route=\/wp\/v2\/posts\/6571\/revisions"}],"predecessor-version":[{"id":6573,"href":"https:\/\/paginacero.com.uy\/index.php?rest_route=\/wp\/v2\/posts\/6571\/revisions\/6573"}],"wp:featuredmedia":[{"embeddable":true,"href":"https:\/\/paginacero.com.uy\/index.php?rest_route=\/wp\/v2\/media\/6572"}],"wp:attachment":[{"href":"https:\/\/paginacero.com.uy\/index.php?rest_route=%2Fwp%2Fv2%2Fmedia&parent=6571"}],"wp:term":[{"taxonomy":"category","embeddable":true,"href":"https:\/\/paginacero.com.uy\/index.php?rest_route=%2Fwp%2Fv2%2Fcategories&post=6571"},{"taxonomy":"post_tag","embeddable":true,"href":"https:\/\/paginacero.com.uy\/index.php?rest_route=%2Fwp%2Fv2%2Ftags&post=6571"}],"curies":[{"name":"wp","href":"https:\/\/api.w.org\/{rel}","templated":true}]}}