{"id":6564,"date":"2025-03-11T17:32:10","date_gmt":"2025-03-11T20:32:10","guid":{"rendered":"https:\/\/paginacero.com.uy\/?p=6564"},"modified":"2025-03-11T17:32:10","modified_gmt":"2025-03-11T20:32:10","slug":"vecinos-de-santa-bernardina-se-organizan-por-mas-seguridad","status":"publish","type":"post","link":"https:\/\/paginacero.com.uy\/?p=6564","title":{"rendered":"Vecinos de Santa Bernardina se organizan por m\u00e1s seguridad"},"content":{"rendered":"<p><strong>Preocupados por recientes robos y movimientos sospechosos, vecinos de Santa Bernardina crearon un grupo para alertarse y trabajar\u00e1n junto a la Polic\u00eda para reforzar la seguridad en la zona.<\/strong><!--more--><\/p>\n<p>Santa Bernardina era una zona muy tranquila, con gente que se conoce desde hace a\u00f1os, pero como sucede en muchos lugares, esa tranquilidad se ha visto amenazada. En el \u00faltimo tiempo, se han registrado robos en distintos puntos, especialmente cerca del r\u00edo Y\u00ed, y vecinos han notado la presencia de personas sospechosas circulando en motos y filmando en actitud extra\u00f1a.<\/p>\n<p>Para prevenir m\u00e1s incidentes, los vecinos formaron un grupo de WhatsApp para mantenerse comunicados y est\u00e1n preparando carteles informativos que se colocar\u00e1n en el barrio.<\/p>\n<p>El lunes pasado, en el sal\u00f3n del Sportivo Y\u00ed, se realiz\u00f3 una reuni\u00f3n con la presencia del Jefe de Polic\u00eda y su equipo, adem\u00e1s de una gran cantidad de vecinos, incluso de zonas cercanas como Repecho Layera y Las Violetas. Durante el encuentro, los vecinos compartieron informaci\u00f3n con las autoridades y se acord\u00f3 trabajar en conjunto para evitar que la situaci\u00f3n empeore.<\/p>\n<p>La Polic\u00eda se comprometi\u00f3 a reforzar el patrullaje, instalar m\u00e1s c\u00e1maras de vigilancia y continuar con estas reuniones. Adem\u00e1s, destacaron que la Fuerza A\u00e9rea est\u00e1 colaborando, ya que la presencia del aeropuerto contribuye a una mejor iluminaci\u00f3n y seguridad en el \u00e1rea.<\/p>\n<p>Uno de los principales reclamos de los vecinos es la limpieza de la costa, ya que la densidad del monte facilita que intrusos se oculten en la zona.<\/p>\n<p>Tanto las autoridades como los vecinos coincidieron en la importancia de estas iniciativas, que buscan preservar la seguridad y tranquilidad de Santa Bernardina.<\/p>\n","protected":false},"excerpt":{"rendered":"<p>Preocupados por recientes robos y movimientos sospechosos, vecinos de Santa Bernardina crearon un grupo para alertarse y trabajar\u00e1n junto a la Polic\u00eda para reforzar la seguridad en la zona.<\/p>\n","protected":false},"author":4,"featured_media":6565,"comment_status":"closed","ping_status":"closed","sticky":false,"template":"","format":"standard","meta":{"footnotes":""},"categories":[5],"tags":[],"class_list":["post-6564","post","type-post","status-publish","format-standard","has-post-thumbnail","hentry","category-durazno"],"_links":{"self":[{"href":"https:\/\/paginacero.com.uy\/index.php?rest_route=\/wp\/v2\/posts\/6564","targetHints":{"allow":["GET"]}}],"collection":[{"href":"https:\/\/paginacero.com.uy\/index.php?rest_route=\/wp\/v2\/posts"}],"about":[{"href":"https:\/\/paginacero.com.uy\/index.php?rest_route=\/wp\/v2\/types\/post"}],"author":[{"embeddable":true,"href":"https:\/\/paginacero.com.uy\/index.php?rest_route=\/wp\/v2\/users\/4"}],"replies":[{"embeddable":true,"href":"https:\/\/paginacero.com.uy\/index.php?rest_route=%2Fwp%2Fv2%2Fcomments&post=6564"}],"version-history":[{"count":1,"href":"https:\/\/paginacero.com.uy\/index.php?rest_route=\/wp\/v2\/posts\/6564\/revisions"}],"predecessor-version":[{"id":6566,"href":"https:\/\/paginacero.com.uy\/index.php?rest_route=\/wp\/v2\/posts\/6564\/revisions\/6566"}],"wp:featuredmedia":[{"embeddable":true,"href":"https:\/\/paginacero.com.uy\/index.php?rest_route=\/wp\/v2\/media\/6565"}],"wp:attachment":[{"href":"https:\/\/paginacero.com.uy\/index.php?rest_route=%2Fwp%2Fv2%2Fmedia&parent=6564"}],"wp:term":[{"taxonomy":"category","embeddable":true,"href":"https:\/\/paginacero.com.uy\/index.php?rest_route=%2Fwp%2Fv2%2Fcategories&post=6564"},{"taxonomy":"post_tag","embeddable":true,"href":"https:\/\/paginacero.com.uy\/index.php?rest_route=%2Fwp%2Fv2%2Ftags&post=6564"}],"curies":[{"name":"wp","href":"https:\/\/api.w.org\/{rel}","templated":true}]}}