{"id":6561,"date":"2025-03-11T15:59:18","date_gmt":"2025-03-11T18:59:18","guid":{"rendered":"https:\/\/paginacero.com.uy\/?p=6561"},"modified":"2025-03-11T15:59:18","modified_gmt":"2025-03-11T18:59:18","slug":"licandro-fa-sumo-adhesion-de-nuevo-sector","status":"publish","type":"post","link":"https:\/\/paginacero.com.uy\/?p=6561","title":{"rendered":"Licandro (FA) sum\u00f3 adhesi\u00f3n de nuevo sector"},"content":{"rendered":"<p><strong>Ra\u00fal Licandro, uno de los dos\u00a0candidatos a la Intendencia de Durazno\u00a0por el\u00a0Partido Frente Amplio,\u00a0anunci\u00f3 ayer lunes en rueda de prensa, la adhesi\u00f3n a su candidatura de un sector de reciente creaci\u00f3n, denominado\u00a0\u00abCorriente Obrera. Lista 2712\u00bb.<\/strong><!--more--><\/p>\n<div><span style=\"font-size: large;\"><span style=\"color: #000000;\"><b data-olk-copy-source=\"MessageBody\">Alejandro P\u00e9rez, referente del mismo, ser\u00e1 cabeza de lista a la Junta Departamental de Durazno y en la presentaci\u00f3n\u00a0asegur\u00f3 que el grupo lo componen\u00a0<\/b><\/span>unas 140 personas, en su mayor\u00eda trabajadores -mujeres y hombres- provenientes de distintos sectores como oficios; trabajos zafrales y peque\u00f1os emprendimientos<b>.<\/b><\/span><\/div>\n<div><span style=\"font-size: large;\">En el anuncio del acuerdo preelectoral hacia las elecciones del 11 de mayo pr\u00f3ximo, estuvieron adem\u00e1s de\u00a0<b>Licandro y P\u00e9rez; Carla M\u00e1s, Eduardo Mar\u00edn, Ver\u00f3nica Gallo, Walter Morales, Daniel Froster, Laura Garrel, Andr\u00e9s Mor\u00e1n, Jorge Quintas y dem\u00e1s dirigentes de \u00abOrejanos\u00bb<\/b><\/span><\/div>\n<div><span style=\"font-size: large;\">\u00a0<\/span><\/div>\n<div><b><span style=\"font-size: large;\">Licandro: \u00abcansados del modelo clientelista\u00bb<\/span><\/b><\/div>\n<div><span style=\"color: #000000; font-size: large;\"><span class=\"x_gmail-cursor-pointer x_gmail-group\" title=\"Reproducir desde 1:00\"><span class=\"x_gmail-group-hover:bg-base-200 x_gmail-rounded x_gmail-p-0.5 x_gmail--m-0.5 x_gmail-bg-primary\/25 x_gmail-transition-all x_gmail-duration-200\">\u00abPara nosotros es motivo de orgullo que est\u00e9n creando esta lista, que est\u00e9n s<\/span><\/span><span class=\"x_gmail-cursor-pointer x_gmail-group\" title=\"Reproducir desde 1:07\"><span class=\"x_gmail-group-hover:bg-base-200 x_gmail-rounded x_gmail-p-0.5 x_gmail--m-0.5\">umando a nuestra candidatura a la intendencia. Nuestra consigna ha sido s<\/span><\/span><span class=\"x_gmail-cursor-pointer x_gmail-group\" title=\"Reproducir desde 1:12\"><span class=\"x_gmail-group-hover:bg-base-200 x_gmail-rounded x_gmail-p-0.5 x_gmail--m-0.5\">umar para ganar. Entendemos que despu\u00e9s del triunfo del Frente Amplio en octubre, se<\/span><\/span><span class=\"x_gmail-opacity-80 x_gmail-text-sm\">\u00a0<\/span><span class=\"x_gmail-cursor-pointer x_gmail-group\" title=\"Reproducir desde 1:18\"><span class=\"x_gmail-group-hover:bg-base-200 x_gmail-rounded x_gmail-p-0.5 x_gmail--m-0.5\">ha abierto una posibilidad real, cierta, del triunfo del\u00a0<b>Frente Amplio en Durazno<\/b>, en mayo,<\/span><\/span><span class=\"x_gmail-opacity-80 x_gmail-text-sm\">\u00a0<\/span><span class=\"x_gmail-cursor-pointer x_gmail-group\" title=\"Reproducir desde 1:24\"><span class=\"x_gmail-group-hover:bg-base-200 x_gmail-rounded x_gmail-p-0.5 x_gmail--m-0.5\">para que la intendencia de Durazno sea Frente Amplio\u00bb,\u00a0comenz\u00f3 diciendo el candidato.<\/span><\/span><\/span><\/div>\n<div><span style=\"color: #000000; font-size: large;\"><span class=\"x_gmail-cursor-pointer x_gmail-group\" title=\"Reproducir desde 1:24\"><span class=\"x_gmail-group-hover:bg-base-200 x_gmail-rounded x_gmail-p-0.5 x_gmail--m-0.5\">\u00abEn este sentido hemos venido trabajando\u00a0<\/span><\/span><span class=\"x_gmail-cursor-pointer x_gmail-group\" title=\"Reproducir desde 1:30\"><span class=\"x_gmail-group-hover:bg-base-200 x_gmail-rounded x_gmail-p-0.5 x_gmail--m-0.5\">con varias listas que se est\u00e1n conformando, algunas de nuevos\u00a0<\/span><\/span><span class=\"x_gmail-cursor-pointer x_gmail-group\" title=\"Reproducir desde 1:35\"><span class=\"x_gmail-group-hover:bg-base-200 x_gmail-rounded x_gmail-p-0.5 x_gmail--m-0.5\">militantes que se suman a la lucha del Frente Amplio, otras que ya vienen con mucha trayectoria<\/span><\/span><span class=\"x_gmail-opacity-80 x_gmail-text-sm\">\u00a0<\/span><span class=\"x_gmail-cursor-pointer x_gmail-group\" title=\"Reproducir desde 1:42\"><span class=\"x_gmail-group-hover:bg-base-200 x_gmail-rounded x_gmail-p-0.5 x_gmail--m-0.5\">de militancia dentro de la izquierda de Durazno. Pero la idea es esa, sumar para<\/span><\/span><span class=\"x_gmail-opacity-80 x_gmail-text-sm\">\u00a0<\/span><span class=\"x_gmail-cursor-pointer x_gmail-group\" title=\"Reproducir desde 1:48\"><span class=\"x_gmail-group-hover:bg-base-200 x_gmail-rounded x_gmail-p-0.5 x_gmail--m-0.5\">ganar, como dec\u00eda el triunfo de octubre, alent\u00f3 la expectativa de mucha gente,<\/span><\/span><span class=\"x_gmail-opacity-80 x_gmail-text-sm\">\u00a0<\/span><span class=\"x_gmail-cursor-pointer x_gmail-group\" title=\"Reproducir desde 1:54\"><span class=\"x_gmail-group-hover:bg-base-200 x_gmail-rounded x_gmail-p-0.5 x_gmail--m-0.5\">de muchos vecinos, de muchas vecinas, que nos est\u00e1n manifestando la alegr\u00eda y el convencimiento\u00a0<\/span><\/span><span class=\"x_gmail-cursor-pointer x_gmail-group\" title=\"Reproducir desde 2:00\"><span class=\"x_gmail-group-hover:bg-base-200 x_gmail-rounded x_gmail-p-0.5 x_gmail--m-0.5\">que compartimos de que el Frente Amplio en mayo pueda dar el batacazo por primera vez<\/span><\/span><span class=\"x_gmail-opacity-80 x_gmail-text-sm\">\u00a0<\/span><span class=\"x_gmail-cursor-pointer x_gmail-group\" title=\"Reproducir desde 2:05\"><span class=\"x_gmail-group-hover:bg-base-200 x_gmail-rounded x_gmail-p-0.5 x_gmail--m-0.5\">en Durazno, as\u00ed como lo dio en octubre, y de alguna manera derrotamos ese mito de que<\/span><\/span><span class=\"x_gmail-opacity-80 x_gmail-text-sm\">\u00a0<\/span><span class=\"x_gmail-cursor-pointer x_gmail-group\" title=\"Reproducir desde 2:12\"><span class=\"x_gmail-group-hover:bg-base-200 x_gmail-rounded x_gmail-p-0.5 x_gmail--m-0.5\">el\u00a0<b>Frente Amplio en Durazno<\/b>\u00a0no pod\u00eda ganar; bueno, en octubre qued\u00f3 demostrado que s\u00ed,<\/span><\/span><span class=\"x_gmail-opacity-80 x_gmail-text-sm\">\u00a0<\/span><span class=\"x_gmail-cursor-pointer x_gmail-group\" title=\"Reproducir desde 2:17\"><span class=\"x_gmail-group-hover:bg-base-200 x_gmail-rounded x_gmail-p-0.5 x_gmail--m-0.5\">que tenemos la fuerza, que tenemos la capacidad, que tenemos la gente, y en este sentido<\/span><\/span><span class=\"x_gmail-opacity-80 x_gmail-text-sm\">\u00a0<\/span><span class=\"x_gmail-cursor-pointer x_gmail-group\" title=\"Reproducir desde 2:22\"><span class=\"x_gmail-group-hover:bg-base-200 x_gmail-rounded x_gmail-p-0.5 x_gmail--m-0.5\">es que esta conformaci\u00f3n de la lista 2712, la \u00abCorriente Obrera\u00bb, que como dice el<\/span><\/span><span class=\"x_gmail-opacity-80 x_gmail-text-sm\">\u00a0<\/span><span class=\"x_gmail-cursor-pointer x_gmail-group\" title=\"Reproducir desde 2:31\"><span class=\"x_gmail-group-hover:bg-base-200 x_gmail-rounded x_gmail-p-0.5 x_gmail--m-0.5\">nombre, viene de &#8216;abajo&#8217;, viene con gente del trabajo de distintos \u00e1mbitos, pero con<\/span><\/span><span class=\"x_gmail-opacity-80 x_gmail-text-sm\">\u00a0<\/span><span class=\"x_gmail-cursor-pointer x_gmail-group\" title=\"Reproducir desde 2:38\"><span class=\"x_gmail-group-hover:bg-base-200 x_gmail-rounded x_gmail-p-0.5 x_gmail--m-0.5\">esta impronta popular de izquierda de querer sumar para que la intendencia de Durazno cambie\u00bb.<\/span><\/span><\/span><\/div>\n<div><span style=\"color: #000000; font-family: ui-sans-serif, system-ui, sans-serif, Apple Color Emoji, Segoe UI Emoji, Segoe UI Symbol, Noto Color Emoji; font-size: large;\">M\u00e1s adelante sostuvo que \u00ab<\/span><span style=\"color: #000000; font-size: large;\"><span class=\"x_gmail-cursor-pointer x_gmail-group\" title=\"Reproducir desde 2:47\"><span class=\"x_gmail-group-hover:bg-base-200 x_gmail-rounded x_gmail-p-0.5 x_gmail--m-0.5\">el no triunfo del\u00a0<b>Frente Amplio<\/b>\u00a0implicar\u00eda seguir con un esquema<\/span><\/span><span class=\"x_gmail-opacity-80 x_gmail-text-sm\">\u00a0<\/span><span class=\"x_gmail-cursor-pointer x_gmail-group\" title=\"Reproducir desde 2:52\"><span class=\"x_gmail-group-hover:bg-base-200 x_gmail-rounded x_gmail-p-0.5 x_gmail--m-0.5\">de gobierno departamental que est\u00e1 cansada la gente, que estamos cansados de ver, de<\/span><\/span><span class=\"x_gmail-opacity-80 x_gmail-text-sm\">\u00a0\u00a0<\/span><span class=\"x_gmail-cursor-pointer x_gmail-group\" title=\"Reproducir desde 2:58\"><span class=\"x_gmail-group-hover:bg-base-200 x_gmail-rounded x_gmail-p-0.5 x_gmail--m-0.5\">sentir, de sufrir; un modelo clientelista, un modelo centralista que prioriza las obras<\/span><\/span><span class=\"x_gmail-opacity-80 x_gmail-text-sm\">\u00a0e<\/span><span class=\"x_gmail-cursor-pointer x_gmail-group\" title=\"Reproducir desde 3:06\"><span class=\"x_gmail-group-hover:bg-base-200 x_gmail-rounded x_gmail-p-0.5 x_gmail--m-0.5\">n el centro de la capital y deja de lado los barrios y deja de lado el Interior profundo.<\/span><\/span><span class=\"x_gmail-opacity-80 x_gmail-text-sm\">\u00a0<\/span><span class=\"x_gmail-cursor-pointer x_gmail-group\" title=\"Reproducir desde 3:11\"><span class=\"x_gmail-group-hover:bg-base-200 x_gmail-rounded x_gmail-p-0.5 x_gmail--m-0.5\">Hemos venido recorriendo el departamento, hemos recorrido los barrios, estamos teniendo<\/span><\/span><span class=\"x_gmail-opacity-80 x_gmail-text-sm\">\u00a0<\/span><span class=\"x_gmail-cursor-pointer x_gmail-group\" title=\"Reproducir desde 3:17\"><span class=\"x_gmail-group-hover:bg-base-200 x_gmail-rounded x_gmail-p-0.5 x_gmail--m-0.5\">reuniones con una cantidad importante de organizaciones sociales de distintos <\/span><\/span><span class=\"x_gmail-cursor-pointer x_gmail-group\" title=\"Reproducir desde 3:22\"><span class=\"x_gmail-group-hover:bg-base-200 x_gmail-rounded x_gmail-p-0.5 x_gmail--m-0.5\">tipos, de distintos \u00e1mbitos dentro de lo que es el departamento y de alguna manera<\/span><\/span><span class=\"x_gmail-opacity-80 x_gmail-text-sm\">\u00a0<\/span><span class=\"x_gmail-cursor-pointer x_gmail-group\" title=\"Reproducir desde 3:28\"><span class=\"x_gmail-group-hover:bg-base-200 x_gmail-rounded x_gmail-p-0.5 x_gmail--m-0.5\">hemos confirmado esto; la falta de di\u00e1logo de parte de las autoridades d<\/span><\/span><span class=\"x_gmail-cursor-pointer x_gmail-group\" title=\"Reproducir desde 3:33\"><span class=\"x_gmail-group-hover:bg-base-200 x_gmail-rounded x_gmail-p-0.5 x_gmail--m-0.5\">e la Intendencia con la comunidad del departamento de Durazno\u00bb, \u00abnuestra intenci\u00f3n<\/span><\/span><span class=\"x_gmail-opacity-80 x_gmail-text-sm\">\u00a0<\/span><span class=\"x_gmail-cursor-pointer x_gmail-group\" title=\"Reproducir desde 3:38\"><span class=\"x_gmail-group-hover:bg-base-200 x_gmail-rounded x_gmail-p-0.5 x_gmail--m-0.5\">es esa, trabajar con y para la gente y en ese sentido estamos haciendo esta serie <\/span><\/span><span class=\"x_gmail-cursor-pointer x_gmail-group\" title=\"Reproducir desde 3:45\"><span class=\"x_gmail-group-hover:bg-base-200 x_gmail-rounded x_gmail-p-0.5 x_gmail--m-0.5\">de reuniones y presentaciones de cara a mayo del 2025 con este convencimiento\u00bb.<\/span><\/span><\/span><\/div>\n<div><span style=\"font-size: large;\"><span style=\"color: #000000;\"><span class=\"x_gmail-cursor-pointer x_gmail-group\" title=\"Reproducir desde 3:45\"><span class=\"x_gmail-group-hover:bg-base-200 x_gmail-rounded x_gmail-p-0.5 x_gmail--m-0.5\"><b>Licandro<\/b>, agreg\u00f3 que \u00abD<\/span><\/span><\/span><span class=\"x_gmail-cursor-pointer x_gmail-group\" title=\"Reproducir desde 3:45\"><span class=\"x_gmail-group-hover:bg-base-200 x_gmail-rounded x_gmail-p-0.5 x_gmail--m-0.5\">urazno va<\/span><\/span><span class=\"x_gmail-opacity-80 x_gmail-text-sm\">\u00a0<\/span><span class=\"x_gmail-cursor-pointer x_gmail-group\" title=\"Reproducir desde 3:54\"><span class=\"x_gmail-group-hover:bg-base-200 x_gmail-rounded x_gmail-p-0.5 x_gmail--m-0.5\">a tener a partir de este a\u00f1o una nueva administraci\u00f3n municipal, estaremos al frente de la misma,\u00a0<\/span><\/span><span class=\"x_gmail-cursor-pointer x_gmail-group\" title=\"Reproducir desde 4:00\"><span class=\"x_gmail-group-hover:bg-base-200 x_gmail-rounded x_gmail-p-0.5 x_gmail--m-0.5\">y vamos a contar con un equipo important\u00edsimo de gente que va a estar sumando, que va a<\/span><\/span><span class=\"x_gmail-opacity-80 x_gmail-text-sm\">\u00a0<\/span><span class=\"x_gmail-cursor-pointer x_gmail-group\" title=\"Reproducir desde 4:06\"><span class=\"x_gmail-group-hover:bg-base-200 x_gmail-rounded x_gmail-p-0.5 x_gmail--m-0.5\">estar haciendo los ojos y los o\u00eddos y la voz de nuestro pueblo. Un gobierno del pueblo y para el\u00a0<\/span><\/span><span class=\"x_gmail-cursor-pointer x_gmail-group\" title=\"Reproducir desde 4:14\"><span class=\"x_gmail-group-hover:bg-base-200 x_gmail-rounded x_gmail-p-0.5 x_gmail--m-0.5\">pueblo. Esa es la idea y en ese sentido entonces agradecemos el apoyo de los compa\u00f1eros y las<\/span><\/span><span class=\"x_gmail-opacity-80 x_gmail-text-sm\">\u00a0c<\/span><span class=\"x_gmail-cursor-pointer x_gmail-group\" title=\"Reproducir desde 4:19\"><span class=\"x_gmail-group-hover:bg-base-200 x_gmail-rounded x_gmail-p-0.5 x_gmail--m-0.5\">ompa\u00f1eras, y hoy queda p\u00fablicamente presentada esta lista que se arm\u00f3 en muy poco<\/span><\/span><span class=\"x_gmail-opacity-80 x_gmail-text-sm\">\u00a0<\/span><span class=\"x_gmail-cursor-pointer x_gmail-group\" title=\"Reproducir desde 4:26\"><span class=\"x_gmail-group-hover:bg-base-200 x_gmail-rounded x_gmail-p-0.5 x_gmail--m-0.5\">tiempo, con mucho trabajo, de gente que est\u00e1 muy convencida de lo que quiere y evidentemente<\/span><\/span><span class=\"x_gmail-opacity-80 x_gmail-text-sm\">\u00a0<\/span><span class=\"x_gmail-cursor-pointer x_gmail-group\" title=\"Reproducir desde 4:34\"><span class=\"x_gmail-group-hover:bg-base-200 x_gmail-rounded x_gmail-p-0.5 x_gmail--m-0.5\">la organizaci\u00f3n que tienen y el impulso que tienen es mucho y se suma a esta energ\u00eda que<\/span><\/span><span class=\"x_gmail-opacity-80 x_gmail-text-sm\">\u00a0<\/span><span class=\"x_gmail-cursor-pointer x_gmail-group\" title=\"Reproducir desde 4:39\"><span class=\"x_gmail-group-hover:bg-base-200 x_gmail-rounded x_gmail-p-0.5 x_gmail--m-0.5\">decimos viene del pueblo, viene de la gente y que comenz\u00f3 en octubre cuando el Frente Amplio gan\u00f3 por primera vez\u00bb<\/span><\/span><\/span><\/div>\n<div><span style=\"font-size: large;\">\u00a0<\/span><\/div>\n<div><span class=\"x_gmail-cursor-pointer x_gmail-group\" title=\"Reproducir desde 10:09\"><span class=\"x_gmail-group-hover:bg-base-200 x_gmail-rounded x_gmail-p-0.5 x_gmail--m-0.5\"><b><span style=\"font-size: large;\">Municipios; licitaciones, mano de obra<\/span><\/b><\/span><\/span><\/div>\n<div><span class=\"x_gmail-cursor-pointer x_gmail-group\" title=\"Reproducir desde 10:09\"><span class=\"x_gmail-group-hover:bg-base-200 x_gmail-rounded x_gmail-p-0.5 x_gmail--m-0.5\"><span style=\"font-size: large;\"><b>Ra\u00fal Licandro<\/b>, reiter\u00f3 la postura de su sector respecto a la\u00a0<b>conformaci\u00f3n de Municipios<\/b>\u00a0en varias localidades del Interior del departamento.<\/span><\/span><\/span><\/div>\n<div><span style=\"font-size: large;\"><span class=\"x_gmail-cursor-pointer x_gmail-group\" title=\"Reproducir desde 10:17\"><span class=\"x_gmail-group-hover:bg-base-200 x_gmail-rounded x_gmail-p-0.5 x_gmail--m-0.5\">\u00abNosotros planteamos de una forma muy clara, que de ganar la Intendencia, que descontamos, que vamos a ganar la Intendencia, va<\/span><\/span><span class=\"x_gmail-cursor-pointer x_gmail-group\" title=\"Reproducir desde 10:30\"><span class=\"x_gmail-group-hover:bg-base-200 x_gmail-rounded x_gmail-p-0.5 x_gmail--m-0.5\">mos a enviar enseguida el\u00a0<b>mensaje a la Junta Departamental<\/b>\u00a0para crear los Municipios en esas localidades que juntaron la firma.<\/span><\/span><span class=\"x_gmail-opacity-80 x_gmail-text-sm\">\u00a0<\/span><span class=\"x_gmail-cursor-pointer x_gmail-group\" title=\"Reproducir desde 10:37\"><span class=\"x_gmail-group-hover:bg-base-200 x_gmail-rounded x_gmail-p-0.5 x_gmail--m-0.5\">Estamos hablando de\u00a0<b>Centenario, Carlos Reyles, Cerro Chato, Blanquillo, La Paloma, Santa Bernardina,<\/b>\u00a0 lugares donde se juntaron las firmas<\/span><\/span><span class=\"x_gmail-opacity-80 x_gmail-text-sm\">\u00a0<\/span><span class=\"x_gmail-cursor-pointer x_gmail-group\" title=\"Reproducir desde 10:46\"><span class=\"x_gmail-group-hover:bg-base-200 x_gmail-rounded x_gmail-p-0.5 x_gmail--m-0.5\">para la creaci\u00f3n de los Municipios, pero por un argumento que para nosotros que se cae de su propio peso del<b>\u00a0Intendente (Carmelo Vidal\u00edn),<\/b>\u00a0<\/span><\/span><span class=\"x_gmail-cursor-pointer x_gmail-group\" title=\"Reproducir desde 10:53\"><span class=\"x_gmail-group-hover:bg-base-200 x_gmail-rounded x_gmail-p-0.5 x_gmail--m-0.5\">que era si firmaron el 15%, que era lo que exige la Corte Electoral,\u00a0<b>el otro 85% n<\/b>o estaba de acuerdo con la creaci\u00f3n de esos Municipios.<\/span><\/span><span class=\"x_gmail-opacity-80 x_gmail-text-sm\">\u00a0<\/span><span class=\"x_gmail-cursor-pointer x_gmail-group\" title=\"Reproducir desde 11:02\"><span class=\"x_gmail-group-hover:bg-base-200 x_gmail-rounded x_gmail-p-0.5 x_gmail--m-0.5\">Por eso creemos que es un argumento que se cae por su propio peso\u00bb.<\/span><\/span><\/span><\/div>\n<div><span style=\"font-size: large;\"><span class=\"x_gmail-cursor-pointer x_gmail-group\" title=\"Reproducir desde 11:02\"><span class=\"x_gmail-group-hover:bg-base-200 x_gmail-rounded x_gmail-p-0.5 x_gmail--m-0.5\">\u00ab<\/span><\/span><span class=\"x_gmail-cursor-pointer x_gmail-group\" title=\"Reproducir desde 11:06\"><span class=\"x_gmail-group-hover:bg-base-200 x_gmail-rounded x_gmail-p-0.5 x_gmail--m-0.5\">Adem\u00e1s creemos que realmente la creaci\u00f3n de los Municipios es fundamental para la participaci\u00f3n de la gente,<\/span><\/span><span class=\"x_gmail-opacity-80 x_gmail-text-sm\">\u00a0<\/span><span class=\"x_gmail-cursor-pointer x_gmail-group\" title=\"Reproducir desde 11:11\"><span class=\"x_gmail-group-hover:bg-base-200 x_gmail-rounded x_gmail-p-0.5 x_gmail--m-0.5\">para que los recursos de la Intendencia no queden centralizados en la ciudad capital, sino que les lleguen a las distintas localidades\u00bb.<\/span><\/span><\/span><\/div>\n<div><span style=\"font-size: large;\"><span class=\"x_gmail-cursor-pointer x_gmail-group\" title=\"Reproducir desde 11:11\"><span class=\"x_gmail-group-hover:bg-base-200 x_gmail-rounded x_gmail-p-0.5 x_gmail--m-0.5\">\u00abE<\/span><\/span><span class=\"x_gmail-cursor-pointer x_gmail-group\" title=\"Reproducir desde 11:19\"><span class=\"x_gmail-group-hover:bg-base-200 x_gmail-rounded x_gmail-p-0.5 x_gmail--m-0.5\">l otro d\u00eda estuvimos en C<b>erro Chato<\/b>\u00a0y sentimos en los colegas de ustedes, en la prensa, ese reclamo,<\/span><\/span><span class=\"x_gmail-opacity-80 x_gmail-text-sm\">\u00a0e<\/span><span class=\"x_gmail-cursor-pointer x_gmail-group\" title=\"Reproducir desde 11:26\"><span class=\"x_gmail-group-hover:bg-base-200 x_gmail-rounded x_gmail-p-0.5 x_gmail--m-0.5\">se no entender, incluso de la gente que llamaba a los medios, de no entender por qu\u00e9 no se hab\u00eda creado el\u00a0<b>Municipio en Cerro Chato;<\/b>\u00a0es\u00a0<\/span><\/span><span class=\"x_gmail-cursor-pointer x_gmail-group\" title=\"Reproducir desde 11:33\"><span class=\"x_gmail-group-hover:bg-base-200 x_gmail-rounded x_gmail-p-0.5 x_gmail--m-0.5\">un tema que pega muy fuerte, que llama mucho la atenci\u00f3n\u00bb, coment\u00f3.<\/span><\/span><\/span><\/div>\n<div><span style=\"font-size: large;\"><span class=\"x_gmail-cursor-pointer x_gmail-group\" title=\"Reproducir desde 11:33\"><span class=\"x_gmail-group-hover:bg-base-200 x_gmail-rounded x_gmail-p-0.5 x_gmail--m-0.5\">Agreg\u00f3 que \u00aba los\u00a0<b>Municipios\u00a0<\/b><\/span><\/span><span class=\"x_gmail-cursor-pointer x_gmail-group\" title=\"Reproducir desde 11:42\"><span class=\"x_gmail-group-hover:bg-base-200 x_gmail-rounded x_gmail-p-0.5 x_gmail--m-0.5\"><b>existentes de\u00a0 Carmen y Sarand\u00ed del Yi,<\/b>\u00a0dotarles de la capacidad de autonom\u00eda, de gesti\u00f3n.<\/span><\/span><span class=\"x_gmail-opacity-80 x_gmail-text-sm\">\u00a0<\/span><span class=\"x_gmail-cursor-pointer x_gmail-group\" title=\"Reproducir desde 11:50\"><span class=\"x_gmail-group-hover:bg-base-200 x_gmail-rounded x_gmail-p-0.5 x_gmail--m-0.5\">Hace poco estuvimos en Sarand\u00ed del Yi,\u00a0 con la actual\u00a0<b>Ministra de Vivienda, Cecilia Cairo,<\/b><\/span><\/span><span class=\"x_gmail-opacity-80 x_gmail-text-sm\">\u00a0<\/span><span class=\"x_gmail-cursor-pointer x_gmail-group\" title=\"Reproducir desde 11:55\"><span class=\"x_gmail-group-hover:bg-base-200 x_gmail-rounded x_gmail-p-0.5 x_gmail--m-0.5\">y\u00a0 se sorprend\u00eda cuando se hablaba de que un mont\u00f3n de obras que estaban planificadas para la ciudad no\u00a0<\/span><\/span><span class=\"x_gmail-cursor-pointer x_gmail-group\" title=\"Reproducir desde 12:01\"><span class=\"x_gmail-group-hover:bg-base-200 x_gmail-rounded x_gmail-p-0.5 x_gmail--m-0.5\">se llevaban a cabo porque hab\u00eda demoras en los llamados a licitaci\u00f3n, porque hab\u00eda una demora en el emprendimiento de las obras,<\/span><\/span><span class=\"x_gmail-opacity-80 x_gmail-text-sm\">\u00a0q<\/span><span class=\"x_gmail-cursor-pointer x_gmail-group\" title=\"Reproducir desde 12:09\"><span class=\"x_gmail-group-hover:bg-base-200 x_gmail-rounded x_gmail-p-0.5 x_gmail--m-0.5\">ue hab\u00eda falta de controles, y muchas veces esas obras que no se ejecutan, los dineros vuelven a las arcas centrales de la Intendencia<\/span><\/span><span class=\"x_gmail-opacity-80 x_gmail-text-sm\">\u00a0<\/span><span class=\"x_gmail-cursor-pointer x_gmail-group\" title=\"Reproducir desde 12:16\"><span class=\"x_gmail-group-hover:bg-base-200 x_gmail-rounded x_gmail-p-0.5 x_gmail--m-0.5\">y al final del per\u00edodo del quinquenio pasan a engrosar lo que se habla y se propagandea mucho; el famoso super\u00e1vit.<\/span><\/span><span class=\"x_gmail-opacity-80 x_gmail-text-sm\">\u00a0E<\/span><span class=\"x_gmail-cursor-pointer x_gmail-group\" title=\"Reproducir desde 12:24\"><span class=\"x_gmail-group-hover:bg-base-200 x_gmail-rounded x_gmail-p-0.5 x_gmail--m-0.5\">l\u00a0<b>super\u00e1vit,<\/b>\u00a0si bien es bueno tener una Intendencia que est\u00e9 saneada en ese sentido, el super\u00e1vit implica, o que se cobraron impuestos de m\u00e1s<\/span><\/span><span class=\"x_gmail-opacity-80 x_gmail-text-sm\">\u00a0<\/span><span class=\"x_gmail-cursor-pointer x_gmail-group\" title=\"Reproducir desde 12:33\"><span class=\"x_gmail-group-hover:bg-base-200 x_gmail-rounded x_gmail-p-0.5 x_gmail--m-0.5\">o los impuestos que se cobraron, el presupuesto que se plante\u00f3 al principio del gobierno, no se cumpli\u00f3\u00bb.<\/span><\/span><\/span><\/div>\n<div><span style=\"font-size: large;\"><span class=\"x_gmail-cursor-pointer x_gmail-group\" title=\"Reproducir desde 12:33\"><span class=\"x_gmail-group-hover:bg-base-200 x_gmail-rounded x_gmail-p-0.5 x_gmail--m-0.5\">\u00a0<\/span><\/span><\/span><\/div>\n<div><span style=\"font-size: large;\">Habl\u00f3 luego de la\u00a0<b>\u00abnecesidad de construcci\u00f3n de viviendas\u00bb<\/b>, se\u00f1alando que \u00abes\u00a0<span class=\"x_gmail-cursor-pointer x_gmail-group\" title=\"Reproducir desde 13:10\"><span class=\"x_gmail-group-hover:bg-base-200 x_gmail-rounded x_gmail-p-0.5 x_gmail--m-0.5\">un tema que est\u00e1 pegando muy fuerte<\/span><\/span><span class=\"x_gmail-opacity-80 x_gmail-text-sm\">\u00a0<\/span><span class=\"x_gmail-cursor-pointer x_gmail-group\" title=\"Reproducir desde 13:17\"><span class=\"x_gmail-group-hover:bg-base-200 x_gmail-rounded x_gmail-p-0.5 x_gmail--m-0.5\">y que lo estamos recibiendo continuamente es la necesidad de viviendas.<\/span><\/span><\/span><\/div>\n<div><span style=\"font-size: large;\"><span class=\"x_gmail-cursor-pointer x_gmail-group\" title=\"Reproducir desde 13:21\"><span class=\"x_gmail-group-hover:bg-base-200 x_gmail-rounded x_gmail-p-0.5 x_gmail--m-0.5\">\u00abSi bien no es objetivo o una de las responsabilidades mayores de la Intendencia, la construcci\u00f3n de viviendas,<\/span><\/span><span class=\"x_gmail-opacity-80 x_gmail-text-sm\">\u00a0<\/span><span class=\"x_gmail-cursor-pointer x_gmail-group\" title=\"Reproducir desde 13:30\"><span class=\"x_gmail-group-hover:bg-base-200 x_gmail-rounded x_gmail-p-0.5 x_gmail--m-0.5\">la Intendencia tiene la facultad y tiene la potestad de\u00a0<b>crear una cartera de tierras<\/b>, y<\/span><\/span><span class=\"x_gmail-cursor-pointer x_gmail-group\" title=\"Reproducir desde 13:35\"><span class=\"x_gmail-group-hover:bg-base-200 x_gmail-rounded x_gmail-p-0.5 x_gmail--m-0.5\">\u00a0con esa cartera de tierras alimentar, cartera de tierra con servicios, no cartera de tierra en \u00e1reas alejadas,<\/span><\/span><span class=\"x_gmail-opacity-80 x_gmail-text-sm\">\u00a0<\/span><span class=\"x_gmail-cursor-pointer x_gmail-group\" title=\"Reproducir desde 13:42\"><span class=\"x_gmail-group-hover:bg-base-200 x_gmail-rounded x_gmail-p-0.5 x_gmail--m-0.5\">en los centros donde no hay servicio, donde no hay luz, no hay agua, no hay saneamiento, no hay calles.<\/span><\/span><span class=\"x_gmail-opacity-80 x_gmail-text-sm\">\u00a0<\/span><span class=\"x_gmail-cursor-pointer x_gmail-group\" title=\"Reproducir desde 13:47\"><span class=\"x_gmail-group-hover:bg-base-200 x_gmail-rounded x_gmail-p-0.5 x_gmail--m-0.5\">No, no, cartera de tierra con servicios para posibilitar que las cooperativas de vivienda que se est\u00e1n formando<\/span><\/span><span class=\"x_gmail-opacity-80 x_gmail-text-sm\">\u00a0<\/span><span class=\"x_gmail-cursor-pointer x_gmail-group\" title=\"Reproducir desde 13:53\"><span class=\"x_gmail-group-hover:bg-base-200 x_gmail-rounded x_gmail-p-0.5 x_gmail--m-0.5\">se puedan presentar en el Ministerio, para que el\u00a0<b>Plan Juntos<\/b>\u00a0pueda construir, para que el<b>\u00a0Plan Avanzar<\/b>\u00a0pueda construir,<\/span><\/span><span class=\"x_gmail-opacity-80 x_gmail-text-sm\">\u00a0<\/span><span class=\"x_gmail-cursor-pointer x_gmail-group\" title=\"Reproducir desde 13:59\"><span class=\"x_gmail-group-hover:bg-base-200 x_gmail-rounded x_gmail-p-0.5 x_gmail--m-0.5\">para que<b>\u00a0Mevir\u00a0<\/b>pueda construir, para que un mont\u00f3n de personas que est\u00e1n viviendo incluso ac\u00e1 en la ciudad capital,\u00a0<\/span><\/span><span class=\"x_gmail-cursor-pointer x_gmail-group\" title=\"Reproducir desde 14:05\"><span class=\"x_gmail-group-hover:bg-base-200 x_gmail-rounded x_gmail-p-0.5 x_gmail--m-0.5\">que viven en zonas inundables tengan la posibilidad de construir y salir de esas zonas inundables; ha<\/span><\/span><span class=\"x_gmail-cursor-pointer x_gmail-group\" title=\"Reproducir desde 14:15\"><span class=\"x_gmail-group-hover:bg-base-200 x_gmail-rounded x_gmail-p-0.5 x_gmail--m-0.5\">y mucha gente que no tiene otra oportunidad y por eso vive en esas zonas inundables\u00bb, sentenci\u00f3.<\/span><\/span><\/span><\/div>\n<div><span style=\"font-size: large;\"><span class=\"x_gmail-opacity-80 x_gmail-text-sm\">Sobre la\u00a0<\/span><span class=\"x_gmail-cursor-pointer x_gmail-group\" title=\"Reproducir desde 14:23\"><span class=\"x_gmail-group-hover:bg-base-200 x_gmail-rounded x_gmail-p-0.5 x_gmail--m-0.5\"><b>generaci\u00f3n de mano de obra<\/b>\u00a0en Durazno, dijo que \u00abest\u00e1 todo tercerizado\u00bb, \u00abesta In<\/span><\/span><span class=\"x_gmail-cursor-pointer x_gmail-group\" title=\"Reproducir desde 14:27\"><span class=\"x_gmail-group-hover:bg-base-200 x_gmail-rounded x_gmail-p-0.5 x_gmail--m-0.5\">tendencia ha llegado al colmo de tercerizar la contrataci\u00f3n de personal a trav\u00e9s de la Fundaci\u00f3n \u00abA Ganar\u00bb; se le p<\/span><\/span><span class=\"x_gmail-cursor-pointer x_gmail-group\" title=\"Reproducir desde 14:34\"><span class=\"x_gmail-group-hover:bg-base-200 x_gmail-rounded x_gmail-p-0.5 x_gmail--m-0.5\">aga a una Fundaci\u00f3n para que contrate personal que trabaja bajo la \u00f3rbita de los mandos medios de la Intendencia,\u00a0<\/span><\/span><span class=\"x_gmail-cursor-pointer x_gmail-group\" title=\"Reproducir desde 14:42\"><span class=\"x_gmail-group-hover:bg-base-200 x_gmail-rounded x_gmail-p-0.5 x_gmail--m-0.5\">haciendo tareas municipales y que el sueldo, m\u00e1s all\u00e1 de que se lo paga la Fundaci\u00f3n A Ganar, el que pone la plata es la Intendencia, e<\/span><\/span><span class=\"x_gmail-cursor-pointer x_gmail-group\" title=\"Reproducir desde 14:48\"><span class=\"x_gmail-group-hover:bg-base-200 x_gmail-rounded x_gmail-p-0.5 x_gmail--m-0.5\">ntonces, tenemos que recuperar desde la Intendencia Departamental de Durazno<\/span><\/span><span class=\"x_gmail-opacity-80 x_gmail-text-sm\">\u00a0<\/span><span class=\"x_gmail-cursor-pointer x_gmail-group\" title=\"Reproducir desde 14:52\"><span class=\"x_gmail-group-hover:bg-base-200 x_gmail-rounded x_gmail-p-0.5 x_gmail--m-0.5\">lo que es las tareas que no se pueden delegar;\u00a0 ni que hablar la contrataci\u00f3n del personal; pero\u00a0<\/span><\/span><span class=\"x_gmail-cursor-pointer x_gmail-group\" title=\"Reproducir desde 15:00\"><span class=\"x_gmail-group-hover:bg-base-200 x_gmail-rounded x_gmail-p-0.5 x_gmail--m-0.5\">tambi\u00e9n, como dec\u00eda Alejandro (P\u00e9rez), llaman a una empresa a pintar las\u00a0<b>cebras (viales)\u00a0<\/b>y viene una empresa de afuera; ll<\/span><\/span><span class=\"x_gmail-cursor-pointer x_gmail-group\" title=\"Reproducir desde 15:07\"><span class=\"x_gmail-group-hover:bg-base-200 x_gmail-rounded x_gmail-p-0.5 x_gmail--m-0.5\">aman a licitaci\u00f3n para hacer veredas en el centro, viene una empresa de afuera.<\/span><\/span><span class=\"x_gmail-opacity-80 x_gmail-text-sm\">\u00a0\u00a0<\/span><span class=\"x_gmail-cursor-pointer x_gmail-group\" title=\"Reproducir desde 15:12\"><span class=\"x_gmail-group-hover:bg-base-200 x_gmail-rounded x_gmail-p-0.5 x_gmail--m-0.5\">Todas las licitaciones que hace la Intendencia, la mayor\u00eda o un gran parte de ellas,\u00a0<\/span><\/span><span class=\"x_gmail-cursor-pointer x_gmail-group\" title=\"Reproducir desde 15:16\"><span class=\"x_gmail-group-hover:bg-base-200 x_gmail-rounded x_gmail-p-0.5 x_gmail--m-0.5\">son empresas que son de afuera del departamento que traen a su personal,\u00a0b<\/span><\/span><span class=\"x_gmail-cursor-pointer x_gmail-group\" title=\"Reproducir desde 15:20\"><span class=\"x_gmail-group-hover:bg-base-200 x_gmail-rounded x_gmail-p-0.5 x_gmail--m-0.5\">ueno, vamos a hacer hincapi\u00e9 en eso, que los llamados a licitaci\u00f3n y las empresas que ganan la licitaci\u00f3n,\u00a0<\/span><\/span><span class=\"x_gmail-cursor-pointer x_gmail-group\" title=\"Reproducir desde 15:28\"><span class=\"x_gmail-group-hover:bg-base-200 x_gmail-rounded x_gmail-p-0.5 x_gmail--m-0.5\">utilicen la mano de obra local, es fundamental, eso es muy importante; hay que\u00a0<\/span><\/span><span class=\"x_gmail-cursor-pointer x_gmail-group\" title=\"Reproducir desde 15:32\"><span class=\"x_gmail-group-hover:bg-base-200 x_gmail-rounded x_gmail-p-0.5 x_gmail--m-0.5\">generar mano de obra local en la construcci\u00f3n y en distintos \u00e1mbitos\u00bb.<\/span><\/span><\/span><\/div>\n<div><\/div>\n<div>\n<div><b><span class=\"x_gmail-cursor-pointer x_gmail-group\" title=\"Reproducir desde 4:39\"><span class=\"x_gmail-group-hover:bg-base-200 x_gmail-rounded x_gmail-p-0.5 x_gmail--m-0.5\">P\u00e9rez: \u00abp<\/span><\/span>elear por la mano de obra local\u00bb<\/b><\/div>\n<div><span class=\"x_gmail-cursor-pointer x_gmail-group\" title=\"Reproducir desde 3:45\"><span class=\"x_gmail-group-hover:bg-base-200 x_gmail-rounded x_gmail-p-0.5 x_gmail--m-0.5\"><span style=\"color: #000000;\"><span class=\"x_gmail-cursor-pointer x_gmail-group\" title=\"Reproducir desde 4:54\">\u00abLa verdad que muy contento por la oportunidad que nos brind\u00f3\u00a0<b>Ra\u00fal Licandro,<\/b>\u00a0<\/span><span class=\"x_gmail-cursor-pointer x_gmail-group\" title=\"Reproducir desde 5:00\">de poder pertenecer a\u00a0<b>Orejanos\u00a0<\/b>con nuestro granito de arena\u00bb, dijo\u00a0<b>P\u00e9rez<\/b>, se\u00f1alando que el nuevo sector que lidera\u00a0comenz\u00f3 hace aproximadamente dos meses, \u00ab<\/span><span class=\"x_gmail-cursor-pointer x_gmail-group\" title=\"Reproducir desde 5:08\">la idea surgi\u00f3<\/span><span class=\"x_gmail-opacity-80 x_gmail-text-sm\">\u00a0<\/span><span class=\"x_gmail-cursor-pointer x_gmail-group\" title=\"Reproducir desde 5:16\">por la falta de trabajo que hay en Durazno, la falta de empat\u00eda que tiene la Intendencia con los<\/span><span class=\"x_gmail-opacity-80 x_gmail-text-sm\">\u00a0<\/span><span class=\"x_gmail-cursor-pointer x_gmail-group\" title=\"Reproducir desde 5:20\">trabajadores, con la clase trabajadora.\u00a0<\/span><span class=\"x_gmail-cursor-pointer x_gmail-group\" title=\"Reproducir desde 5:26\">En dos meses logramos conseguir<b>\u00a0140 compa\u00f1eros<\/b>\u00a0que apoyaron esta iniciativa y un poco fue la<\/span><span class=\"x_gmail-opacity-80 x_gmail-text-sm\">\u00a0<\/span><span class=\"x_gmail-cursor-pointer x_gmail-group\" title=\"Reproducir desde 5:34\">idea esa de tratar de pelear por los trabajadores, por las trabajadoras de Durazno.\u00a0Esta lista la<\/span><span class=\"x_gmail-opacity-80 x_gmail-text-sm\">\u00a0<\/span><span class=\"x_gmail-cursor-pointer x_gmail-group\" title=\"Reproducir desde 5:38\">conforman gente que trabaja en las arenas, que s<b>acan arena de los r\u00edos, gente dom\u00e9stica<\/b>, tenemos<\/span><span class=\"x_gmail-opacity-80 x_gmail-text-sm\">\u00a0<\/span><span class=\"x_gmail-cursor-pointer x_gmail-group\" title=\"Reproducir desde 5:44\">compa\u00f1eros que trabajan en la<b>\u00a0estancia, tractoristas,<\/b>\u00a0compa\u00f1eros de los\u00a0<b>supermercados<\/b>, tenemos\u00a0<b>amas de<\/b><\/span><span class=\"x_gmail-opacity-80 x_gmail-text-sm\"><b>\u00a0<\/b><\/span><span class=\"x_gmail-cursor-pointer x_gmail-group\" title=\"Reproducir desde 5:49\"><b>casa;<\/b>\u00a0en general se trata de eso, de que sea toda gente trabajadora,<\/span><span class=\"x_gmail-opacity-80 x_gmail-text-sm\">\u00a0<\/span><span class=\"x_gmail-cursor-pointer x_gmail-group\" title=\"Reproducir desde 5:55\">y hacerlo a pulm\u00f3n, como lo estamos haciendo todos los d\u00edas, el sacrificio que hacen las compa\u00f1eras,<\/span><span class=\"x_gmail-opacity-80 x_gmail-text-sm\">\u00a0<\/span><span class=\"x_gmail-cursor-pointer x_gmail-group\" title=\"Reproducir desde 6:04\">los compa\u00f1eros, venir a hacer una torta frita para poder vender, para poder comprarnos una camiseta,<\/span><span class=\"x_gmail-opacity-80 x_gmail-text-sm\">\u00a0<\/span><span class=\"x_gmail-cursor-pointer x_gmail-group\" title=\"Reproducir desde 6:08\">comprarnos una bandera, a mandarse unos stickers. No tenemos a nadie, no tenemos empresarios, no somos<\/span><span class=\"x_gmail-opacity-80 x_gmail-text-sm\">\u00a0<\/span><span class=\"x_gmail-cursor-pointer x_gmail-group\" title=\"Reproducir desde 6:13\">estancieros, no tenemos a nadie que nos respalde, solamente lo hacemos como somos nosotros los<\/span><span class=\"x_gmail-opacity-80 x_gmail-text-sm\">\u00a0<\/span><span class=\"x_gmail-cursor-pointer x_gmail-group\" title=\"Reproducir desde 6:17\">trabajadores, que siempre en las situaciones m\u00e1s dif\u00edciles salimos\u00bb.<\/span><\/span><\/span><\/span><\/div>\n<div><span class=\"x_gmail-cursor-pointer x_gmail-group\" title=\"Reproducir desde 3:45\"><span class=\"x_gmail-group-hover:bg-base-200 x_gmail-rounded x_gmail-p-0.5 x_gmail--m-0.5\"><span class=\"x_gmail-cursor-pointer x_gmail-group\" title=\"Reproducir desde 6:17\"><span style=\"color: #000000;\">\u00abEs un poco eso\u00bb, a\u00f1adi\u00f3, \u00ab<span class=\"x_gmail-cursor-pointer x_gmail-group\" title=\"Reproducir desde 6:22\">tratar de llevar esta corriente, y en caso de que gane la Intendencia, poder tener estos compa\u00f1eros<\/span><span class=\"x_gmail-opacity-80 x_gmail-text-sm\">\u00a0<\/span><span class=\"x_gmail-cursor-pointer x_gmail-group\" title=\"Reproducir desde 6:30\">all\u00e1 adelante que se lo merecen, y que la Intendencia sea frenteamplista, es lo que todos<\/span><span class=\"x_gmail-opacity-80 x_gmail-text-sm\">\u00a0<\/span><span class=\"x_gmail-cursor-pointer x_gmail-group\" title=\"Reproducir desde 6:36\">queremos en Durazno, que haya un cambio en Durazno, que no haya m\u00e1s &#8216;<b>vidalinismo&#8217;,<\/b>\u00a0que no haga m\u00e1s\u00a0<b>Rielli\u00a0<\/b>en Durazno,<\/span><span class=\"x_gmail-opacity-80 x_gmail-text-sm\">\u00a0<\/span><span class=\"x_gmail-cursor-pointer x_gmail-group\" title=\"Reproducir desde 6:40\">que sean apoderado del pueblo; esta gente est\u00e1n atornillados hace 40 a\u00f1os adentro de la Intendencia,<\/span><span class=\"x_gmail-opacity-80 x_gmail-text-sm\">\u00a0y\u00a0<\/span><span class=\"x_gmail-cursor-pointer x_gmail-group\" title=\"Reproducir desde 6:46\">se han enriquecido a costilla el pueblo, y bueno, es un poco tratar de cambiar la cabeza de los duraznenses,\u00a0<\/span><span class=\"x_gmail-cursor-pointer x_gmail-group\" title=\"Reproducir desde 6:53\">creo que se est\u00e1 abriendo la cabeza, se han dado cuenta, esto no puede seguir as\u00ed, y que necesitamos<\/span><span class=\"x_gmail-opacity-80 x_gmail-text-sm\">\u00a0<\/span><span class=\"x_gmail-cursor-pointer x_gmail-group\" title=\"Reproducir desde 6:58\">que sea gente laburadora y gente que respalde a los trabajadores, que es lo que no est\u00e1 pasando en la<\/span><span class=\"x_gmail-opacity-80 x_gmail-text-sm\">\u00a0<\/span><span class=\"x_gmail-cursor-pointer x_gmail-group\" title=\"Reproducir desde 7:03\">Intendencia, que tenemos gente trabajando por 18 mil pesos en la categor\u00eda m\u00e1s baja; es la Intendencia<\/span><span class=\"x_gmail-opacity-80 x_gmail-text-sm\">\u00a0<\/span><span class=\"x_gmail-cursor-pointer x_gmail-group\" title=\"Reproducir desde 7:08\">m\u00e1s mal paga del Interior, y bueno, queremos revertir todo eso, por eso nos sumamos a esta lucha, y como<\/span><span class=\"x_gmail-opacity-80 x_gmail-text-sm\">\u00a0<\/span><span class=\"x_gmail-cursor-pointer x_gmail-group\" title=\"Reproducir desde 7:14\">siempre estamos a la orden, y muchas gracias, como le dije anteriormente, por haber venido, y a los compa\u00f1eros<\/span><span class=\"x_gmail-opacity-80 x_gmail-text-sm\">\u00a0<\/span><span class=\"x_gmail-cursor-pointer x_gmail-group\" title=\"Reproducir desde 7:18\">que d\u00eda a d\u00eda est\u00e1n aportando el sacrificio que est\u00e1n haciendo, dejando a la familia para venir a hacer una &#8216;torteada&#8217;,\u00a0<\/span><span class=\"x_gmail-cursor-pointer x_gmail-group\" title=\"Reproducir desde 7:25\">es impresionante, as\u00ed que muy agradecido con todos\u00bb.<\/span><\/span><\/span><\/span><\/span><\/div>\n<div><span class=\"x_gmail-cursor-pointer x_gmail-group\" title=\"Reproducir desde 3:45\"><span class=\"x_gmail-group-hover:bg-base-200 x_gmail-rounded x_gmail-p-0.5 x_gmail--m-0.5\"><span class=\"x_gmail-cursor-pointer x_gmail-group\" title=\"Reproducir desde 6:17\"><span style=\"color: #000000;\"><span class=\"x_gmail-cursor-pointer x_gmail-group\" title=\"Reproducir desde 7:25\">\u00a0<\/span><\/span><\/span><\/span><\/span><\/div>\n<div><span class=\"x_gmail-cursor-pointer x_gmail-group\" title=\"Reproducir desde 7:25\"><span class=\"x_gmail-group-hover:bg-base-200 x_gmail-rounded x_gmail-p-0.5 x_gmail--m-0.5\"><b>P\u00e9rez<\/b>, dijo adem\u00e1s que el sector que lo tiene como referente, cuenta con dirigentes en\u00a0<\/span><\/span><span class=\"x_gmail-cursor-pointer x_gmail-group\" title=\"Reproducir desde 7:30\"><span class=\"x_gmail-group-hover:bg-base-200 x_gmail-rounded x_gmail-p-0.5 x_gmail--m-0.5\">todo el departamento, \u00abest\u00e1n\u00a0<\/span><\/span><span class=\"x_gmail-cursor-pointer x_gmail-group\" title=\"Reproducir desde 7:39\"><span class=\"x_gmail-group-hover:bg-base-200 x_gmail-rounded x_gmail-p-0.5 x_gmail--m-0.5\">con nosotros, nos est\u00e1n respaldando en esta lista\u00bb.<\/span><\/span><\/div>\n<div><span class=\"x_gmail-cursor-pointer x_gmail-group\" title=\"Reproducir desde 3:45\"><span class=\"x_gmail-group-hover:bg-base-200 x_gmail-rounded x_gmail-p-0.5 x_gmail--m-0.5\"><span class=\"x_gmail-cursor-pointer x_gmail-group\" title=\"Reproducir desde 6:17\"><span style=\"color: #000000;\"><span class=\"x_gmail-cursor-pointer x_gmail-group\" title=\"Reproducir desde 7:39\">Respecto al Interior de Durazno, agreg\u00f3 que existen preocupaciones, \u00abpor ejemplo\u00a0<\/span><\/span><\/span><\/span><\/span><span class=\"x_gmail-cursor-pointer x_gmail-group\" title=\"Reproducir desde 8:15\"><span class=\"x_gmail-group-hover:bg-base-200 x_gmail-rounded x_gmail-p-0.5 x_gmail--m-0.5\">las empresas que van a trabajar al interior, a Villa (<b>Ciudad) del Carmen<\/b>, ya sea a\u00a0<b>Sarand\u00ed del Yi, La Paloma,<\/b><\/span><\/span><span class=\"x_gmail-opacity-80 x_gmail-text-sm\">\u00a0<\/span><span class=\"x_gmail-cursor-pointer x_gmail-group\" title=\"Reproducir desde 8:21\"><span class=\"x_gmail-group-hover:bg-base-200 x_gmail-rounded x_gmail-p-0.5 x_gmail--m-0.5\">no toman gente del pueblo, van con el personal, y estar\u00eda bueno pelear un poco por esa mano de obra local,<\/span><\/span><span class=\"x_gmail-opacity-80 x_gmail-text-sm\">\u00a0<\/span><span class=\"x_gmail-cursor-pointer x_gmail-group\" title=\"Reproducir desde 8:27\"><span class=\"x_gmail-group-hover:bg-base-200 x_gmail-rounded x_gmail-p-0.5 x_gmail--m-0.5\">cada vez que vaya una empresa al Interior, que pueda tomar gente del pueblo, eso ser\u00eda excepcional para la gente del Interior,<\/span><\/span><span class=\"x_gmail-opacity-80 x_gmail-text-sm\">\u00a0<\/span><span class=\"x_gmail-cursor-pointer x_gmail-group\" title=\"Reproducir desde 8:34\"><span class=\"x_gmail-group-hover:bg-base-200 x_gmail-rounded x_gmail-p-0.5 x_gmail--m-0.5\">que cada tanto va una obra y que esa obra sea hecha por los compa\u00f1eros del pueblo.\u00a0<\/span><\/span><span class=\"x_gmail-cursor-pointer x_gmail-group\" title=\"Reproducir desde 8:40\"><span class=\"x_gmail-group-hover:bg-base-200 x_gmail-rounded x_gmail-p-0.5 x_gmail--m-0.5\">Sabemos que las empresas tienen que llevar los &#8216;punteros&#8217;, los capataces, pero tambi\u00e9n tenemos en el Interior,\u00a0<\/span><\/span><span class=\"x_gmail-cursor-pointer x_gmail-group\" title=\"Reproducir desde 8:45\"><span class=\"x_gmail-group-hover:bg-base-200 x_gmail-rounded x_gmail-p-0.5 x_gmail--m-0.5\"><b>buenos oficiales, buenos alba\u00f1iles y buenos peones<\/b>\u00a0que tambi\u00e9n tienen la necesidad de trabajar como todos nosotros\u00bb.<\/span><\/span><\/div>\n<div><span class=\"x_gmail-cursor-pointer x_gmail-group\" title=\"Reproducir desde 9:00\"><span class=\"x_gmail-group-hover:bg-base-200 x_gmail-rounded x_gmail-p-0.5 x_gmail--m-0.5\">\u00abUn poco el pensamiento que tenemos nosotros en general, la lista nuestra es en el caso de la mano de obra local,<\/span><\/span><span class=\"x_gmail-opacity-80 x_gmail-text-sm\">\u00a0<\/span><span class=\"x_gmail-cursor-pointer x_gmail-group\" title=\"Reproducir desde 9:08\"><span class=\"x_gmail-group-hover:bg-base-200 x_gmail-rounded x_gmail-p-0.5 x_gmail--m-0.5\">cuando se hace una licitaci\u00f3n en la Intendencia, que en esa licitaci\u00f3n haya un porcentaje de gente de Durazno,<\/span><\/span><span class=\"x_gmail-opacity-80 x_gmail-text-sm\">\u00a0<\/span><span class=\"x_gmail-cursor-pointer x_gmail-group\" title=\"Reproducir desde 9:18\"><span class=\"x_gmail-group-hover:bg-base-200 x_gmail-rounded x_gmail-p-0.5 x_gmail--m-0.5\">que la mano de obra sea local o de la obra, que sea, en el<b>\u00a0Carmen, Sarand\u00ed del Yi<\/b>,\u00a0 que haya un porcentaje que est\u00e9 escrito en el pliego\u00bb, \u00abs<\/span><\/span><span class=\"x_gmail-cursor-pointer x_gmail-group\" title=\"Reproducir desde 9:27\"><span class=\"x_gmail-group-hover:bg-base-200 x_gmail-rounded x_gmail-p-0.5 x_gmail--m-0.5\">abemos que es complicado, que a veces las empresas nos dicen que tienen gente en el seguro de paro,<\/span><\/span><span class=\"x_gmail-opacity-80 x_gmail-text-sm\">\u00a0<\/span><span class=\"x_gmail-cursor-pointer x_gmail-group\" title=\"Reproducir desde 9:33\"><span class=\"x_gmail-group-hover:bg-base-200 x_gmail-rounded x_gmail-p-0.5 x_gmail--m-0.5\">que no pueden tomar gente, que van a traer gente del seguro de paro\u00a0 estar\u00eda bueno que si es verdad que tienen gente en el seguro de paro,<\/span><\/span><span class=\"x_gmail-opacity-80 x_gmail-text-sm\">\u00a0<\/span><span class=\"x_gmail-cursor-pointer x_gmail-group\" title=\"Reproducir desde 9:37\"><span class=\"x_gmail-group-hover:bg-base-200 x_gmail-rounded x_gmail-p-0.5 x_gmail--m-0.5\">que lo comprobaran, \u00bfno?\u00bb.<\/span><\/span><\/div>\n<\/div>\n","protected":false},"excerpt":{"rendered":"<p>Ra\u00fal Licandro, uno de los dos\u00a0candidatos a la Intendencia de Durazno\u00a0por el\u00a0Partido Frente Amplio,\u00a0anunci\u00f3 ayer lunes en rueda de prensa, la adhesi\u00f3n a su candidatura de un sector de reciente creaci\u00f3n, denominado\u00a0\u00abCorriente Obrera. Lista 2712\u00bb.<\/p>\n","protected":false},"author":4,"featured_media":6562,"comment_status":"closed","ping_status":"closed","sticky":false,"template":"","format":"standard","meta":{"footnotes":""},"categories":[5],"tags":[],"class_list":["post-6561","post","type-post","status-publish","format-standard","has-post-thumbnail","hentry","category-durazno"],"_links":{"self":[{"href":"https:\/\/paginacero.com.uy\/index.php?rest_route=\/wp\/v2\/posts\/6561","targetHints":{"allow":["GET"]}}],"collection":[{"href":"https:\/\/paginacero.com.uy\/index.php?rest_route=\/wp\/v2\/posts"}],"about":[{"href":"https:\/\/paginacero.com.uy\/index.php?rest_route=\/wp\/v2\/types\/post"}],"author":[{"embeddable":true,"href":"https:\/\/paginacero.com.uy\/index.php?rest_route=\/wp\/v2\/users\/4"}],"replies":[{"embeddable":true,"href":"https:\/\/paginacero.com.uy\/index.php?rest_route=%2Fwp%2Fv2%2Fcomments&post=6561"}],"version-history":[{"count":1,"href":"https:\/\/paginacero.com.uy\/index.php?rest_route=\/wp\/v2\/posts\/6561\/revisions"}],"predecessor-version":[{"id":6563,"href":"https:\/\/paginacero.com.uy\/index.php?rest_route=\/wp\/v2\/posts\/6561\/revisions\/6563"}],"wp:featuredmedia":[{"embeddable":true,"href":"https:\/\/paginacero.com.uy\/index.php?rest_route=\/wp\/v2\/media\/6562"}],"wp:attachment":[{"href":"https:\/\/paginacero.com.uy\/index.php?rest_route=%2Fwp%2Fv2%2Fmedia&parent=6561"}],"wp:term":[{"taxonomy":"category","embeddable":true,"href":"https:\/\/paginacero.com.uy\/index.php?rest_route=%2Fwp%2Fv2%2Fcategories&post=6561"},{"taxonomy":"post_tag","embeddable":true,"href":"https:\/\/paginacero.com.uy\/index.php?rest_route=%2Fwp%2Fv2%2Ftags&post=6561"}],"curies":[{"name":"wp","href":"https:\/\/api.w.org\/{rel}","templated":true}]}}