{"id":6556,"date":"2025-03-10T16:39:14","date_gmt":"2025-03-10T19:39:14","guid":{"rendered":"https:\/\/paginacero.com.uy\/?p=6556"},"modified":"2025-03-10T16:39:14","modified_gmt":"2025-03-10T19:39:14","slug":"intendencia-de-durazno-ose-y-vecinos-de-los-barrios-la-lanera-y-moroni-firmaron-convenio-tripartito-para-concretar-saneamiento","status":"publish","type":"post","link":"https:\/\/paginacero.com.uy\/?p=6556","title":{"rendered":"Intendencia de Durazno, OSE y vecinos de los barrios La Lanera y Moroni firmaron convenio tripartito para concretar saneamiento"},"content":{"rendered":"<p><strong>En la ma\u00f1ana de hoy el Intendente Lic. Carmelo Vidal\u00edn junto al Presidente de OSE, Ing. Ra\u00fal Montero, a los secretarios generales Dr. Andr\u00e9s Lesa (IDD) y Dr. Juan Maeso (OSE), encontr\u00e1ndose presentes tambi\u00e9n el Director del Departamento de Obras Arq. Mat\u00edas Cabrera, la Presidente de la Junta Departamental Edil Virginia Burgues, el Dr. Gonzalo Sp\u00ednola, asesor del ente estatal y vecinos de los barrios La Lanera y Moroni, firmaron un convenio tripartito para concretar el saneamiento en la totalidad de La Lanera y un alto porcentaje en el caso del barrio Moroni.<\/strong><!--more--><\/p>\n<div dir=\"auto\" data-olk-copy-source=\"MessageBody\">Si bien la Intendencia no tiene dentro de sus facultades u obligaciones la de concreci\u00f3n de saneamiento ya que la \u00fanica que lo tiene es Montevideo, desde el gobierno departamental se valora la importancia de esta obra en beneficio de los vecinos para mejorar su calidad de vida \u201ces un d\u00eda muy importante en el que, trabajando como lo hemos hecho durante tantos a\u00f1os, desde los noventa en COBUSU, PLAMAGUAY y luego seguimos con otros barrios como el BUEM, donde el Ingeniero Benjam\u00edn Iraz\u00e1bal trabaj\u00f3 much\u00edsimo, nosotros seguimos en la zona de Santa Bernardina, Las Higueras, Dur\u00e1n, Taddey, entre otros barrios y hoy estamos firmando un convenio que ha sido muy esperado por los vecinos de los barrios La Lanera y Moroni, este \u00faltimo que ha tenido la tolerancia de saber aceptar que, con motivo de las viviendas donadas por UPM, llevamos el saneamiento hasta una parte del barrio, pero no lo pudimos llevar todo y La Lanera donde no hab\u00eda ordenamiento territorial, el barrio se fue extendiendo y que en su momento se hizo un peque\u00f1o saneamiento no tradicional\u201d indic\u00f3 el jefe comunal quien agreg\u00f3 \u201cse trata de un proyecto tripartito entre los vecinos, OSE y la Intendencia de Durazno y lo hacemos con gusto porque luego de contar con el saneamiento podemos pensar en otro desarrollo urbano para los barrios y disfruto mucho de este d\u00eda de alegr\u00eda\u201d<\/div>\n<div dir=\"auto\"><\/div>\n<div dir=\"auto\"><strong>Pensar en el futuro<\/strong><\/div>\n<div dir=\"auto\"><\/div>\n<div dir=\"auto\">En tanto, el Ing. Ra\u00fal Montero, actual Presidente de OSE, al referirse al documento firmado, destac\u00f3 la importancia de la inversi\u00f3n en la obra \u201cno es poco dinero, en La Lanera estamos hablando de 37 millones de pesos y en el Moroni son casi 19 millones de pesos y para que esto se logre est\u00e1 el impulso de los vecinos, la insistencia y es oportuno hablar de la generosidad de la Intendencia, de involucrarse en un tema que no es su competencia legal y en el fondo apunta a que los barrios tengan la totalidad de la infraestructura porque si no est\u00e1 bien hecho el saneamiento es muy dif\u00edcil hacer algo duradero arriba, por lo que en fondo habla de una visi\u00f3n de futuro y no solo mirar lo que est\u00e1 cerca, as\u00ed que es un acto de generosidad y tambi\u00e9n es una forma inteligente de gobernar\u201d precis\u00f3 Montero.<\/div>\n<div dir=\"auto\"><\/div>\n<div dir=\"auto\">Firma del documento y agradecimiento de los vecinos<\/div>\n<div dir=\"auto\"><\/div>\n<div dir=\"auto\">Luego de la alocuci\u00f3n de las autoridades, la Escribana Adriana \u00c1vila dio lectura al texto de los convenios y posteriormente se procedi\u00f3 a la firma correspondiente, oportunidad en la que los vecinos agradecieron la posibilidad de concretar esta aspiraci\u00f3n \u201ces un gran anhelo de los vecinos y de parte de ustedes lograr la firma de este convenio, agradecer de que esto se lleve adelante, pedir disculpas por los momentos de enojo, esta es la lucha de un barrio, estamos contentos por esta etapa y seremos pacientes, como lo fuimos, por los vecinos de otras cuadras que les falta el saneamiento que quiz\u00e1 m\u00e1s adelante se pueda hacer\u201d expres\u00f3 Gonzalo Mach\u00edn.<\/div>\n<p>Por su parte Ana Luisa G\u00f3mez, en representaci\u00f3n de los vecinos de La Lanera indic\u00f3 \u201cestamos muy contentos por todo esto porque es una lucha de todos los vecinos, los felicitamos por su compromiso y estamos agradecidos porque sabemos que para todos esto implica compromisos distintos, como el de la Intendencia que sabemos no es su competencia\u201d<\/p>\n","protected":false},"excerpt":{"rendered":"<p>En la ma\u00f1ana de hoy el Intendente Lic. Carmelo Vidal\u00edn junto al Presidente de OSE, Ing. Ra\u00fal Montero, a los secretarios generales Dr. Andr\u00e9s Lesa (IDD) y Dr. Juan Maeso (OSE), encontr\u00e1ndose presentes tambi\u00e9n el Director del Departamento de Obras Arq. Mat\u00edas Cabrera, la Presidente de la Junta Departamental Edil Virginia Burgues, el Dr. Gonzalo [&hellip;]<\/p>\n","protected":false},"author":4,"featured_media":6557,"comment_status":"closed","ping_status":"closed","sticky":false,"template":"","format":"standard","meta":{"footnotes":""},"categories":[5],"tags":[],"class_list":["post-6556","post","type-post","status-publish","format-standard","has-post-thumbnail","hentry","category-durazno"],"_links":{"self":[{"href":"https:\/\/paginacero.com.uy\/index.php?rest_route=\/wp\/v2\/posts\/6556","targetHints":{"allow":["GET"]}}],"collection":[{"href":"https:\/\/paginacero.com.uy\/index.php?rest_route=\/wp\/v2\/posts"}],"about":[{"href":"https:\/\/paginacero.com.uy\/index.php?rest_route=\/wp\/v2\/types\/post"}],"author":[{"embeddable":true,"href":"https:\/\/paginacero.com.uy\/index.php?rest_route=\/wp\/v2\/users\/4"}],"replies":[{"embeddable":true,"href":"https:\/\/paginacero.com.uy\/index.php?rest_route=%2Fwp%2Fv2%2Fcomments&post=6556"}],"version-history":[{"count":1,"href":"https:\/\/paginacero.com.uy\/index.php?rest_route=\/wp\/v2\/posts\/6556\/revisions"}],"predecessor-version":[{"id":6558,"href":"https:\/\/paginacero.com.uy\/index.php?rest_route=\/wp\/v2\/posts\/6556\/revisions\/6558"}],"wp:featuredmedia":[{"embeddable":true,"href":"https:\/\/paginacero.com.uy\/index.php?rest_route=\/wp\/v2\/media\/6557"}],"wp:attachment":[{"href":"https:\/\/paginacero.com.uy\/index.php?rest_route=%2Fwp%2Fv2%2Fmedia&parent=6556"}],"wp:term":[{"taxonomy":"category","embeddable":true,"href":"https:\/\/paginacero.com.uy\/index.php?rest_route=%2Fwp%2Fv2%2Fcategories&post=6556"},{"taxonomy":"post_tag","embeddable":true,"href":"https:\/\/paginacero.com.uy\/index.php?rest_route=%2Fwp%2Fv2%2Ftags&post=6556"}],"curies":[{"name":"wp","href":"https:\/\/api.w.org\/{rel}","templated":true}]}}