{"id":6544,"date":"2025-03-10T16:17:31","date_gmt":"2025-03-10T19:17:31","guid":{"rendered":"https:\/\/paginacero.com.uy\/?p=6544"},"modified":"2025-03-10T16:17:31","modified_gmt":"2025-03-10T19:17:31","slug":"expo-durazno-congrego-la-mejor-genetica-de-la-cabana-uruguaya","status":"publish","type":"post","link":"https:\/\/paginacero.com.uy\/?p=6544","title":{"rendered":"Expo Durazno congreg\u00f3 la mejor gen\u00e9tica de la caba\u00f1a uruguaya"},"content":{"rendered":"<p><strong>La denominada\u00a0\u00abantesala del Prado\u00bb\u00a0nuevamente volvi\u00f3 a confirmar ese cuasi slogan, dado que fue por todo lo alto una gran fiesta de la producci\u00f3n y la gen\u00e9tica animal del pa\u00eds.<\/strong><!--more--><\/p>\n<p><span style=\"font-size: large;\" data-olk-copy-source=\"MessageBody\">En esta ocasi\u00f3n nuevamente y tal como lo informara a\u00a0<b>P\u00e1gina Cero<\/b>, d\u00edas previos al evento\u00a0el<b>\u00a0Director de Exposiciones, Tec. Agr\u00f3p. Rafael Frugoni,<\/b>\u00a0el n\u00famero de caba\u00f1as y animales inscriptos, fue sumamente positivo.<br \/>\nLa gran cita del campo y la ciudad de Durazno, reuni\u00f3 un total de<b>\u00a0777 reproductores en pista<\/b>; a trav\u00e9s de la participaci\u00f3n de\u00a0<b>165 caba\u00f1as de todo el pa\u00eds; 86 en la categor\u00eda bovina, 63 en ovinos y 16 en equinos.<\/b><\/span><\/p>\n<div><span style=\"font-size: large;\"><b>\u00a0<\/b><\/span><\/div>\n<div><span style=\"font-size: large;\"><b>Plan Odontol\u00f3gico en creciente labor<\/b><br \/>\nPero adem\u00e1s de la producci\u00f3n y otras \u00e1rea\u00a0vinculadas a lo comercial del sector, la\u00a0<b>Sociedad Rural de Durazno (SRD)<\/b>\u00a0tiene como uno de los pilares de acci\u00f3n social el apoyo a la\u00a0<b>salud bucal infantil,<\/b>\u00a0con un programa educativo, preventivo y asistencial en conjunto con\u00a0<b>20 instituciones<\/b>. Durante el a\u00f1o pasado\u00a0<b>se visitaron 51 escuelas, beneficiando a 430 ni\u00f1os de entre 3 y 12 a\u00f1os<\/b>, con controles odontol\u00f3gicos, vacunaciones y charlas sobre salud y zoonosis, inform\u00f3 en un art\u00edculo de\u00a0<b>Rurales de El Pa\u00eds,<\/b>\u00a0el periodista especializado en la parte agropecuaria,\u00a0<b>Pablo Mestre.<\/b><br \/>\n\u00abLos ni\u00f1os que egresan de sexto a\u00f1o quedan con cero caries\u00bb, enfatiz\u00f3\u00a0<b>(la<\/b><b>\u00a0Dra. Ana) Acu\u00f1a,<\/b>\u00a0anunciando que pr\u00f3ximamente contar\u00e1n con un\u00a0<b>m\u00f3vil odontol\u00f3gico donado por el gobierno de Jap\u00f3n.<\/b>\u00a0Destac\u00f3 tambi\u00e9n el apoyo de las\u00a0<b>doctoras Amparo Aguirre y D\u00e9bora B\u00e1ez,\u00a0<\/b>as\u00ed como la labor de la\u00a0<b>Maestra Sandy Ortiz y la Escuela N\u00ba 82 de Blanquillo,<\/b>\u00a0que obtuvo el reconocimiento a la mejor higiene bucal.<br \/>\nEn el plano de la gesti\u00f3n general de la instituci\u00f3n,<b>\u00a0Acu\u00f1a<\/b>, resalt\u00f3 la participaci\u00f3n de la\u00a0<b>SRD<\/b>, en actividades de fomento y promoci\u00f3n, como las catas de vinos organizadas junto a los rotarios de Durazno, cuyas recaudaciones han sido destinadas a continuar con el plan odontol\u00f3gico.<br \/>\nLa dirigente tambi\u00e9n hizo referencia a la\u00a0<b>calidad gen\u00e9tica de la ganader\u00eda local,<\/b>\u00a0felicitando a las caba\u00f1as\u00a0<b>El Baqueano de la familia Bordaberry y San Jos\u00e9 de Yaguar\u00ed de la familia Zerbino,\u00a0<\/b>cuyos toros fueron exportados a\u00a0<b>China<\/b>. En un reconocimiento especial, destac\u00f3 el trabajo de la d<b>octora Luc\u00eda Zerbino y el doctor Santiago Bordaberry,<\/b>\u00a0ambos integrantes de la directiva.<br \/>\n<\/span><\/div>\n<div><span style=\"font-size: large;\">\u00a0<\/span><\/div>\n<div><span style=\"font-size: large;\"><b>Vidal\u00edn presente en todo el evento<\/b><\/span><\/div>\n<div>En la oratoria de apertura del evento, el<b>\u00a0jefe comunal duraznense, Carmelo Vidal\u00edn,\u00a0<\/b>destac\u00f3 la importancia de la producci\u00f3n agropecuaria del pa\u00eds y el desaf\u00edo de adaptarse a las exigencias del mercado internacional. Resalt\u00f3 los esfuerzos realizados por los productores, la industria y el gobierno en mejorar la sustentabilidad de la producci\u00f3n agropecuaria.<\/div>\n<div><span style=\"font-size: large;\">\u00abEl consumidor, sobre todo el del exterior, quiere estar cada vez m\u00e1s informado de lo que compra, de lo que consume, de la calidad y la inocuidad de los productos, de c\u00f3mo se producen y si somos o no amigables con el medio ambiente. En este sentido, se ha hecho mucho, pero por nuestro peque\u00f1o tama\u00f1o, el esfuerzo debe ser a\u00fan mayor\u00bb, dijo y agradeci\u00f3 a los medios de\u00a0prensa departamental y nacional \u00abpor permitirnos llegar a todas partes del mundo diciendo que en nuestro Durazno apostamos a una producci\u00f3n agropecuaria sana, libre de productos contaminantes, y que queremos que nuestros productos sean conocidos en el mundo por su calidad\u00bb.<br \/>\nEse d\u00eda, en la\u00a0antesala del\u00a0<b>D\u00eda Internacional de la Mujer,\u00a0<\/b>envi\u00f3 un mensaje a todas las mujeres rurales, reconociendo su esfuerzo y tenacidad en la vida del campo y de la producci\u00f3n agropecuaria. \u00abNos han reconocido como tenaces, pujantes, trabajadoras que afrontamos diferentes desaf\u00edos. Disfruten de ese d\u00eda\u00bb, concluy\u00f3.<\/p>\n<p><b>Palabras en el cierre de la Expo Durazno<\/b><br \/>\n\u00abLo lindo de hoy es agradecer la presencia de nuestro Presidente; \u00a0gracias\u00a0<b>profesor Orsi,<\/b>\u00a0gracias querido Yamand\u00fa por estar acompa\u00f1\u00e1ndonos; gracias se\u00f1or\u00a0<b>Ministro (Alfredo Fratti); Diputados\u00bb<\/b>, dijo al inicio\u00a0<b>Vidal\u00edn<\/b>, quien destac\u00f3 adem\u00e1s la presencia del S<b>enador de la Rep\u00fablica, Dr. Pedro Bordaberry,\u00a0<\/b>\u00abquiero tener palabras tambi\u00e9n de valoraci\u00f3n por Pedro, porque encima de su calidad de Senador, es un gran vecino que transcurre por la vida tambi\u00e9n con la mano extendida para realizar obra social. Es buena cosa mencionarlo y decirlo para ser agradecido\u00bb, al tiempo que\u00a0<b>valor\u00f3 la labor de los caba\u00f1eros<\/b>, \u00abfelicitarlos porque siempre dejan lo mejor de s\u00ed, para que los duraznenses experimentemos orgullo de lo que es esta fiesta\u00bb<br \/>\n\u00abLe coment\u00e1bamos a nuestro querido<b>\u00a0Presidente (Yamand\u00fa Orsi)<\/b>, a nuestro amigo, y \u00e9l ya ven\u00eda bien informado. Imagino que tiene la camiseta all\u00e1 de\u00a0<b>Canelones<\/b>, puesta hasta los tobillos y que conoce much\u00edsimo de todas estas cosas y otros temas agropecuarios mucho m\u00e1s a\u00fan; le coment\u00e1bamos la importancia que tiene esta fiesta como\u00a0<b>previa del Prado<\/b>, y el estaba bien informado, y por eso es que agradezco; un domingo que debe venir de mil problemas; gracias por \u00a0estar con nosotros. A mi amigo Julio y a mi amigo Mario que est\u00e1n por ac\u00e1 del\u00a0<b>Instituto de Colonizaci\u00f3n<\/b>, gracias; a mi amigo Car\u00e1mbula tambi\u00e9n muchas gracias por estar. Deber\u00eda seguir agradeciendo muchas cosas m\u00e1s; gracias a la<b>\u00a0Sociedad Rural de Durazno<\/b>\u00ab, dijo Vidal\u00edn, instantes previos de entregarle al\u00a0<b>Presidente de la Rep\u00fablica, Prof. Yamand\u00fa Orsi,\u00a0<\/b>un obsequio, que consisti\u00f3 en una botella de vino carmense marca \u00abCapricho\u00bb.<\/span><\/div>\n","protected":false},"excerpt":{"rendered":"<p>La denominada\u00a0\u00abantesala del Prado\u00bb\u00a0nuevamente volvi\u00f3 a confirmar ese cuasi slogan, dado que fue por todo lo alto una gran fiesta de la producci\u00f3n y la gen\u00e9tica animal del pa\u00eds.<\/p>\n","protected":false},"author":4,"featured_media":6545,"comment_status":"closed","ping_status":"closed","sticky":false,"template":"","format":"standard","meta":{"footnotes":""},"categories":[1],"tags":[],"class_list":["post-6544","post","type-post","status-publish","format-standard","has-post-thumbnail","hentry","category-uncategorized"],"_links":{"self":[{"href":"https:\/\/paginacero.com.uy\/index.php?rest_route=\/wp\/v2\/posts\/6544","targetHints":{"allow":["GET"]}}],"collection":[{"href":"https:\/\/paginacero.com.uy\/index.php?rest_route=\/wp\/v2\/posts"}],"about":[{"href":"https:\/\/paginacero.com.uy\/index.php?rest_route=\/wp\/v2\/types\/post"}],"author":[{"embeddable":true,"href":"https:\/\/paginacero.com.uy\/index.php?rest_route=\/wp\/v2\/users\/4"}],"replies":[{"embeddable":true,"href":"https:\/\/paginacero.com.uy\/index.php?rest_route=%2Fwp%2Fv2%2Fcomments&post=6544"}],"version-history":[{"count":1,"href":"https:\/\/paginacero.com.uy\/index.php?rest_route=\/wp\/v2\/posts\/6544\/revisions"}],"predecessor-version":[{"id":6546,"href":"https:\/\/paginacero.com.uy\/index.php?rest_route=\/wp\/v2\/posts\/6544\/revisions\/6546"}],"wp:featuredmedia":[{"embeddable":true,"href":"https:\/\/paginacero.com.uy\/index.php?rest_route=\/wp\/v2\/media\/6545"}],"wp:attachment":[{"href":"https:\/\/paginacero.com.uy\/index.php?rest_route=%2Fwp%2Fv2%2Fmedia&parent=6544"}],"wp:term":[{"taxonomy":"category","embeddable":true,"href":"https:\/\/paginacero.com.uy\/index.php?rest_route=%2Fwp%2Fv2%2Fcategories&post=6544"},{"taxonomy":"post_tag","embeddable":true,"href":"https:\/\/paginacero.com.uy\/index.php?rest_route=%2Fwp%2Fv2%2Ftags&post=6544"}],"curies":[{"name":"wp","href":"https:\/\/api.w.org\/{rel}","templated":true}]}}