{"id":6541,"date":"2025-03-10T16:14:40","date_gmt":"2025-03-10T19:14:40","guid":{"rendered":"https:\/\/paginacero.com.uy\/?p=6541"},"modified":"2025-03-10T16:14:40","modified_gmt":"2025-03-10T19:14:40","slug":"srd-continuar-descentralizacion-e-infraestructura-vial","status":"publish","type":"post","link":"https:\/\/paginacero.com.uy\/?p=6541","title":{"rendered":"SRD: continuar descentralizaci\u00f3n e infraestructura vial"},"content":{"rendered":"<p><span style=\"font-size: large;\" data-olk-copy-source=\"MessageBody\">En el discurso de cierre de la<b>\u00a0111 edici\u00f3n de la Expo Durazno,<\/b>\u00a0la\u00a0<b>Dra. Ana Acu\u00f1a, P<\/b><\/span><b>residenta de la Sociedad Rural de Durazno (SRD),<\/b>\u00a0\u00a0<span style=\"font-size: large;\">traslad\u00f3 inquietudes del sector como la\u00a0<b>gu\u00eda electr\u00f3nica<\/b>\u00a0y temas sanitarios como la\u00a0<b>garrapata y la bichera<\/b>, y agradeci\u00f3 apoyos y esfuerzos realizados, adem\u00e1s de destacar la labor que durante a\u00f1os le cupo en el cargo de\u00a0<b>Capat\u00e1z<\/b>\u00a0de la entidad agropecuaria, al se\u00f1or\u00a0<b>Mario Rojas.<\/b><\/span><!--more--><\/p>\n<p><span style=\"font-size: large;\" data-olk-copy-source=\"MessageBody\">\u00abUn reconocimiento a los caba\u00f1eros que nos acompa\u00f1an, los cuales son el coraz\u00f3n de esta exposici\u00f3n, as\u00ed como tambi\u00e9n empresas que a\u00f1o a a\u00f1o nos eligen y otras nuevas que se suman. A todo el equipo de trabajo y por ultimo y no menos importante al publico en general. No queremos dejar pasar la oportunidad de recordar con mucho afecto a M<b>ario Rojas<\/b>, quien supo ser muchos a\u00f1os capataz de esta instituci\u00f3n\u00bb, mencion\u00f3 al inicio de su discurso, en presente del\u00a0<b>Presidente de la Rep\u00fablica, Prof. Yamand\u00fa Orsi; el Ministro de Ganader\u00eda, Agricultura y Pesca, Dr. Luis Alfredo Fratti;<\/b>\u00a0el\u00a0<b>Intendente Lic. Carmelo Vidal\u00edn<\/b>, el\u00a0<b>Senador Pedro Bordaberry<\/b>; los<b>\u00a0Diputados Magela Rinaldi (FA)\u00a0<\/b>y\u00a0<b>Jos\u00e9 Domingo Rielli (Part. Nac),\u00a0<\/b>dem\u00e1s autoridades, caba\u00f1eros, medios de comunicaci\u00f3n y p\u00fablico en general<\/p>\n<p>En su alocuci\u00f3n, Acu\u00f1a, continu\u00f3 se\u00f1alando que \u00aben un a\u00f1o particular, con cambio de gobierno festejamos la democracia, le damos una cuota de confianza al nuevo equipo que asume. Sin mirar colores de banderas pol\u00edticas, es justo destacar que los \u00faltimos a\u00f1os nos acostumbramos a tener en nuestro publico a altas autoridades del gobierno, esperemos que eso se mantenga ya que son se\u00f1ales que valoramos mucho. La SRD, no es ajena a los nuevos tiempos, donde a las gremiales del interior se les hace cuesta arriba seguir vigentes y seguir teniendo un papel importante en la sociedad. Con mas de 111 a\u00f1os de historia trabajamos incansablemente para ser un lugar donde productores, empresarios y gente de a pie nos plantee sus problem\u00e1ticas y as\u00ed juntos tratar de buscar una respuesta.\u00a0Hemos estado llevando la bandera del Plan Odontol\u00f3gico en las escuelas rurales, acercando la salud a ni\u00f1os del interior del departamento con resultados tan satisfactorios que nos alientan a seguir con este proyecto; el articular para seguir trabajando en una mesa de salud rural creemos que es el camino, donde distintas instituciones pongan lo mejor de si, para llegar al mejor resultado posible, no dejando de lado a los que viven en el interior profundo\u00bb.<\/p>\n<p><b>Clima y apertura de nuevos mercados<\/b><br \/>\nDestac\u00f3 la benevolencia del clima, al comentar que \u00aba diferencia de los \u00faltimos a\u00f1os, el clima nos ha regalado una primavera y fin de verano como hace mucho tiempo no ten\u00edamos, lo cual el animo de los productores es mas pujante que en otras ocasiones, donde 3 a\u00f1os de seca dejaron su marca\u00bb.<br \/>\n\u00abValoramos esfuerzos que se han hecho, se ha pregonado con la intenci\u00f3n de abrir nuevos mercados, logrando colonizar algunos pero creemos necesario seguir por ese camino, como pa\u00eds peque\u00f1o y gran productor de alimentos es de vital importancia tener el mayor numero de opciones posibles a la hora de vender nuestros productos. Sigamos con el af\u00e1n de ser mas competitivos, con mas desarrollo y mas inversiones. Se ha desplegado una inversi\u00f3n en obras viales, como hace much\u00edsimo tiempo no se ve\u00eda, lo valoramos y agradecemos. Pedimos que se siga en ese rumbo de mejora de infraestructura, mejorando la ruta 100, camino a rinc\u00f3n de Los Tapes, ruta 19 entre Casa Sainz y Cerro Chato, entre otros. Que se siga por el camino de descentralizar, trayendo al interior mas servicios y mas oportunidades. El esfuerzo de las familias en enviar a sus hijos a estudiar a Montevideo, es sideral. Es necesario cortar con el ausentismo en la educaci\u00f3n primaria y secundaria en los pueblos y ciudades del interior\u00bb.<\/p>\n<p><b>Sanidad: temas que preocupan<\/b><br \/>\nLa\u00a0<b>m\u00e9dico veterinaria, Ana Acu\u00f1a,<\/b>\u00a0dijo luego que \u00aben cuanto a lo sanitario vemos con buenos ojos el\u00a0<b>plan de erradicaci\u00f3n de la mosca de la bichera,<\/b>\u00a0por diferentes motivos se ha ido aplazando su ejecuci\u00f3n, ojal\u00e1 se logre llevar a cabo. Seria un cambio significativo para la ganader\u00eda sobre todo en el rubro ovino. Sobre este ultimo, vemos como a\u00f1o a a\u00f1o el stock disminuye y como a\u00f1o a a\u00f1o los campos quedan mas amarillos. Exhortamos a promoverlo, a generar pol\u00edticas que promuevan su producci\u00f3n, al consumo interno, escuelas, hospitales, c\u00e1rceles. Lamentar\u00edamos que cuando nos demos cuenta de su importancia ya sea tarde. La\u00a0<b>garrapata<\/b>\u00a0es otro de los temas que preocupa, si bien por parte del\u00a0<b>MGAP\u00a0<\/b>la mirada es que es un tema controlado, la realidad que se ve en el interior y que viven los productores parece ser otra. Sin tratamientos realmente eficientes y sin un norte claro parece dif\u00edcil lograr controlar un problema que no solamente afecta individualmente a los productores, sino que puede perjudicar la marca pa\u00eds ante mercados exigentes de primer mundo\u00bb, e hizo referencia al soporte administrativo tecnol\u00f3gico en el sector, al mencionar la\u00a0<b>gu\u00eda electr\u00f3nica<\/b>, \u00abno se ha logrado concretar, si bien se ha lanzado alg\u00fan plan piloto, aun lo vemos como algo lejano y que a los productores les facilitar\u00eda mucho. En un mundo que va hacia lo digital, cuesta creer que aun sigamos con gu\u00eda papel y todo los tramites que eso implica\u00bb.<\/span><\/p>\n<div><span style=\"font-size: large;\">En otro orden, agreg\u00f3 que \u00abanteriormente las gremiales ya nos hemos expresado sobre nuestra postura en cuanto a la concentraci\u00f3n de la propiedad de las industrias. Pero es importante recalcarlo, no estamos de acuerdo, no solo en la carne sino tambi\u00e9n en ning\u00fan otro rubro\u00bb.<br \/>\n\u00abAnte hechos p\u00fablicos ya conocidos por todos, de empresas inversionistas en el sector ganadero, nos parece importante separar la paja del trigo. Esas empresas no representan la actividad ganadera ni a los productores que las llevan adelante. La confianza en el sector no se debe ver manchada por hechos de estafa ajenos al mismo\u00bb.<\/p>\n<p>\u00abPara finalizar nos gustar\u00eda dejar un mensaje, sobre la ruralidad. La\u00a0<b>Real Academia Espa\u00f1ola\u00a0<\/b>la define como \u00a8conjunto de fen\u00f3menos sociales que se desarrollan en un entorno rural y que permite construir identidad. En tiempos que todo va tan r\u00e1pido, trabajemos en conjunto, para que la identidad no se pierda. Somos un pa\u00eds agroexportador, estemos orgullosos de eso, y trasmitamos a las nuevas generaciones la importancia de cuidar los recursos naturales, para seguir siendo una marca pa\u00eds distinguida a nivel mundial por lo que producimos\u00bb.<\/span><\/div>\n","protected":false},"excerpt":{"rendered":"<p>En el discurso de cierre de la\u00a0111 edici\u00f3n de la Expo Durazno,\u00a0la\u00a0Dra. Ana Acu\u00f1a, Presidenta de la Sociedad Rural de Durazno (SRD),\u00a0\u00a0traslad\u00f3 inquietudes del sector como la\u00a0gu\u00eda electr\u00f3nica\u00a0y temas sanitarios como la\u00a0garrapata y la bichera, y agradeci\u00f3 apoyos y esfuerzos realizados, adem\u00e1s de destacar la labor que durante a\u00f1os le cupo en el cargo de\u00a0Capat\u00e1z\u00a0de [&hellip;]<\/p>\n","protected":false},"author":4,"featured_media":6542,"comment_status":"closed","ping_status":"closed","sticky":false,"template":"","format":"standard","meta":{"footnotes":""},"categories":[5],"tags":[],"class_list":["post-6541","post","type-post","status-publish","format-standard","has-post-thumbnail","hentry","category-durazno"],"_links":{"self":[{"href":"https:\/\/paginacero.com.uy\/index.php?rest_route=\/wp\/v2\/posts\/6541","targetHints":{"allow":["GET"]}}],"collection":[{"href":"https:\/\/paginacero.com.uy\/index.php?rest_route=\/wp\/v2\/posts"}],"about":[{"href":"https:\/\/paginacero.com.uy\/index.php?rest_route=\/wp\/v2\/types\/post"}],"author":[{"embeddable":true,"href":"https:\/\/paginacero.com.uy\/index.php?rest_route=\/wp\/v2\/users\/4"}],"replies":[{"embeddable":true,"href":"https:\/\/paginacero.com.uy\/index.php?rest_route=%2Fwp%2Fv2%2Fcomments&post=6541"}],"version-history":[{"count":1,"href":"https:\/\/paginacero.com.uy\/index.php?rest_route=\/wp\/v2\/posts\/6541\/revisions"}],"predecessor-version":[{"id":6543,"href":"https:\/\/paginacero.com.uy\/index.php?rest_route=\/wp\/v2\/posts\/6541\/revisions\/6543"}],"wp:featuredmedia":[{"embeddable":true,"href":"https:\/\/paginacero.com.uy\/index.php?rest_route=\/wp\/v2\/media\/6542"}],"wp:attachment":[{"href":"https:\/\/paginacero.com.uy\/index.php?rest_route=%2Fwp%2Fv2%2Fmedia&parent=6541"}],"wp:term":[{"taxonomy":"category","embeddable":true,"href":"https:\/\/paginacero.com.uy\/index.php?rest_route=%2Fwp%2Fv2%2Fcategories&post=6541"},{"taxonomy":"post_tag","embeddable":true,"href":"https:\/\/paginacero.com.uy\/index.php?rest_route=%2Fwp%2Fv2%2Ftags&post=6541"}],"curies":[{"name":"wp","href":"https:\/\/api.w.org\/{rel}","templated":true}]}}