{"id":6538,"date":"2025-03-10T16:10:36","date_gmt":"2025-03-10T19:10:36","guid":{"rendered":"https:\/\/paginacero.com.uy\/?p=6538"},"modified":"2025-03-10T16:10:36","modified_gmt":"2025-03-10T19:10:36","slug":"ofi-durazno-no-concreta-y-sufre-goles","status":"publish","type":"post","link":"https:\/\/paginacero.com.uy\/?p=6538","title":{"rendered":"OFI: Durazno no concreta y sufre goles"},"content":{"rendered":"<p><strong>Lisa y llanamente se trata de un tema de efectividad, dado que la Selecci\u00f3n de Durazno, genera chances, hace por momentos muy buen f\u00fatbol (principalmente en los primeros tiempos de cada partido), pero no logra vulnerar la red adversaria.<\/strong><!--more--><\/p>\n<div id=\"geom_inter_1741633772702_21_69\" dir=\"auto\" data-olk-copy-source=\"MessageBody\">Pas\u00f3 con San Jos\u00e9 Interior (Ecilda Paullier), luego con Colonia Interior (Ligas Federadas), se reiter\u00f3 en las finales del Sur con San Jos\u00e9, y lo mismo en el partido de Ida jugando de local en el estadio Silvestre Octavio Landoni ante el Campe\u00f3n del Este, Lavalleja, que derrot\u00f3 a la \u00abRoja del Yi\u00bb 2-0.<\/div>\n<div id=\"geom_inter_1741633800705_80_72\" dir=\"auto\"><\/div>\n<div id=\"geom_inter_1741633798702_1_71\" dir=\"auto\">El ciclo 2025 tendr\u00e1 el pr\u00f3ximo fin de semana la llave para continuar o despedirse de la 21 edici\u00f3n de la Copa Nacional de Selecciones de OFI, dado que un empate o un triunfo local en el estadio \u00abJuan Antonio Lavalleja\u00bb le dar\u00e1 el pase a Semifinales a la Selecci\u00f3n \u00abminuana\u00bb.<\/div>\n<div dir=\"auto\">Solo un triunfo y por dos goles de diferencia, podr\u00edan poner a Durazno nuevamente en carrera, que en caso de ganar por tres goles o m\u00e1s, avanzar\u00e1 a la pr\u00f3xima instancia.<\/div>\n<div id=\"geom_inter_1741633801707_19_73\" dir=\"auto\">Algo que parece en lo previo, poco probable teniendo en cuenta la ineficacia ofensiva en cuanto al gol, aunque no tanto por la generaci\u00f3n de juego.<\/div>\n<div id=\"geom_inter_1741633801707_19_74\" dir=\"auto\">Un elemento a tener en cuenta a favor de los locales (adem\u00e1s del 2-0 a su favor) es el campo de juego, porque se jugar\u00e1 en el nuevo piso del estadio de Lavalleja, de c\u00e9sped sint\u00e9tico.<\/div>\n<div id=\"geom_inter_1741633801708_74_75\" dir=\"auto\">La esperanza sigue intacta, pero no alcanza solo con eso; habr\u00e1 que cambiar la pisada y ganar haciendo nuevamente historia.<\/div>\n<div dir=\"auto\">\n<div dir=\"auto\"><\/div>\n<div dir=\"auto\">DURAZNO\u00a0 0-2\u00a0 LAVALLEJA<\/div>\n<div id=\"geom_inter_1741633801708_48_76\" dir=\"auto\">Estadio \u00abSilvestre Octavio Landoni\u00bb de Durazno<\/div>\n<div dir=\"auto\">\u00c1rbitros: Fernando Mart\u00ednez, Sergio Bidondo y Jaime Lanz. Cuarto \u00c1rbitro: Diego Fag\u00fandez (Florida).<\/div>\n<div dir=\"auto\"><\/div>\n<div id=\"geom_inter_1741633802704_19_77\" dir=\"auto\">Durazno 0: Lucas Pereyra; Mat\u00edas Romero (61&#8242; Juan B. Gonz\u00e1lez), N\u00e9stor Delgado (71&#8242; Wilmar Gonz\u00e1lez), Mart\u00edn Ferr\u00e1n y Maximiliano Bolognini (A); Jos\u00e9 Ag\u00fcero, Javier Olazabal, Facundo Mart\u00ednez (78&#8242; Mauro Olivera) y Stiven Sosa; Alexander Garc\u00eda; Mat\u00edas Deorta (71&#8242; Gerardo Gasa\u00f1ol)<\/div>\n<div dir=\"auto\">DT: Gabriel Alberti<\/div>\n<div id=\"geom_inter_1741633802704_36_78\" dir=\"auto\"><\/div>\n<div id=\"geom_inter_1741633802705_13_79\" dir=\"auto\">Lavalleja 2: Diego Torres; Lucas Vel\u00e1zquez (A), Brayan Vel\u00e1squez, Gregorio Almeida (A) y Luis Buz\u00f3n (A) (45&#8242; Osvaldo V\u00e1zquez); Mart\u00edn Go\u00f1i (56&#8242; Nahuel De Le\u00f3n), Jonathan P\u00e9rez (75&#8242; Edgardo Velozo), Facundo Salvarrey y Brahian Vergara (56&#8242; Andr\u00e9s Berrueta); Marcelo Mart\u00ednez (A) y Germ\u00e1n Fern\u00e1ndez (75&#8242; Santiago Hern\u00e1ndez)<\/div>\n<div dir=\"auto\">DT: Gerardo Cano<\/div>\n<div dir=\"auto\"><\/div>\n<div dir=\"auto\">Goles: 59&#8242; Osvaldo V\u00e1zquez (Lav); 72&#8242; Germ\u00e1n Fern\u00e1ndez (Lav)<\/div>\n<div dir=\"auto\"><\/div>\n<div id=\"geom_inter_1741633803707_66_80\" dir=\"auto\">Las figuras destacadas del partido: Diego Torres, Germ\u00e1n Fern\u00e1ndez, Brayan Vel\u00e1squez (Lav), Alexander Garc\u00eda (Dur)<\/div>\n<div id=\"geom_inter_1741633803707_65_81\" dir=\"auto\"><\/div>\n<div id=\"geom_inter_1741633804697_60_83\" dir=\"auto\">Fotos y detalles gentileza Oral Sports (Lavalleja)<\/div>\n<\/div>\n","protected":false},"excerpt":{"rendered":"<p>Lisa y llanamente se trata de un tema de efectividad, dado que la Selecci\u00f3n de Durazno, genera chances, hace por momentos muy buen f\u00fatbol (principalmente en los primeros tiempos de cada partido), pero no logra vulnerar la red adversaria.<\/p>\n","protected":false},"author":4,"featured_media":6539,"comment_status":"closed","ping_status":"closed","sticky":false,"template":"","format":"standard","meta":{"footnotes":""},"categories":[5],"tags":[],"class_list":["post-6538","post","type-post","status-publish","format-standard","has-post-thumbnail","hentry","category-durazno"],"_links":{"self":[{"href":"https:\/\/paginacero.com.uy\/index.php?rest_route=\/wp\/v2\/posts\/6538","targetHints":{"allow":["GET"]}}],"collection":[{"href":"https:\/\/paginacero.com.uy\/index.php?rest_route=\/wp\/v2\/posts"}],"about":[{"href":"https:\/\/paginacero.com.uy\/index.php?rest_route=\/wp\/v2\/types\/post"}],"author":[{"embeddable":true,"href":"https:\/\/paginacero.com.uy\/index.php?rest_route=\/wp\/v2\/users\/4"}],"replies":[{"embeddable":true,"href":"https:\/\/paginacero.com.uy\/index.php?rest_route=%2Fwp%2Fv2%2Fcomments&post=6538"}],"version-history":[{"count":1,"href":"https:\/\/paginacero.com.uy\/index.php?rest_route=\/wp\/v2\/posts\/6538\/revisions"}],"predecessor-version":[{"id":6540,"href":"https:\/\/paginacero.com.uy\/index.php?rest_route=\/wp\/v2\/posts\/6538\/revisions\/6540"}],"wp:featuredmedia":[{"embeddable":true,"href":"https:\/\/paginacero.com.uy\/index.php?rest_route=\/wp\/v2\/media\/6539"}],"wp:attachment":[{"href":"https:\/\/paginacero.com.uy\/index.php?rest_route=%2Fwp%2Fv2%2Fmedia&parent=6538"}],"wp:term":[{"taxonomy":"category","embeddable":true,"href":"https:\/\/paginacero.com.uy\/index.php?rest_route=%2Fwp%2Fv2%2Fcategories&post=6538"},{"taxonomy":"post_tag","embeddable":true,"href":"https:\/\/paginacero.com.uy\/index.php?rest_route=%2Fwp%2Fv2%2Ftags&post=6538"}],"curies":[{"name":"wp","href":"https:\/\/api.w.org\/{rel}","templated":true}]}}