{"id":6535,"date":"2025-03-10T16:06:41","date_gmt":"2025-03-10T19:06:41","guid":{"rendered":"https:\/\/paginacero.com.uy\/?p=6535"},"modified":"2025-03-10T16:06:41","modified_gmt":"2025-03-10T19:06:41","slug":"sentido-deceso-de-un-querido-comunicador","status":"publish","type":"post","link":"https:\/\/paginacero.com.uy\/?p=6535","title":{"rendered":"Sentido deceso de un querido comunicador"},"content":{"rendered":"<p><strong>Lamentamos informar el fallecimiento el S\u00e1bado 8 de Marzo de 2025, de Mauro Gonzalvez \u00abMaurito\u00bb, comunicador, desde su Sarand\u00ed del Yi, luchador incansable, poseedor de un esp\u00edritu sano, dispuesto a dar una mano, como much\u00edsimas veces lo hizo sin mirar a quien.<\/strong><!--more--><\/p>\n<div id=\"geom_inter_1741633528705_4_26\" dir=\"auto\" data-olk-copy-source=\"MessageBody\">Pese a su patolog\u00eda card\u00edaca, que requer\u00eda de un trasplante de coraz\u00f3n que esper\u00f3 por cuatro a\u00f1os, mantuvo hasta el \u00faltimo d\u00eda esa enorme y contagiante sonrisa.<\/div>\n<div id=\"geom_inter_1741633528705_49_27\" dir=\"auto\">Hincha de la Verde de Sarandi del Yi y de Pe\u00f1arol de Montevideo, desarroll\u00f3 con enorme vocaci\u00f3n su pasi\u00f3n por el periodismo deportivo en Sarand\u00ed del Yi y en la ciudad de Durazno, en radio, televisi\u00f3n y medios digitales.<\/div>\n<div id=\"geom_inter_1741633560699_31_28\" dir=\"auto\"><\/div>\n<div dir=\"auto\">Vida sacrificada, pero siempre solidaria<\/div>\n<div dir=\"auto\"><\/div>\n<div id=\"geom_inter_1741633560699_32_29\" dir=\"auto\">Mauro, padec\u00eda una cardiopat\u00eda cong\u00e9nita, habiendo recibido tres intervenciones quir\u00fargicas al coraz\u00f3n, ocho cateterismos y la colocaci\u00f3n de un cardiodesfibrilador y dos stens. Por cuatro a\u00f1os esper\u00f3 un trasplante card\u00edaco que nunca lleg\u00f3.<\/div>\n<div id=\"geom_inter_1741633563706_23_30\" dir=\"auto\">En los \u00faltimos tiempos su salud hab\u00eda recrudecido a\u00fan m\u00e1s, haciendo muy dif\u00edcil su situaci\u00f3n.<\/div>\n<div dir=\"auto\"><\/div>\n<div id=\"geom_inter_1741633563706_81_31\" dir=\"auto\">Recientemente a instancias del jugador Mateo Cammarano (uno de los goleros de la Selecci\u00f3n de Durazno), se realiz\u00f3 un beneficio como forma de ayudar a solventar la parte econ\u00f3mica de \u00e9l y su familia, debido a que estaba internado en Montevideo.<\/div>\n<div dir=\"auto\">En aquella ocasi\u00f3n, Cammarano, se\u00f1alaba:<\/div>\n<div id=\"geom_inter_1741633564700_89_32\" dir=\"auto\">\u00abPor este medio quiero hacerles llegar\u00a0 a ustedes la situaci\u00f3n de salud que est\u00e1 atravesando Mauro Gonzalvez, una gran persona a la cual aprecio y admiro mucho, Mauro la viene luchando hace mucho tiempo y tiene una fortaleza y unas ganas de salir adelante admirables. Para lo que los conocemos siempre est\u00e1 en el \u00e1mbito de futbol con su c\u00e1mara sacando fotos sin cobrarte nada o con su p\u00e1gina brindando informaci\u00f3n y siempre d\u00e1ndole para delante a los jugadores. Por eso hoy quiero pedirles una ayudita para el que nos necesita\u00bb.<\/div>\n<div id=\"geom_inter_1741633565700_42_34\" dir=\"auto\"><\/div>\n<div id=\"geom_inter_1741633564701_35_33\" dir=\"auto\">Gracias querido Mauro, fuiste y sos un grande, que nos dej\u00f3 una enorme ense\u00f1anza de resiliencia y esp\u00edritu sano y positivo.<\/div>\n<div dir=\"auto\">Nuestras condolencias a familiares (Fernanda si mam\u00e1, Bruno y Lucas, sus hermanitos) y amistades.<\/div>\n","protected":false},"excerpt":{"rendered":"<p>Lamentamos informar el fallecimiento el S\u00e1bado 8 de Marzo de 2025, de Mauro Gonzalvez \u00abMaurito\u00bb, comunicador, desde su Sarand\u00ed del Yi, luchador incansable, poseedor de un esp\u00edritu sano, dispuesto a dar una mano, como much\u00edsimas veces lo hizo sin mirar a quien.<\/p>\n","protected":false},"author":4,"featured_media":6536,"comment_status":"closed","ping_status":"closed","sticky":false,"template":"","format":"standard","meta":{"footnotes":""},"categories":[5],"tags":[],"class_list":["post-6535","post","type-post","status-publish","format-standard","has-post-thumbnail","hentry","category-durazno"],"_links":{"self":[{"href":"https:\/\/paginacero.com.uy\/index.php?rest_route=\/wp\/v2\/posts\/6535","targetHints":{"allow":["GET"]}}],"collection":[{"href":"https:\/\/paginacero.com.uy\/index.php?rest_route=\/wp\/v2\/posts"}],"about":[{"href":"https:\/\/paginacero.com.uy\/index.php?rest_route=\/wp\/v2\/types\/post"}],"author":[{"embeddable":true,"href":"https:\/\/paginacero.com.uy\/index.php?rest_route=\/wp\/v2\/users\/4"}],"replies":[{"embeddable":true,"href":"https:\/\/paginacero.com.uy\/index.php?rest_route=%2Fwp%2Fv2%2Fcomments&post=6535"}],"version-history":[{"count":1,"href":"https:\/\/paginacero.com.uy\/index.php?rest_route=\/wp\/v2\/posts\/6535\/revisions"}],"predecessor-version":[{"id":6537,"href":"https:\/\/paginacero.com.uy\/index.php?rest_route=\/wp\/v2\/posts\/6535\/revisions\/6537"}],"wp:featuredmedia":[{"embeddable":true,"href":"https:\/\/paginacero.com.uy\/index.php?rest_route=\/wp\/v2\/media\/6536"}],"wp:attachment":[{"href":"https:\/\/paginacero.com.uy\/index.php?rest_route=%2Fwp%2Fv2%2Fmedia&parent=6535"}],"wp:term":[{"taxonomy":"category","embeddable":true,"href":"https:\/\/paginacero.com.uy\/index.php?rest_route=%2Fwp%2Fv2%2Fcategories&post=6535"},{"taxonomy":"post_tag","embeddable":true,"href":"https:\/\/paginacero.com.uy\/index.php?rest_route=%2Fwp%2Fv2%2Ftags&post=6535"}],"curies":[{"name":"wp","href":"https:\/\/api.w.org\/{rel}","templated":true}]}}