{"id":6532,"date":"2025-03-09T17:50:47","date_gmt":"2025-03-09T20:50:47","guid":{"rendered":"https:\/\/paginacero.com.uy\/?p=6532"},"modified":"2025-03-09T17:50:47","modified_gmt":"2025-03-09T20:50:47","slug":"primera-visita-oficial-del-presidente-prof-yamandu-orsi-a-durazno","status":"publish","type":"post","link":"https:\/\/paginacero.com.uy\/?p=6532","title":{"rendered":"Primera visita oficial del Presidente, Prof. Yamand\u00fa Orsi a Durazno ."},"content":{"rendered":"<p><strong>En el marco de la 111 Expo Durazno realizada en el local Santa Bernardina, desde el d\u00eda Jueves 6 al Domingo 9 de Marzo, el Presidente de la Rep\u00fablica Prof. Yamand\u00fa Orsi, realiz\u00f3 su primera visita oficial como Primer Mandatario, al departamento de Durazno, luego de haber asumido el 1\u00b0 de Marzo pr\u00f3ximo pasado.<\/strong><!--more--><\/p>\n<p>Este domingo por la ma\u00f1ana lleg\u00f3 puntualmente al local Santa Bernardina siendo recibido por el Intendente Departamental Lic. Carmelo Vidal\u00edn y por las autoridades de la Sociedad Rural de Durazno (SRD), presidida por la M\u00e9dico Veterinaria Ana Acu\u00f1a.<\/p>\n<p>En la ocasi\u00f3n el Presidente Orsi (que lleg\u00f3 acompa\u00f1ado de otras autoridades ministeriales), convers\u00f3 con Vidal\u00edn y con los directivos de la SRD y recorri\u00f3 brevemente al inicio de su agenda en Durazno algunas instalaciones m\u00e1s pr\u00f3ximas al lugar establecido para la ceremonia oficial.<\/p>\n<p>Posteriormente se efectu\u00f3 el acto protocolar de cierre de la Expo Durazno que cont\u00f3 con palabras de la Presidenta de la entidad anfitriona, Dra. Ana Acu\u00f1a; el Intendente Vidal\u00edn y el Ministro de Ganader\u00eda, Agricultura y Pesca (Mgap), Dr. Luis Alfredo Fratti.<\/p>\n<p>La SRD le entreg\u00f3 un presente al Presidente Orsi, valorando su presencia en el evento.<\/p>\n","protected":false},"excerpt":{"rendered":"<p>En el marco de la 111 Expo Durazno realizada en el local Santa Bernardina, desde el d\u00eda Jueves 6 al Domingo 9 de Marzo, el Presidente de la Rep\u00fablica Prof. Yamand\u00fa Orsi, realiz\u00f3 su primera visita oficial como Primer Mandatario, al departamento de Durazno, luego de haber asumido el 1\u00b0 de Marzo pr\u00f3ximo pasado.<\/p>\n","protected":false},"author":4,"featured_media":6533,"comment_status":"closed","ping_status":"closed","sticky":false,"template":"","format":"standard","meta":{"footnotes":""},"categories":[5],"tags":[],"class_list":["post-6532","post","type-post","status-publish","format-standard","has-post-thumbnail","hentry","category-durazno"],"_links":{"self":[{"href":"https:\/\/paginacero.com.uy\/index.php?rest_route=\/wp\/v2\/posts\/6532","targetHints":{"allow":["GET"]}}],"collection":[{"href":"https:\/\/paginacero.com.uy\/index.php?rest_route=\/wp\/v2\/posts"}],"about":[{"href":"https:\/\/paginacero.com.uy\/index.php?rest_route=\/wp\/v2\/types\/post"}],"author":[{"embeddable":true,"href":"https:\/\/paginacero.com.uy\/index.php?rest_route=\/wp\/v2\/users\/4"}],"replies":[{"embeddable":true,"href":"https:\/\/paginacero.com.uy\/index.php?rest_route=%2Fwp%2Fv2%2Fcomments&post=6532"}],"version-history":[{"count":1,"href":"https:\/\/paginacero.com.uy\/index.php?rest_route=\/wp\/v2\/posts\/6532\/revisions"}],"predecessor-version":[{"id":6534,"href":"https:\/\/paginacero.com.uy\/index.php?rest_route=\/wp\/v2\/posts\/6532\/revisions\/6534"}],"wp:featuredmedia":[{"embeddable":true,"href":"https:\/\/paginacero.com.uy\/index.php?rest_route=\/wp\/v2\/media\/6533"}],"wp:attachment":[{"href":"https:\/\/paginacero.com.uy\/index.php?rest_route=%2Fwp%2Fv2%2Fmedia&parent=6532"}],"wp:term":[{"taxonomy":"category","embeddable":true,"href":"https:\/\/paginacero.com.uy\/index.php?rest_route=%2Fwp%2Fv2%2Fcategories&post=6532"},{"taxonomy":"post_tag","embeddable":true,"href":"https:\/\/paginacero.com.uy\/index.php?rest_route=%2Fwp%2Fv2%2Ftags&post=6532"}],"curies":[{"name":"wp","href":"https:\/\/api.w.org\/{rel}","templated":true}]}}