{"id":6495,"date":"2025-02-23T15:20:12","date_gmt":"2025-02-23T18:20:12","guid":{"rendered":"https:\/\/paginacero.com.uy\/?p=6495"},"modified":"2025-02-23T15:20:12","modified_gmt":"2025-02-23T18:20:12","slug":"ofi-durazno-nuevamente-en-la-final-del-sur","status":"publish","type":"post","link":"https:\/\/paginacero.com.uy\/?p=6495","title":{"rendered":"OFI: Durazno nuevamente en la final del Sur."},"content":{"rendered":"<p>La Selecci\u00f3n de\u00a0<b>Durazno clasific\u00f3 a la final de la Confederaci\u00f3n de F\u00fatbol del Sur<\/b>\u00a0(por tercera ocasi\u00f3n consecutivo), al eliminar a\u00a0<b>Colonia Interior (Ligas Federadas)<\/b><!--more--><\/p>\n<p><span style=\"color: #000000; font-size: large;\" data-olk-copy-source=\"MessageBody\">despu\u00e9s de dos cruces realmente intensos y parejos, venciendo en la Ida de local en el estadio \u00abSilvestre Octavio Landoni\u00bb 2-1 y perdiendo en la revancha por el mismo resultado el s\u00e1bado de noche en el estadio del<b>\u00a0Club Estudiantes El Colla, de la Ciudad de Rosario,<\/b>\u00a0departamento de Colonia.<br \/>\nEsos dos resultados -igualdad en puntos y en goles- llevaron a la definici\u00f3n por tiros penales donde\u00a0<b>Durazno\u00a0<\/b>fue m\u00e1s efectivo y con una gran actuaci\u00f3n del golero\u00a0<b>Lucas Pereyra<\/b>\u00a0(que err\u00f3 el penal que le toc\u00f3 patear y enseguida enmend\u00f3 atajando el siguiente),\u00a0<b>clasific\u00f3 a la final de la Confederaci\u00f3n de F\u00fatbol del Sur y al torneo del Interior<\/b>\u00a0denominado<b>\u00a0\u00abDr. Fernando Delgado Corbo\u00bb.<\/b><\/p>\n<p><b>Durazno mejor, pero no pudo liquidarlo<\/b><br \/>\nEl partido comenz\u00f3 favorable a la\u00a0<b>\u00abRoja del Yi\u00bb<\/b>, dado que a los 5&#8243; minutos de juego, abri\u00f3 el resultado por medio del centrodelantero\u00a0<b>Mat\u00edas Deorta<\/b>, que recogiendo un rebote en el palo derecho tras disparo de\u00a0<b>Isa\u00edas Delgado<\/b>, defini\u00f3 de primera sin parar el bal\u00f3n, fuerte y abajo para marcar el 1 a 0 parcial.<br \/>\nEn el primer per\u00edodo Durazno fue neto dominador de las acciones y pudo perfectamente haberse llevado un resultado m\u00e1s amplio a su favor, pero fallas reiteradas en la definici\u00f3n no lo hicieron posible.<br \/>\nC\u00f3mo ocurriera sobre el final del partido de Ida en el estadio Landoni, cuando se iba en este caso la primera mitad, Colonia Interior anot\u00f3 sobre el final, marcando el delantero<b>\u00a0Alejo Gast\u00e1n<\/b>\u00a0al minuto 46 el empate 1-1, resultado con el que termin\u00f3 el primer tiempo.<br \/>\nEn los segundos 45 minutos,\u00a0<b>Colonia Interior,\u00a0<\/b>impulsado por el gol sobre el final y con el apoyo de su p\u00fablico, fue quien tom\u00f3 la iniciativa y estuvo cerca de marcar el segundo gol, que hasta ese momento hubiese sido totalmente justificado.<br \/>\nEl segundo gol del local lleg\u00f3 por v\u00eda nuevamente de\u00a0<b>Gast\u00e1n<\/b>, cuando al minuto 66&#8242; tom\u00f3 un rebote ingresando al \u00e1rea mayor, sacando un remate fuerte que ingres\u00f3 contra el parante derecho.<br \/>\nDurazno despu\u00e9s de estar abajo, y verse beneficiado con la expulsi\u00f3n de un futbolista rival, y con las variantes dispuestas por el\u00a0<b>Director T\u00e9cnico, Entrenador Gabriel Alberti Bruno<\/b>, nuevamente se puso en partido.<br \/>\nComenzaron a destacarse\u00a0<b>Stiven Sosa<\/b>\u00a0por el sector izquierdo y\u00a0<b>Kevin Lacuesta,<\/b>\u00a0imparable por la derecha, y ambos abastecieron de env\u00edos al n\u00famero 9 en ese momento<b>\u00a0Agust\u00edn Monz\u00f3n<\/b>\u00a0(que hab\u00eda ingresado por\u00a0<b>Mat\u00edas Deorta,<\/b>\u00a0de gran partido).<br \/>\nEl partido finaliz\u00f3 con victoria local 2-1, por lo que el cruce qued\u00f3 emparejado en puntos y en goles<\/p>\n<p><b>Tanda de penales<\/b><br \/>\nEn la definici\u00f3n desde los once pasos quedar\u00eda saldada la clasificaci\u00f3n, donde hasta el sexto penal la efectividad de los ejecutantes de uno y otro seleccionado fue total, lo que puso incertidumbre respecto a qui\u00e9n jugar\u00eda por ese cruce la final del Sur.<br \/>\n<b>Lucas Pereyra,\u00a0<\/b>el golero de la Selecci\u00f3n de Durazno fue el gran protagonista de la definici\u00f3n dado que le toc\u00f3 \u00abuna de cal y otra de arena\u00bb.<br \/>\nEl golero duraznense err\u00f3 su ejecuci\u00f3n en el sexto penal resbalando al momento de patear por lo que el bal\u00f3n se fue por encima del travesa\u00f1o, pero con total serenidad y seguridad, lejos de desmoronarse an\u00edmicamente,\u00a0<b>Pereyra<\/b>, se par\u00f3 debajo de los tres \u00abpalos\u00bb y contuvo el penal que le dio vida nuevamente a Durazno.<br \/>\nEl turno de la ejecuci\u00f3n lleg\u00f3 para el defensa<b>\u00a0Jos\u00e9 Ag\u00fcero<\/b>, y el \u00abbomb\u00f3n\u00bb marc\u00f3 para Durazno el s\u00e9ptimo penal, obligando al rival a no fallar, pero el futbolista de Colonia Interior, ejecut\u00f3 fuerte y envi\u00f3 la pelota por encima del travesa\u00f1o, lo que le permiti\u00f3 a Durazno hacerse del partido y de la clasificaci\u00f3n.<br \/>\nInmediatamente la \u00ablocura\u00bb fue total, porque los jugadores corrieron hacia la hinchada,\u00a0<b>unos 300 parciales de la Roja del Yi<\/b>, que llegaron en excursiones y en coches particulares a la ciudad de Rosario.<br \/>\nPero el Campeonato no da pausa, y el\u00a0<b>pr\u00f3ximo Mi\u00e9rcoles,<\/b>\u00a0seguramente en Durazno, el estadio\u00a0<b>Silvestre Octavio Landoni,\u00a0<\/b>ser\u00e1 anfitri\u00f3n de la primera final del Sur 2025, ante la\u00a0<b>Selecci\u00f3n de San Jos\u00e9 Capital,<\/b>\u00a0que elimin\u00f3 a\u00a0<b>San Jos\u00e9 Interior (Ecilda Paullier)<\/b>, con resultados 1-0 y 0-0, ida y vuelta respectivamente.<\/p>\n<p><\/span><\/p>\n<div><span style=\"color: #000000; font-size: large;\"><b>Ficha del cruce de la Semifinal<\/b><\/span><\/div>\n<div><span style=\"color: #000000; font-size: large;\"><b>Mi\u00e9rcoles 19 de Febrero de 2025<\/b>, estadio Silvestre Octavio Landoni<\/span><\/div>\n<div>\n<div><span style=\"font-size: large;\">Partido de Ida:\u00a0<b>Durazno 2\u00a0<\/b>(39&#8242; Mart\u00edn Ferr\u00e1n, 66&#8242; Stiven Sosa)\u00a0<b>Colonia Interior (Ligas Federadas)\u00a0<\/b><b>1<\/b>\u00a0(92&#8242; Sim\u00f3n Pagua)<\/span><\/div>\n<p><span style=\"font-size: large;\"><br class=\"x_gmail-Apple-interchange-newline\" \/><\/span><\/div>\n<div><span style=\"font-size: large;\"><b>S\u00e1bado 22 de Febrero de 2025,\u00a0<\/b>estadio del\u00a0Club Estudiantes El Colla<\/span><\/div>\n<div><span style=\"font-size: large;\"><b>Colonia Interior (Ligas Federadas) 2<\/b>\u00a0(45&#8242; y 66&#8242; Alejo Gast\u00e1n)\u00a0<b>Durazno 1<\/b>\u00a0(5&#8242; Mat\u00edas Deorta)<\/span><\/div>\n<div><span style=\"font-size: large;\"><b>Definici\u00f3n por penales<\/b>:<br \/>\n<\/span><\/div>\n<div><span style=\"font-size: large;\"><b>Colonia Interior (Ligas Federadas) 6<\/b>: Sim\u00f3n Pagua, Fernando Canela, Mat\u00edas Suhr, Pablo Su\u00e1rez, Jos\u00e9 Luis Torres; Lucas Alvarez, Mateo Sawchik (ataj\u00f3 Lucas Pereyra, Dur),\u00a0Leandro Alfonso\u00a0(afuera)<\/span><\/div>\n<div><span style=\"font-size: large;\"><b>Durazno 7<\/b>:\u00a0Agust\u00edn Monz\u00f3n, Alexander Garc\u00eda, Kevin Lacuesta, Stiven Sosa, Mart\u00edn Ferr\u00e1n, Javier Olaz\u00e1bal, Lucas Pereyra (afuera) y Jos\u00e9 Ag\u00fcero.<\/span><\/div>\n<div><\/div>\n<div><b>Fotos gentileza Valentina Ayala Lazo y Esc. Mauricio Rodr\u00edguez<\/b><\/div>\n","protected":false},"excerpt":{"rendered":"<p>La Selecci\u00f3n de\u00a0Durazno clasific\u00f3 a la final de la Confederaci\u00f3n de F\u00fatbol del Sur\u00a0(por tercera ocasi\u00f3n consecutivo), al eliminar a\u00a0Colonia Interior (Ligas Federadas)<\/p>\n","protected":false},"author":4,"featured_media":6496,"comment_status":"closed","ping_status":"closed","sticky":false,"template":"","format":"standard","meta":{"footnotes":""},"categories":[5,69],"tags":[],"class_list":["post-6495","post","type-post","status-publish","format-standard","has-post-thumbnail","hentry","category-durazno","category-futbol-de-durazno"],"_links":{"self":[{"href":"https:\/\/paginacero.com.uy\/index.php?rest_route=\/wp\/v2\/posts\/6495","targetHints":{"allow":["GET"]}}],"collection":[{"href":"https:\/\/paginacero.com.uy\/index.php?rest_route=\/wp\/v2\/posts"}],"about":[{"href":"https:\/\/paginacero.com.uy\/index.php?rest_route=\/wp\/v2\/types\/post"}],"author":[{"embeddable":true,"href":"https:\/\/paginacero.com.uy\/index.php?rest_route=\/wp\/v2\/users\/4"}],"replies":[{"embeddable":true,"href":"https:\/\/paginacero.com.uy\/index.php?rest_route=%2Fwp%2Fv2%2Fcomments&post=6495"}],"version-history":[{"count":1,"href":"https:\/\/paginacero.com.uy\/index.php?rest_route=\/wp\/v2\/posts\/6495\/revisions"}],"predecessor-version":[{"id":6497,"href":"https:\/\/paginacero.com.uy\/index.php?rest_route=\/wp\/v2\/posts\/6495\/revisions\/6497"}],"wp:featuredmedia":[{"embeddable":true,"href":"https:\/\/paginacero.com.uy\/index.php?rest_route=\/wp\/v2\/media\/6496"}],"wp:attachment":[{"href":"https:\/\/paginacero.com.uy\/index.php?rest_route=%2Fwp%2Fv2%2Fmedia&parent=6495"}],"wp:term":[{"taxonomy":"category","embeddable":true,"href":"https:\/\/paginacero.com.uy\/index.php?rest_route=%2Fwp%2Fv2%2Fcategories&post=6495"},{"taxonomy":"post_tag","embeddable":true,"href":"https:\/\/paginacero.com.uy\/index.php?rest_route=%2Fwp%2Fv2%2Ftags&post=6495"}],"curies":[{"name":"wp","href":"https:\/\/api.w.org\/{rel}","templated":true}]}}