{"id":6485,"date":"2025-02-20T16:43:43","date_gmt":"2025-02-20T19:43:43","guid":{"rendered":"https:\/\/paginacero.com.uy\/?p=6485"},"modified":"2025-02-20T16:43:43","modified_gmt":"2025-02-20T19:43:43","slug":"la-seleccion-de-durazno-vencio-en-la-ida-a-colonia-interior-2-1","status":"publish","type":"post","link":"https:\/\/paginacero.com.uy\/?p=6485","title":{"rendered":"La Selecci\u00f3n de Durazno venci\u00f3 en la Ida a Colonia Interior 2-1"},"content":{"rendered":"<p><strong>En los suspiros del partido el equipo de Ligas Federadas (Colonia Interior) marc\u00f3 el descuento y dej\u00f3 la llave m\u00e1s abierta a\u00fan, para lo que ser\u00e1 la revancha a disputarse el pr\u00f3ximo s\u00e1bado en el escenario del Club Estudiantes El Colla de la Ciudad de Rosario, por una de las dos semifinales de la Confederaci\u00f3n de F\u00fatbol del Sur, en la 21 edici\u00f3n de la Copa de Selecciones de OFI.<\/strong><!--more--><\/p>\n<div dir=\"auto\" data-olk-copy-source=\"MessageBody\">Ante unas 2.000 personas (se vendieron m\u00e1s de 1.600 entradas) la Roja del Yi se impuso en el partido de Ida jugado anoche en el estadio \u00abSilvestre O. Landoni\u00bb y en caso de ganar o empatar (si pierde por un gol de diferencia habr\u00e1 penales), llegar\u00e1 a la final del Sur por tercer a\u00f1o consecutivo (perdi\u00f3 las anteriores dos; con Florida 3-0 y con Colonia 4-1 en tiempo extra).<\/div>\n<div dir=\"auto\"><\/div>\n<div dir=\"auto\">Golazos de Durazno y Federadas<\/div>\n<div dir=\"auto\">Los goles fueron todos de alta factura t\u00e9cnica y los 200 y 250 pesos de la entrada \u00abvalieron la pena\u00bb, en un encuentro parejo y muy disputado en todos los sectores de la cancha.<\/div>\n<div dir=\"auto\"><\/div>\n<div dir=\"auto\">1-0: A los 39&#8242; Mart\u00edn Ferr\u00e1n, sac\u00f3 un bombazo de pie zurdo desde 25 metros que ingres\u00f3 a med\u00eda altura del arco defendido por el experimentado, Gonzalo Ruiz. Era el 1-0, que lleg\u00f3 en momentos en los que Durazno no encontraba las v\u00edas ofensivas claras.<\/div>\n<div dir=\"auto\"><\/div>\n<div dir=\"auto\">2-0: En el segundo periodo, lleg\u00f3 el 2-0 parcial, con gol a los 66&#8242; del extremo izquierdo, Stiven Sosa, con una jugada previa que parti\u00f3 de un muy buen cambio de frente de Maximiliano Bolognini, recibiendo y encarando Agust\u00edn Monz\u00f3n, que habilit\u00f3 a Stiven Sosa, que despu\u00e9s de un par de amagues defini\u00f3 con su pierna inh\u00e1bil, la derecha, con disparo fuerte y rasante al primer poste.<\/div>\n<div dir=\"auto\"><\/div>\n<div dir=\"auto\">2-1: Cuando se iba el partido y Durazno hac\u00eda m\u00e9ritos para aumentar, Colonia Interior descont\u00f3 por parte del ariete, Sim\u00f3n Pagua, recibiendo en dudosa posici\u00f3n de la l\u00ednea ofensiva al borde del \u00e1rea mayor y luego de recepcionar el esf\u00e9rico ejecut\u00f3 un gran remate por sobre el golero, Lucas Pereyra, y estamp\u00f3 el definitivo gol, finalizando el encuentro 2-1 para Durazno.<\/div>\n<div dir=\"auto\">\n<p dir=\"ltr\">En la restante semifinal, San Jos\u00e9 Capital se impuso 1-0 a San Jos\u00e9 Interior (Ecilda Paullier) y la definici\u00f3n del cruce tambi\u00e9n ser\u00e1 el pr\u00f3ximo s\u00e1bado.<\/p>\n<p dir=\"ltr\">\nFotos gentileza Esc. Mauricio Rodr\u00edguez.<\/p>\n<\/div>\n","protected":false},"excerpt":{"rendered":"<p>En los suspiros del partido el equipo de Ligas Federadas (Colonia Interior) marc\u00f3 el descuento y dej\u00f3 la llave m\u00e1s abierta a\u00fan, para lo que ser\u00e1 la revancha a disputarse el pr\u00f3ximo s\u00e1bado en el escenario del Club Estudiantes El Colla de la Ciudad de Rosario, por una de las dos semifinales de la Confederaci\u00f3n [&hellip;]<\/p>\n","protected":false},"author":4,"featured_media":6486,"comment_status":"closed","ping_status":"closed","sticky":false,"template":"","format":"standard","meta":{"footnotes":""},"categories":[5],"tags":[],"class_list":["post-6485","post","type-post","status-publish","format-standard","has-post-thumbnail","hentry","category-durazno"],"_links":{"self":[{"href":"https:\/\/paginacero.com.uy\/index.php?rest_route=\/wp\/v2\/posts\/6485","targetHints":{"allow":["GET"]}}],"collection":[{"href":"https:\/\/paginacero.com.uy\/index.php?rest_route=\/wp\/v2\/posts"}],"about":[{"href":"https:\/\/paginacero.com.uy\/index.php?rest_route=\/wp\/v2\/types\/post"}],"author":[{"embeddable":true,"href":"https:\/\/paginacero.com.uy\/index.php?rest_route=\/wp\/v2\/users\/4"}],"replies":[{"embeddable":true,"href":"https:\/\/paginacero.com.uy\/index.php?rest_route=%2Fwp%2Fv2%2Fcomments&post=6485"}],"version-history":[{"count":1,"href":"https:\/\/paginacero.com.uy\/index.php?rest_route=\/wp\/v2\/posts\/6485\/revisions"}],"predecessor-version":[{"id":6487,"href":"https:\/\/paginacero.com.uy\/index.php?rest_route=\/wp\/v2\/posts\/6485\/revisions\/6487"}],"wp:featuredmedia":[{"embeddable":true,"href":"https:\/\/paginacero.com.uy\/index.php?rest_route=\/wp\/v2\/media\/6486"}],"wp:attachment":[{"href":"https:\/\/paginacero.com.uy\/index.php?rest_route=%2Fwp%2Fv2%2Fmedia&parent=6485"}],"wp:term":[{"taxonomy":"category","embeddable":true,"href":"https:\/\/paginacero.com.uy\/index.php?rest_route=%2Fwp%2Fv2%2Fcategories&post=6485"},{"taxonomy":"post_tag","embeddable":true,"href":"https:\/\/paginacero.com.uy\/index.php?rest_route=%2Fwp%2Fv2%2Ftags&post=6485"}],"curies":[{"name":"wp","href":"https:\/\/api.w.org\/{rel}","templated":true}]}}