{"id":6482,"date":"2025-02-20T16:40:14","date_gmt":"2025-02-20T19:40:14","guid":{"rendered":"https:\/\/paginacero.com.uy\/?p=6482"},"modified":"2025-02-20T16:40:14","modified_gmt":"2025-02-20T19:40:14","slug":"union-europea-y-el-congreso-de-intendentes-buscan-impulsar-el-desarrollo-local","status":"publish","type":"post","link":"https:\/\/paginacero.com.uy\/?p=6482","title":{"rendered":"Uni\u00f3n Europea y el Congreso de Intendentes buscan impulsar el desarrollo local"},"content":{"rendered":"<p><strong>El Congreso de Intendentes, que preside el jefe comunal duraznense, Carmelo Vidal\u00edn, recibi\u00f3 a la nueva Jefa de Cooperaci\u00f3n de la Uni\u00f3n Europea en Uruguay, D\u00f6rte Bosse, para dialogar sobre temas estrat\u00e9gicos de desarrollo.<\/strong><!--more--><\/p>\n<div id=\"geom_inter_1740080366421_39_14\" dir=\"auto\" data-olk-copy-source=\"MessageBody\">Durante el encuentro, se abordaron \u00e1reas prioritarias como empleo, inversiones, gesti\u00f3n de residuos y econom\u00eda circular, destacando el proyecto financiado por la UE que impulsa la gesti\u00f3n integral de residuos en los gobiernos departamentales.<\/div>\n<div id=\"geom_inter_1740080366421_88_15\" dir=\"auto\">El jueves 13 de febrero, la secretaria ejecutiva del Congreso de Intendentes, Dra. Macarena Rubio, junto al consejero Wilson A. Ezquerra, recibieron a la nueva Jefa de Cooperaci\u00f3n de la Uni\u00f3n Europea en Uruguay, D\u00f6rte Bosse, quien estuvo acompa\u00f1ada por la asesora de Cooperaci\u00f3n de la UE, Clelia de la Fuente.<\/div>\n<div id=\"geom_inter_1740080383403_2_16\" dir=\"auto\">Durante la reuni\u00f3n, Bosse expres\u00f3 su inter\u00e9s en trabajar en los temas incluidos en la estrategia Global Gateway, que busca promover conexiones inteligentes, limpias y seguras en sectores clave como el digital, energ\u00e9tico, transporte, salud, educaci\u00f3n e investigaci\u00f3n.<\/div>\n<div id=\"geom_inter_1740080384406_18_17\" dir=\"auto\">Por su parte, la secretaria ejecutiva del Congreso de Intendentes ofreci\u00f3 un panorama general sobre el trabajo del organismo y de los gobiernos departamentales, adem\u00e1s de compartir informaci\u00f3n sobre sus principales prioridades, entre ellas: empleo, inversiones, gesti\u00f3n de residuos, econom\u00eda circular y transporte.<\/div>\n<div id=\"geom_inter_1740080384406_60_18\" dir=\"auto\">Asimismo, se destac\u00f3 el proyecto Gesti\u00f3n Integral de Residuos y Econom\u00eda Circular, gestionado por el Congreso de Intendentes y financiado con el apoyo de la Uni\u00f3n Europea. Se subray\u00f3 c\u00f3mo este proyecto ha permitido avanzar en la gesti\u00f3n de residuos a nivel departamental y articular pol\u00edticas p\u00fablicas nacionales con las necesidades de los territorios, involucrando actores como la Agencia Nacional de Desarrollo (ANDE) y el sector privado.<\/div>\n<div id=\"geom_inter_1740080385406_8_19\" dir=\"auto\">En la reuni\u00f3n tambi\u00e9n participaron el coordinador del proyecto Gesti\u00f3n Integral de Residuos y Econom\u00eda Circular, Soc. Enrique Gallicchio, y el responsable de la Unidad de Relaciones Internacionales y Cooperaci\u00f3n del Congreso de Intendentes, Lic. Nicol\u00e1s Canessa.<\/div>\n<div id=\"geom_inter_1740080386408_82_20\" dir=\"auto\">(Fuente: Congreso Nacional de Intendentes)<\/div>\n","protected":false},"excerpt":{"rendered":"<p>El Congreso de Intendentes, que preside el jefe comunal duraznense, Carmelo Vidal\u00edn, recibi\u00f3 a la nueva Jefa de Cooperaci\u00f3n de la Uni\u00f3n Europea en Uruguay, D\u00f6rte Bosse, para dialogar sobre temas estrat\u00e9gicos de desarrollo.<\/p>\n","protected":false},"author":4,"featured_media":6483,"comment_status":"closed","ping_status":"closed","sticky":false,"template":"","format":"standard","meta":{"footnotes":""},"categories":[5],"tags":[],"class_list":["post-6482","post","type-post","status-publish","format-standard","has-post-thumbnail","hentry","category-durazno"],"_links":{"self":[{"href":"https:\/\/paginacero.com.uy\/index.php?rest_route=\/wp\/v2\/posts\/6482","targetHints":{"allow":["GET"]}}],"collection":[{"href":"https:\/\/paginacero.com.uy\/index.php?rest_route=\/wp\/v2\/posts"}],"about":[{"href":"https:\/\/paginacero.com.uy\/index.php?rest_route=\/wp\/v2\/types\/post"}],"author":[{"embeddable":true,"href":"https:\/\/paginacero.com.uy\/index.php?rest_route=\/wp\/v2\/users\/4"}],"replies":[{"embeddable":true,"href":"https:\/\/paginacero.com.uy\/index.php?rest_route=%2Fwp%2Fv2%2Fcomments&post=6482"}],"version-history":[{"count":1,"href":"https:\/\/paginacero.com.uy\/index.php?rest_route=\/wp\/v2\/posts\/6482\/revisions"}],"predecessor-version":[{"id":6484,"href":"https:\/\/paginacero.com.uy\/index.php?rest_route=\/wp\/v2\/posts\/6482\/revisions\/6484"}],"wp:featuredmedia":[{"embeddable":true,"href":"https:\/\/paginacero.com.uy\/index.php?rest_route=\/wp\/v2\/media\/6483"}],"wp:attachment":[{"href":"https:\/\/paginacero.com.uy\/index.php?rest_route=%2Fwp%2Fv2%2Fmedia&parent=6482"}],"wp:term":[{"taxonomy":"category","embeddable":true,"href":"https:\/\/paginacero.com.uy\/index.php?rest_route=%2Fwp%2Fv2%2Fcategories&post=6482"},{"taxonomy":"post_tag","embeddable":true,"href":"https:\/\/paginacero.com.uy\/index.php?rest_route=%2Fwp%2Fv2%2Ftags&post=6482"}],"curies":[{"name":"wp","href":"https:\/\/api.w.org\/{rel}","templated":true}]}}