{"id":6474,"date":"2025-02-19T15:46:31","date_gmt":"2025-02-19T18:46:31","guid":{"rendered":"https:\/\/paginacero.com.uy\/?p=6474"},"modified":"2025-02-19T15:46:31","modified_gmt":"2025-02-19T18:46:31","slug":"la-roja-del-yi-por-el-primer-paso-hacia-la-final-del-sur","status":"publish","type":"post","link":"https:\/\/paginacero.com.uy\/?p=6474","title":{"rendered":"La roja del Yi por el primer paso hacia la final del Sur\u00a0"},"content":{"rendered":"<p><strong>La Selecci\u00f3n de Durazno comienza a jugarse esta noche desde la hora 20:30 en el estadio \u00abSilvestre Octavio Landoni\u00bb, ante Ligas Federadas (Colonia Interior), el pasaje a una nueva final de la Confederaci\u00f3n de F\u00fatbol del Sur.<\/strong><!--more--><\/p>\n<div id=\"geom_inter_1739990733402_17_56\" dir=\"auto\" data-olk-copy-source=\"MessageBody\">Los dirigidos por el Entrenador Gabriel Alberti Bruno y el Asistente T\u00e9cnico, Entrenador Pablo Lazo, junto a la labor del PF, Prof. Diego Su\u00e1rez, intentar\u00e1n ante su p\u00fablico dar el primer paso, de dos necesarios, contando el partido revancha a disputarse el pr\u00f3ximo S\u00e1bado en la Ciudad de Rosario, departamento de Colonia, haca una nueva Final, que ser\u00eda la tercera consecutiva (dos perdidas, ante Florida y Colonia, respectivamente .<\/div>\n<div id=\"geom_inter_1739990749421_26_57\" dir=\"auto\">El ganador del cruce se medir\u00e1 con uno de los dos San Jos\u00e9 (Capital, o interior: Ecilda Paullier).<\/div>\n<div id=\"geom_inter_1739990750402_92_58\" dir=\"auto\"><\/div>\n<div id=\"geom_inter_1739990750402_9_59\" dir=\"auto\">En el match de \u00e9sta noche, hora 20:30, la Roja del Yi, intentar\u00e1 un resultado positivo, ya sea un triunfo o en su defecto un empate, y en el peor de los casos una derrota m\u00ednima, para ir el fin de semana a Colonia en busca de la clasificaci\u00f3n.<\/div>\n<div id=\"geom_inter_1739990754403_6_60\" dir=\"auto\">Las entradas anticipadas se han vendido a buen ritmo en el comercio La Buhardilla, ubicado en calle 18 de Julio 422, frente a Plaza Sarand\u00ed hasta el mediod\u00eda y desde la tardecita en boleter\u00edas del estadio Landoni a $ 250.<\/div>\n<div dir=\"auto\"><\/div>\n<div dir=\"auto\">Detalles: Copa Nacional de Selecciones de OFI: Durazno-Colonia Interior (Ligas Federadas)<\/div>\n<div dir=\"auto\"><\/div>\n<div dir=\"auto\">Mi\u00e9rcoles 19 de Febrero, estadio Silvestre Octavio Landoni, hora 20:30, \u00e1rbitros de Maldonado: Fernando Cioca, Tom\u00e1s Luciano, Rolande Taramasco. Delegado: Gerardo Dellaventura (Florida)<\/div>\n<div dir=\"auto\">Revancha definitoria, con definici\u00f3n por penales en caso de empate en puntos, el pr\u00f3ximo S\u00e1bado 22 en Rosario, a la hora 22:00.<\/div>\n<div dir=\"auto\"><\/div>\n<div id=\"geom_inter_1739990755403_7_61\" dir=\"auto\">Tambi\u00e9n este mi\u00e9rcoles 19 juegan:<\/div>\n<div id=\"geom_inter_1739990755403_74_62\" dir=\"auto\">San Jos\u00e9-San Jos\u00e9 Interior Ecilda Paullier, hora 21:30, estadio Casto Mart\u00ednez Laguarda, \u00e1rbitros de Florida: Fernando Martinez, Diego Fag\u00fandez y Jaime Lanz. Delegado N\u00e9stor Cotelo (Colonia).<\/div>\n<div id=\"geom_inter_1739990756405_44_66\" dir=\"auto\"><\/div>\n<div id=\"geom_inter_1739990755403_6_63\" dir=\"auto\">Fotos gentileza Futbol Florida y Valentina Ayala Lazo<\/div>\n","protected":false},"excerpt":{"rendered":"<p>La Selecci\u00f3n de Durazno comienza a jugarse esta noche desde la hora 20:30 en el estadio \u00abSilvestre Octavio Landoni\u00bb, ante Ligas Federadas (Colonia Interior), el pasaje a una nueva final de la Confederaci\u00f3n de F\u00fatbol del Sur.<\/p>\n","protected":false},"author":4,"featured_media":6475,"comment_status":"closed","ping_status":"closed","sticky":false,"template":"","format":"standard","meta":{"footnotes":""},"categories":[5],"tags":[],"class_list":["post-6474","post","type-post","status-publish","format-standard","has-post-thumbnail","hentry","category-durazno"],"_links":{"self":[{"href":"https:\/\/paginacero.com.uy\/index.php?rest_route=\/wp\/v2\/posts\/6474","targetHints":{"allow":["GET"]}}],"collection":[{"href":"https:\/\/paginacero.com.uy\/index.php?rest_route=\/wp\/v2\/posts"}],"about":[{"href":"https:\/\/paginacero.com.uy\/index.php?rest_route=\/wp\/v2\/types\/post"}],"author":[{"embeddable":true,"href":"https:\/\/paginacero.com.uy\/index.php?rest_route=\/wp\/v2\/users\/4"}],"replies":[{"embeddable":true,"href":"https:\/\/paginacero.com.uy\/index.php?rest_route=%2Fwp%2Fv2%2Fcomments&post=6474"}],"version-history":[{"count":1,"href":"https:\/\/paginacero.com.uy\/index.php?rest_route=\/wp\/v2\/posts\/6474\/revisions"}],"predecessor-version":[{"id":6476,"href":"https:\/\/paginacero.com.uy\/index.php?rest_route=\/wp\/v2\/posts\/6474\/revisions\/6476"}],"wp:featuredmedia":[{"embeddable":true,"href":"https:\/\/paginacero.com.uy\/index.php?rest_route=\/wp\/v2\/media\/6475"}],"wp:attachment":[{"href":"https:\/\/paginacero.com.uy\/index.php?rest_route=%2Fwp%2Fv2%2Fmedia&parent=6474"}],"wp:term":[{"taxonomy":"category","embeddable":true,"href":"https:\/\/paginacero.com.uy\/index.php?rest_route=%2Fwp%2Fv2%2Fcategories&post=6474"},{"taxonomy":"post_tag","embeddable":true,"href":"https:\/\/paginacero.com.uy\/index.php?rest_route=%2Fwp%2Fv2%2Ftags&post=6474"}],"curies":[{"name":"wp","href":"https:\/\/api.w.org\/{rel}","templated":true}]}}