{"id":6468,"date":"2025-02-18T17:27:48","date_gmt":"2025-02-18T20:27:48","guid":{"rendered":"https:\/\/paginacero.com.uy\/?p=6468"},"modified":"2025-02-18T17:27:48","modified_gmt":"2025-02-18T20:27:48","slug":"obras-de-techado-y-porton-en-escuela-n-81","status":"publish","type":"post","link":"https:\/\/paginacero.com.uy\/?p=6468","title":{"rendered":"Obras de techado y port\u00f3n en Escuela N\u00b0 81"},"content":{"rendered":"<p><strong>La\u00a0Comisi\u00f3n Fomento, Direcci\u00f3n y Maestros de la Escuela N\u00b0 81 \u00abClemente Estable\u00bb\u00a0ubicada en calle Basilio Mu\u00f1oz entre Joaqu\u00edn Su\u00e1rez y San Mart\u00edn,\u00a0de la ciudad de Durazno, viene trabajando en la concreci\u00f3n de mejoras en el edificio<\/strong><!--more--><\/p>\n<div><span style=\"font-size: large;\" data-olk-copy-source=\"MessageBody\">como forma de continuar disponiendo mejor atenci\u00f3n para el alumnado,\u00a0cuerpo docente y dem\u00e1s personal que se desempe\u00f1a en el lugar.<\/span><\/div>\n<div><span style=\"font-size: large;\">Las obras -que ya tiene un importante avance- consisten en la\u00a0<b>colocaci\u00f3n a nuevo de un techado<\/b>\u00a0que sirve de resguardo en la zona de acceso del \u00e1rea interior de la escuela, y se proyecta adem\u00e1s la\u00a0<b>construcci\u00f3n\u00a0y colocaci\u00f3n de un nuevo port\u00f3n en el frente del edificio<\/b>, para resguardo los d\u00edas de lluvia o demasiado sol, informaron a<b>\u00a0P\u00e1gina Cero,\u00a0<\/b>integrantes de la comisi\u00f3n.<\/span><\/div>\n<div><span style=\"font-size: large;\">La iniciativa cuenta con el visto bueno de la\u00a0<b>Direcci\u00f3n del centro educativo y de la Inspecci\u00f3n Departamental de Educaci\u00f3n Inicial y Primaria\u00a0<\/b>y se viene concretando mediante la realizaci\u00f3n de beneficios desde el a\u00f1o pasado, y el importante apoyo de la<b>\u00a0empresa\u00a0Estancias del Lago<\/b><\/span><\/div>\n","protected":false},"excerpt":{"rendered":"<p>La\u00a0Comisi\u00f3n Fomento, Direcci\u00f3n y Maestros de la Escuela N\u00b0 81 \u00abClemente Estable\u00bb\u00a0ubicada en calle Basilio Mu\u00f1oz entre Joaqu\u00edn Su\u00e1rez y San Mart\u00edn,\u00a0de la ciudad de Durazno, viene trabajando en la concreci\u00f3n de mejoras en el edificio<\/p>\n","protected":false},"author":4,"featured_media":6469,"comment_status":"closed","ping_status":"closed","sticky":false,"template":"","format":"standard","meta":{"footnotes":""},"categories":[5],"tags":[],"class_list":["post-6468","post","type-post","status-publish","format-standard","has-post-thumbnail","hentry","category-durazno"],"_links":{"self":[{"href":"https:\/\/paginacero.com.uy\/index.php?rest_route=\/wp\/v2\/posts\/6468","targetHints":{"allow":["GET"]}}],"collection":[{"href":"https:\/\/paginacero.com.uy\/index.php?rest_route=\/wp\/v2\/posts"}],"about":[{"href":"https:\/\/paginacero.com.uy\/index.php?rest_route=\/wp\/v2\/types\/post"}],"author":[{"embeddable":true,"href":"https:\/\/paginacero.com.uy\/index.php?rest_route=\/wp\/v2\/users\/4"}],"replies":[{"embeddable":true,"href":"https:\/\/paginacero.com.uy\/index.php?rest_route=%2Fwp%2Fv2%2Fcomments&post=6468"}],"version-history":[{"count":1,"href":"https:\/\/paginacero.com.uy\/index.php?rest_route=\/wp\/v2\/posts\/6468\/revisions"}],"predecessor-version":[{"id":6470,"href":"https:\/\/paginacero.com.uy\/index.php?rest_route=\/wp\/v2\/posts\/6468\/revisions\/6470"}],"wp:featuredmedia":[{"embeddable":true,"href":"https:\/\/paginacero.com.uy\/index.php?rest_route=\/wp\/v2\/media\/6469"}],"wp:attachment":[{"href":"https:\/\/paginacero.com.uy\/index.php?rest_route=%2Fwp%2Fv2%2Fmedia&parent=6468"}],"wp:term":[{"taxonomy":"category","embeddable":true,"href":"https:\/\/paginacero.com.uy\/index.php?rest_route=%2Fwp%2Fv2%2Fcategories&post=6468"},{"taxonomy":"post_tag","embeddable":true,"href":"https:\/\/paginacero.com.uy\/index.php?rest_route=%2Fwp%2Fv2%2Ftags&post=6468"}],"curies":[{"name":"wp","href":"https:\/\/api.w.org\/{rel}","templated":true}]}}