{"id":6462,"date":"2025-02-17T16:37:12","date_gmt":"2025-02-17T19:37:12","guid":{"rendered":"https:\/\/paginacero.com.uy\/?p=6462"},"modified":"2025-02-17T16:37:12","modified_gmt":"2025-02-17T19:37:12","slug":"la-comparsa-kimbundu-obtuvo-el-primer-puesto-en-la-35a-edicion-de-las-primeras-llamadas-del-interior-del-pais-celebrada-el-domingo-16-de-febrero-de-2025","status":"publish","type":"post","link":"https:\/\/paginacero.com.uy\/?p=6462","title":{"rendered":"La comparsa Kimbund\u00fa obtuvo el primer puesto en la 35\u00aa edici\u00f3n de las Primeras Llamadas del Interior del Pa\u00eds, celebrada el domingo 16 de febrero de 2025."},"content":{"rendered":"<p><span style=\"font-size: large;\"><span data-olk-copy-source=\"MessageBody\">Este triunfo marca su segunda victoria consecutiva, ya que<strong>\u00a0tambi\u00e9n se coron\u00f3 campeona en la edici\u00f3n 2024.<\/strong><\/span><\/span><!--more--><\/p>\n<p><span style=\"font-size: large;\">El Jurado, compuesto por\u00a0<strong>Alejandro Arrascaeta, Math\u00edas Silva, Yamila Oviedo, Jaque Larraura y \u00c1lvaro Marotta<\/strong>, otorg\u00f3 a\u00a0<strong>Kimbund\u00fa un total de 331<\/strong>\u00a0puntos.<\/span><\/p>\n<p><span style=\"font-size: large;\">En segundo lugar qued\u00f3\u00a0<strong>Afroc\u00e1n con 329 puntos<\/strong>, seguido de\u00a0<strong>Kalumkembe con 327.<\/strong><\/span><\/p>\n<p><span style=\"font-size: large;\">Las dem\u00e1s comparsas se posicionaron de la siguiente manera: Lonjas de San Marcos (313), Lonjas del Varona (311), La Covacha (298), Sambur\u00fa Mor\u00e1n (295), Eco de Tambores (292), Hechiceros del Candombe (290), Rugir del Puerto (289), La 5mparsa (285), Mandela (282), La Explanada (279), Rosario 250 (273), Axe Elewa (268), Ekundayo (232).<\/span><\/p>\n<h3><span style=\"font-size: large;\">Menciones especiales<\/span><\/h3>\n<p><span style=\"font-size: large;\">Tambi\u00e9n se decidieron menciones a distintas comparsas y participantes destacados:<\/span><\/p>\n<ul>\n<li><span style=\"font-size: large;\"><strong>Cuerpo de Baile:<\/strong>\u00a0Lonjas de San Marcos<\/span><\/li>\n<li><span style=\"font-size: large;\"><strong>Cuerda de Tambores:<\/strong>\u00a0Kalumkembe<\/span><\/li>\n<li><span style=\"font-size: large;\"><strong>Cuadro de S\u00edmbolos y Banderas:<\/strong>\u00a0Afroc\u00e1n<\/span><\/li>\n<li><span style=\"font-size: large;\"><strong>Vedette:<\/strong>\u00a0Daniela Godoy (Kimbund\u00fa)<\/span><\/li>\n<li><span style=\"font-size: large;\"><strong>Bailar\u00edn\/Partener:<\/strong>\u00a0Daniel R\u00edos (Kalumkembe)<\/span><\/li>\n<li><span style=\"font-size: large;\"><strong>Gramillero:<\/strong>\u00a0Mario Rinaldi Grassi (Eco de Tambores)<\/span><\/li>\n<li><span style=\"font-size: large;\"><strong>Mama Vieja:<\/strong>\u00a0Yarudi de Melo (Afroc\u00e1n)<\/span><\/li>\n<li><span style=\"font-size: large;\"><strong>Escobero:<\/strong>\u00a0L\u00edan Morales (Lonjas de San Marcos)<\/span><\/li>\n<li><span style=\"font-size: large;\"><strong>Estandarte:<\/strong>\u00a0Rugir del Puerto<\/span><\/li>\n<\/ul>\n<p><span style=\"font-size: large;\">Asimismo, se otorgaron reconocimientos especiales a\u00a0<strong>Alba Amaro<\/strong>\u00a0(Ekundayo) y a\u00a0<strong>Los Ni\u00f1os de Mandela<\/strong>, de la Gramilla de la comparsa Mandela.<\/span><\/p>\n<p><span style=\"font-size: large;\">La ceremonia donde se dio a conocer el veredicto -y se labraron las Actas- se realiz\u00f3 en la\u00a0<strong>Sala Valent\u00edn Arias de la Intendencia de Durazno,<\/strong>\u00a0con la presencia del Jurado actuante; Directores de las Agrupaciones y por la IDD:;\u00a0<strong>Esc. Marcos Motta<\/strong>;\u00a0<strong>Sonia Mart\u00ednez (Coordinadora General)<\/strong>\u00a0;<strong>\u00a0Walter Fumero (Coordinador de Cultura IDD)<\/strong>,\u00a0<strong>funcionarios de Asesor\u00eda en Tecnolog\u00eda de la Informaci\u00f3n<\/strong>\u00a0y<strong>\u00a0Prensa ID<\/strong><\/span><\/p>\n","protected":false},"excerpt":{"rendered":"<p>Este triunfo marca su segunda victoria consecutiva, ya que\u00a0tambi\u00e9n se coron\u00f3 campeona en la edici\u00f3n 2024.<\/p>\n","protected":false},"author":4,"featured_media":6463,"comment_status":"closed","ping_status":"closed","sticky":false,"template":"","format":"standard","meta":{"footnotes":""},"categories":[5],"tags":[],"class_list":["post-6462","post","type-post","status-publish","format-standard","has-post-thumbnail","hentry","category-durazno"],"_links":{"self":[{"href":"https:\/\/paginacero.com.uy\/index.php?rest_route=\/wp\/v2\/posts\/6462","targetHints":{"allow":["GET"]}}],"collection":[{"href":"https:\/\/paginacero.com.uy\/index.php?rest_route=\/wp\/v2\/posts"}],"about":[{"href":"https:\/\/paginacero.com.uy\/index.php?rest_route=\/wp\/v2\/types\/post"}],"author":[{"embeddable":true,"href":"https:\/\/paginacero.com.uy\/index.php?rest_route=\/wp\/v2\/users\/4"}],"replies":[{"embeddable":true,"href":"https:\/\/paginacero.com.uy\/index.php?rest_route=%2Fwp%2Fv2%2Fcomments&post=6462"}],"version-history":[{"count":1,"href":"https:\/\/paginacero.com.uy\/index.php?rest_route=\/wp\/v2\/posts\/6462\/revisions"}],"predecessor-version":[{"id":6464,"href":"https:\/\/paginacero.com.uy\/index.php?rest_route=\/wp\/v2\/posts\/6462\/revisions\/6464"}],"wp:featuredmedia":[{"embeddable":true,"href":"https:\/\/paginacero.com.uy\/index.php?rest_route=\/wp\/v2\/media\/6463"}],"wp:attachment":[{"href":"https:\/\/paginacero.com.uy\/index.php?rest_route=%2Fwp%2Fv2%2Fmedia&parent=6462"}],"wp:term":[{"taxonomy":"category","embeddable":true,"href":"https:\/\/paginacero.com.uy\/index.php?rest_route=%2Fwp%2Fv2%2Fcategories&post=6462"},{"taxonomy":"post_tag","embeddable":true,"href":"https:\/\/paginacero.com.uy\/index.php?rest_route=%2Fwp%2Fv2%2Ftags&post=6462"}],"curies":[{"name":"wp","href":"https:\/\/api.w.org\/{rel}","templated":true}]}}