{"id":6453,"date":"2025-02-16T15:04:34","date_gmt":"2025-02-16T18:04:34","guid":{"rendered":"https:\/\/paginacero.com.uy\/?p=6453"},"modified":"2025-02-16T15:33:45","modified_gmt":"2025-02-16T18:33:45","slug":"jose-domingo-rielli-asumio-en-diputados-y-llamo-a-la-unidad-por-durazno","status":"publish","type":"post","link":"https:\/\/paginacero.com.uy\/?p=6453","title":{"rendered":"Jos\u00e9 Domingo Rielli asumi\u00f3 como Diputado y llam\u00f3 a la unidad por Durazno"},"content":{"rendered":"<p><strong>El diputado del Partido Nacional destac\u00f3 la importancia de la democracia y la unidad para el desarrollo del pa\u00eds. En su discurso, expres\u00f3 su compromiso con los duraznenses y record\u00f3 la frase del Escudo Departamental.<\/strong><!--more--><\/p>\n<p>Luego de se\u00f1alar su voto para presidir la C\u00e1mara de Diputados para el legislador, Sebasti\u00e1n Valdomir, \u00aba quien le deseo mucha suerte y felicitaciones en la suerte de \u00e9l o en la suerte de todos nosotros\u00bb, Rielli manifest\u00f3 en el recinto legislativo de la capital del pa\u00eds que \u00abindudablemente que m\u00e1s que fundamentaci\u00f3n, porque no nos conocemos seguramente como mucha gente del Interior, muchos Diputados nuevos tambi\u00e9n de los 64 que ingresamos a esta sala, m\u00e1s que fundamentaci\u00f3n lo que quiero expresar es el sentimiento de hacerlo celebrando la democracia, porque la democracia fue la que logr\u00f3 esta unidad de que se elija un Diputado con el apoyo de todos los Partidos. Esa unidad que tambi\u00e9n hemos so\u00f1ado para nuestro gobierno departamental, en muchos casos no la hemos podido lograr, es la que deseamos que tenga este parlamento para que nuestro Uruguay pueda seguir creciendo\u00bb.<\/p>\n<p>M\u00e1s adelante, el flamante legislador nacionalista expres\u00f3: \u00abPerm\u00edtame enviar nuestro agradecimiento en este d\u00eda tan especial en donde estamos en este lugar que tanto so\u00f1amos y que seguramente tantos duraznenses tambi\u00e9n so\u00f1aron; un agradecimiento y un saludo grande a toda la gente de mi querido Durazno, a los que nos votaron y a los que no nos votaron. A mi Partido Nacional, a mi Lista 404, al Intendente (Carmelo) Vidal\u00edn con quien compartimos much\u00edsimo trabajo por Durazno. A los duraznenses que nos permitieron estar aqu\u00ed en esta sala, que realmente para nosotros fue muy importante, a los militantes, a todos los que hicieron posible que hoy estemos disfrutando de este momento\u00bb.<\/p>\n<p>Adem\u00e1s, Rielli tuvo especial consideraci\u00f3n para con su familia, al mencionar: \u00abUn saludo y un compartir muy especial con mi familia, con mi se\u00f1ora Marcela (Percovich), con Marce, con Melita, con Santi, con Domi (en referencia a sus hijos), que han sido pilares fundamentales para estar participando en un proceso electoral y trabajar en lo que a uno le gusta\u00bb.<\/p>\n<p>Tambi\u00e9n dispens\u00f3 unos minutos para un saludo que consider\u00f3 \u00abrespetuoso y c\u00e1lido\u00bb, al hacer referencia al \u00abotro Diputado que fue electo por nuestro departamento de Durazno, Diputado del Frente Amplio, concretamente de la Lista 1001, el Contador Aidemar Gonz\u00e1lez, que tuvo que renunciar nada m\u00e1s y nada menos que para luchar por la salud de su hija. Y como indudablemente debi\u00f3 hacerlo, le debo mandar mis felicitaciones a quien eligi\u00f3 luchar por la salud de su hija, dejando seguramente una de sus m\u00e1s grandes pasiones que es haber podido participar en este recinto. Con ese saludo tambi\u00e9n quiero saludar a la Diputada Magela Rinaldi, desearle much\u00edsima suerte, la suerte de nosotros tambi\u00e9n va a ir la suerte de muchos duraznenses\u00bb.<\/p>\n<p>\u00abDecirles a los duraznenses que juntos vamos a trabajar m\u00e1s all\u00e1 de los partidos pol\u00edticos y m\u00e1s all\u00e1 de lo que podamos pensar cada uno. Vamos a trabajar por nuestro Durazno, teniendo muy presente la frase de nuestro querido Escudo Departamental, del profesor Carlos Scaffo, que nos centraremos en pensamiento y nos descentraremos en labor (citando la frase &#8216;En Pensamiento me Centro y me Descentro en Labor&#8217;) para lograr un mejor Durazno para todos. Muchas gracias\u201c.<\/p>\n","protected":false},"excerpt":{"rendered":"<p>El diputado del Partido Nacional destac\u00f3 la importancia de la democracia y la unidad para el desarrollo del pa\u00eds. En su discurso, expres\u00f3 su compromiso con los duraznenses y record\u00f3 la frase del Escudo Departamental.<\/p>\n","protected":false},"author":4,"featured_media":6454,"comment_status":"closed","ping_status":"closed","sticky":false,"template":"","format":"standard","meta":{"footnotes":""},"categories":[5],"tags":[],"class_list":["post-6453","post","type-post","status-publish","format-standard","has-post-thumbnail","hentry","category-durazno"],"_links":{"self":[{"href":"https:\/\/paginacero.com.uy\/index.php?rest_route=\/wp\/v2\/posts\/6453","targetHints":{"allow":["GET"]}}],"collection":[{"href":"https:\/\/paginacero.com.uy\/index.php?rest_route=\/wp\/v2\/posts"}],"about":[{"href":"https:\/\/paginacero.com.uy\/index.php?rest_route=\/wp\/v2\/types\/post"}],"author":[{"embeddable":true,"href":"https:\/\/paginacero.com.uy\/index.php?rest_route=\/wp\/v2\/users\/4"}],"replies":[{"embeddable":true,"href":"https:\/\/paginacero.com.uy\/index.php?rest_route=%2Fwp%2Fv2%2Fcomments&post=6453"}],"version-history":[{"count":2,"href":"https:\/\/paginacero.com.uy\/index.php?rest_route=\/wp\/v2\/posts\/6453\/revisions"}],"predecessor-version":[{"id":6456,"href":"https:\/\/paginacero.com.uy\/index.php?rest_route=\/wp\/v2\/posts\/6453\/revisions\/6456"}],"wp:featuredmedia":[{"embeddable":true,"href":"https:\/\/paginacero.com.uy\/index.php?rest_route=\/wp\/v2\/media\/6454"}],"wp:attachment":[{"href":"https:\/\/paginacero.com.uy\/index.php?rest_route=%2Fwp%2Fv2%2Fmedia&parent=6453"}],"wp:term":[{"taxonomy":"category","embeddable":true,"href":"https:\/\/paginacero.com.uy\/index.php?rest_route=%2Fwp%2Fv2%2Fcategories&post=6453"},{"taxonomy":"post_tag","embeddable":true,"href":"https:\/\/paginacero.com.uy\/index.php?rest_route=%2Fwp%2Fv2%2Ftags&post=6453"}],"curies":[{"name":"wp","href":"https:\/\/api.w.org\/{rel}","templated":true}]}}