{"id":6450,"date":"2025-02-16T15:01:45","date_gmt":"2025-02-16T18:01:45","guid":{"rendered":"https:\/\/paginacero.com.uy\/?p=6450"},"modified":"2025-02-16T15:01:45","modified_gmt":"2025-02-16T18:01:45","slug":"magela-rinaldi-asumio-su-banca-y-reafirmo-su-lucha-por-memoria-verdad-y-justicia","status":"publish","type":"post","link":"https:\/\/paginacero.com.uy\/?p=6450","title":{"rendered":"Magela Rinaldi asumi\u00f3 su banca y reafirm\u00f3 su lucha por memoria, verdad y justicia"},"content":{"rendered":"<p><strong>La diputada del Frente Amplio asumi\u00f3 su cargo con un mensaje de compromiso y emoci\u00f3n. Se convirti\u00f3 en la primera diputada titular por Durazno y asegur\u00f3 que su trabajo estar\u00e1 enfocado en la equidad social y los derechos humanos.<\/strong><!--more--><\/p>\n<p>Por su parte, la joven legisladora, que sustituye en el cargo al electo Diputado, Cr. Aidemar Gonz\u00e1lez, hizo en su participaci\u00f3n en la c\u00e1mara de legisladores una referencia a Gonz\u00e1lez:<\/p>\n<p>\u00abSe\u00f1ora Secretaria, si me permite, quisiera enviar un saludo al compa\u00f1ero Aidemar Gonz\u00e1lez, que por razones familiares, que mencionaba Domingo Rielli, no ocupar\u00e1 esta banca. Un gran luchador de la vida y vaya mi abrazo. Tambi\u00e9n quiero enviar un saludo especial a mi familia, que siempre me apoya, en especial a mi hijo, que es quien mayormente se banca mis ausencias, a mis amigas, grandes compa\u00f1eras de lucha, y a mis compa\u00f1eros y compa\u00f1eras del Partido (Frente Amplio), por la confianza; a los militantes del Frente Amplio, y a todo el departamento de Durazno, que confi\u00f3 en este equipo de diputaci\u00f3n para llevar adelante sus luchas, y en definitiva, para lograr equidad social\u00bb.<\/p>\n<p>Rinaldi agreg\u00f3 luego: \u00abEn estos 40 a\u00f1os de democracia, quiero decir que desde esta bancada, me comprometo a trabajar por memoria, verdad y justicia hasta el final. Y tambi\u00e9n quiero decir que hoy me atraviesan un mont\u00f3n de emociones, y que sobre todo me llena de orgullo ser la primera diputada titular por el departamento de Durazno, y que ojal\u00e1 que esto abra camino para otras mujeres y que ocupen espacios pol\u00edticos en el departamento\u00bb.<\/p>\n<p>\u00abEn este mismo sentido, quiero saludar a la compa\u00f1era Ana Olivera, a la compa\u00f1era Carolina Cosse, a Luc\u00eda Topolansky, y a otras tantas compa\u00f1eras que han marcado el camino\u00bb.<\/p>\n<p>\u00abY ahora s\u00ed, con total convicci\u00f3n, quiero dejar mi voto al compa\u00f1ero Sebasti\u00e1n Valdomir, y le deseo una excelente gesti\u00f3n\u00bb, concluy\u00f3.<\/p>\n","protected":false},"excerpt":{"rendered":"<p>La diputada del Frente Amplio asumi\u00f3 su cargo con un mensaje de compromiso y emoci\u00f3n. Se convirti\u00f3 en la primera diputada titular por Durazno y asegur\u00f3 que su trabajo estar\u00e1 enfocado en la equidad social y los derechos humanos.<\/p>\n","protected":false},"author":4,"featured_media":6451,"comment_status":"closed","ping_status":"closed","sticky":false,"template":"","format":"standard","meta":{"footnotes":""},"categories":[5],"tags":[],"class_list":["post-6450","post","type-post","status-publish","format-standard","has-post-thumbnail","hentry","category-durazno"],"_links":{"self":[{"href":"https:\/\/paginacero.com.uy\/index.php?rest_route=\/wp\/v2\/posts\/6450","targetHints":{"allow":["GET"]}}],"collection":[{"href":"https:\/\/paginacero.com.uy\/index.php?rest_route=\/wp\/v2\/posts"}],"about":[{"href":"https:\/\/paginacero.com.uy\/index.php?rest_route=\/wp\/v2\/types\/post"}],"author":[{"embeddable":true,"href":"https:\/\/paginacero.com.uy\/index.php?rest_route=\/wp\/v2\/users\/4"}],"replies":[{"embeddable":true,"href":"https:\/\/paginacero.com.uy\/index.php?rest_route=%2Fwp%2Fv2%2Fcomments&post=6450"}],"version-history":[{"count":1,"href":"https:\/\/paginacero.com.uy\/index.php?rest_route=\/wp\/v2\/posts\/6450\/revisions"}],"predecessor-version":[{"id":6452,"href":"https:\/\/paginacero.com.uy\/index.php?rest_route=\/wp\/v2\/posts\/6450\/revisions\/6452"}],"wp:featuredmedia":[{"embeddable":true,"href":"https:\/\/paginacero.com.uy\/index.php?rest_route=\/wp\/v2\/media\/6451"}],"wp:attachment":[{"href":"https:\/\/paginacero.com.uy\/index.php?rest_route=%2Fwp%2Fv2%2Fmedia&parent=6450"}],"wp:term":[{"taxonomy":"category","embeddable":true,"href":"https:\/\/paginacero.com.uy\/index.php?rest_route=%2Fwp%2Fv2%2Fcategories&post=6450"},{"taxonomy":"post_tag","embeddable":true,"href":"https:\/\/paginacero.com.uy\/index.php?rest_route=%2Fwp%2Fv2%2Ftags&post=6450"}],"curies":[{"name":"wp","href":"https:\/\/api.w.org\/{rel}","templated":true}]}}