{"id":6447,"date":"2025-02-14T12:19:32","date_gmt":"2025-02-14T15:19:32","guid":{"rendered":"https:\/\/paginacero.com.uy\/?p=6447"},"modified":"2025-02-14T12:19:32","modified_gmt":"2025-02-14T15:19:32","slug":"expo-durazno-111-anos-del-evento-de-la-expresion-de-la-genetica-animal-del-pais","status":"publish","type":"post","link":"https:\/\/paginacero.com.uy\/?p=6447","title":{"rendered":"Expo Durazno: 111 a\u00f1os del evento de la expresi\u00f3n de la gen\u00e9tica animal del pa\u00eds"},"content":{"rendered":"<p>Con un n\u00famero creciente de caba\u00f1as y de reproductores en relaci\u00f3n a la anterior expo, la\u00a0<b>Sociedad Rural de Durazno (SRD)\u00a0<\/b>viene finiquitando todos los detalles de lo que ser\u00e1 los d\u00edas 6, 7, 8 y 9 de Marzo pr\u00f3ximos, la\u00a0<b>111 edici\u00f3n de la Expo Durazno.<\/b><!--more--><\/p>\n<p><span style=\"color: #000000;\"><span style=\"font-family: Arial, sans-serif;\"><span style=\"font-size: large;\" data-olk-copy-source=\"MessageBody\">En cu\u00e1nto a los vacunos de las distintas razas, de 460 que pasaron por pistas en el 2024, hoy se sit\u00faa en\u00a0<b>500 vacunos inscriptos.<\/b><\/span><\/span><\/span><\/p>\n<p><span style=\"color: #000000;\"><span style=\"font-family: Arial, sans-serif;\"><span style=\"font-size: large;\">Recordamos que el pasado 30 de Enero, en la sede del\u00a0<b>Ministerio de Turismo (Mintur) en Montevideo<\/b>, se realiz\u00f3 el lanzamiento de las actividades de febrero y marzo en el departamento de Durazno, incluyendo la gran cita de animales bovinos, ovinos y equinos del Interior del Pa\u00eds.<\/span><\/span><\/span><\/p>\n<p><span style=\"color: #000000;\"><span style=\"font-family: Arial, sans-serif;\"><span style=\"font-size: large;\">Cont\u00f3 con la presencia de importantes autoridades, entre ellas el\u00a0<b>Ministro de Turismo, Eduardo Sanguinetti; el Intendente de Durazno, Lic. Carmelo Vidal\u00edn<\/b>; el Director Nacional de Turismo, Roque Baudean; Javier y Juan Manuel Castelo, representantes de la Sociedad Criolla Carlos Reyles; Rafael Frugoni, Director de Exposiciones de la Sociedad Rural de Durazno (SRD), el C\u00f3nsul de Colombia, Luis de la Hoz; Sonia Mart\u00ednez, Coordinadora General de la Intendencia de Durazno; Walter Fumero, Coordinador de Cultura; Andr\u00e9s Viana, Coordinador de Turismo, entre otras autoridades, artistas y medios de comunicaci\u00f3n.<br \/>\nDurante esa convocatoria, el\u00a0<b>Intendente Carmelo Vidal\u00edn<\/b>\u00a0agradeci\u00f3 al<b>\u00a0Ministerio de Turismo\u00a0<\/b>por su constante apoyo a los eventos del departamento y su trabajo en la promoci\u00f3n del turismo en Durazno a lo largo del a\u00f1o.<br \/>\nEn su intervenci\u00f3n, destac\u00f3 los relevantes eventos como el ya realizado\u00a0<b>51\u00b0 Festival de Folklore y 24 edici\u00f3n del Encuentro Gaucho en el Parque de la Hispanidad; la 35 edici\u00f3n de las Primeras Llamadas del Interior del Pa\u00eds<\/b>\u00a0previsto para este s\u00e1bado 15 de febrero y la<b>\u00a0111\u00b0 edici\u00f3n de la Expo Durazno.<\/b><br \/>\nEn el lanzamiento el Ministro Sanguinetti elogi\u00f3 la calidad de la organizaci\u00f3n y de los eventos programados, destacando la labor de la Intendencia de Durazno y la oferta cultural de primer nivel que los mismos presentar\u00e1n.<br \/>\n<b>Frugoni,<\/b>\u00a0Director de Exposiciones de la SRD, y Javier Castelo, de la Sociedad Criolla Carlos Reyles, ofrecieron detalles sobre sus respectivos eventos, integrados a la propuesta tur\u00edstica y cultural del departamento y la regi\u00f3n en \u00e9stos meses.<br \/>\n\u00abLos eventos incluyen folklore, candombe, tradiciones gauchas y una exposici\u00f3n agropecuaria de gran prestigio, que consolidan a Durazno como un destino tur\u00edstico de relevancia, tanto para el p\u00fablico nacional como internacional\u00bb, valor\u00f3 el<b>\u00a0Intendente Vidal\u00edn<\/b>.<\/span><\/span><\/span><\/p>\n<p><span style=\"color: #000000;\"><span style=\"font-family: Arial, sans-serif;\"><span style=\"font-size: large;\"><b>Trabajo que se intensifica d\u00eda a d\u00eda<\/b><\/span><\/span><\/span><\/p>\n<p><span style=\"color: #000000;\"><span style=\"font-family: Arial, sans-serif;\"><span style=\"font-size: large;\">El\u00a0<b>T\u00e9cnico Agropecuario, Rafael Frugoni,<\/b>\u00a0tiene vasta experiencia en la organizaci\u00f3n de la \u00abantesala del Prado\u00bb y es el actual\u00a0<b>Director de Exposiciones de la SRD.<\/b><\/span><\/span><\/span><\/p>\n<p><span style=\"color: #000000;\"><span style=\"font-family: Arial, sans-serif;\"><span style=\"font-size: large;\">Habl\u00f3 con\u00a0<b>P\u00e1gina Cero<\/b>, sobre todos los detalles que hacen a la operativa y a la log\u00edstica del evento,\u00a0se\u00f1alando que \u00aben estos\u00a0momentos\u00a0estamos en todo\u00a0lo que es la infraestructura, todos los\u00a0galpones, todos los bretes;\u00a0no queda mucho, pero hay muchas cosas para hacer, pero ya se va armando todo\u00bb, coment\u00f3.<\/span><\/span><\/span><\/p>\n<p><span style=\"color: #000000;\"><span style=\"font-family: Arial, sans-serif;\"><span style=\"font-size: large;\">La labor de dirigir toda la operativa es amplia y extensa y la explic\u00f3\u00a0<b>Frugoni.<\/b><\/span><\/span><\/span><\/p>\n<p><span style=\"color: #000000;\">\u00ab<span style=\"font-family: Arial, sans-serif;\"><span style=\"font-size: large;\">Es todo dir\u00eda. Todo el manejo del personal, de acondicionar todos los bretes de lanares, las caballerizas de vacunos, toda la parte de seguridad, planificar la seguridad de los guardias, planificar la limpieza, la parte de los salones y los ba\u00f1os. Despu\u00e9s todo el personal que est\u00e1 en los lanares, en los vacunos, y en la parte rural mismo, de la gente que prepara las sillas y mueve las cosas durante todo el evento. Tambi\u00e9n organizar la parte de las plazas de comida, la parte de m\u00fasica tambi\u00e9n, se coordinaron los eventos para el s\u00e1bado y el domingo, y junto con la labor del personal de la SRD vas atendiendo todos los puntos que haya que atender\u00bb.<\/span><\/span><\/span><\/p>\n<p><span style=\"color: #000000;\"><span style=\"font-family: Arial, sans-serif;\"><span style=\"font-size: large;\"><b>Ceremonia de apertura y de cierre<\/b><\/span><\/span><\/span><\/p>\n<p><span style=\"color: #000000;\">\u00ab<span style=\"font-family: Arial, sans-serif;\"><span style=\"font-size: large;\">La inauguraci\u00f3n es el jueves 6 (Marzo) a las 17 horas. Ya hemos hecho todas las invitaciones, por supuesto que la que est\u00e1 confirmada es la del\u00a0<b>M<\/b><b>inistro\u00a0<\/b><b>(designado de Ganader\u00eda, Agricultura y Pesca)<\/b>, el doctor\u00a0<b>(Alfredo)\u00a0<\/b><b>Fra<\/b><b>tt<\/b><b>i.<\/b>\u00a0Despu\u00e9s a las 18.30 vamos a tener la charla que hace\u00a0<b>(diario) E<\/b><b>l Pa\u00eds<\/b>, junto con el\u00a0<b>programa\u00a0<\/b><b>Valor Agregado\u00a0<\/b>y la\u00a0<b>Sociedad Rural;\u00a0<\/b>una charla que ya es tradicional, y va a estar \u00e9l (<b>Ministro Fratti)\u00a0<\/b>con su equipo, hablando un poco del futuro del tema del agro. Eso es el Jueves 6, 17 horas la inauguraci\u00f3n y enseguida 18.30 horas la charla con el nuevo\u00a0<b>Ministro (Fratti)<\/b>\u00ab, agregando que la ceremonia de clausura y entrega de premios a los reproductores de los grandes campeones de las distintas razas es el Domingo 9 a la hora 10:00, porque las Juras terminan, se dan entre viernes y s\u00e1bado, y es obligaci\u00f3n de que los grandes campeones se queden el domingo para la entrega de premios\u00bb.<\/span><\/span><\/span><\/p>\n<p><span style=\"color: #000000;\"><span style=\"font-family: Arial, sans-serif;\"><span style=\"font-size: large;\"><b>Frugoni,\u00a0<\/b>precis\u00f3 que \u201etambi\u00e9n hay autoridades que van confirmando, algunas autoridades van a venir a la inauguraci\u00f3n y otras vienen, como quien dice, al desfile de grandes campeones. Falta confirmar varios, pero hay bastantes autoridades invitadas a confirmar por el tema de la transici\u00f3n (<b>cambio de Mando Presidencial<\/b>), pero m\u00e1s adelante vamos a ir confirmando qui\u00e9n va a estar\u201c, y subray\u00f3 que las invitaciones se vienen cursando a las actuales autoridades y a las electas.<\/span><\/span><\/span><\/p>\n<p><span style=\"color: #000000;\"><span style=\"font-family: Arial, sans-serif;\"><span style=\"font-size: large;\"><b>Inscripciones:\u00a0<\/b><b>medio millar de vacunos<\/b><\/span><\/span><\/span><\/p>\n<p><span style=\"color: #000000;\"><span style=\"font-family: Arial, sans-serif;\"><span style=\"font-size: large;\"><b>Frugoni<\/b>, inform\u00f3 que las inscripciones \u00abfueron muy buenas., con un peque\u00f1o aumento de los vacunos, que hab\u00edan sido muy buenos el a\u00f1o pasado, de 460 hoy se sit\u00faa en\u00a0<b>500 vacunos inscri<\/b><b>p<\/b><b>tos<\/b>. Han sido muy importantes porque no es algo menor. El motivo de esto es la fluencia, la muy buena venida de animales, y ya te digo, tuvimos un aumento en los vacunos, hay 500 vacunos inscriptos. Eso representa unas\u00a0<b>86 caba\u00f1as.<\/b>\u00a0Despu\u00e9s tenemos\u00a0<b>260 ovinos de 63 caba\u00f1as y 23 caballos.<\/b>\u00a0Entonces hace un n\u00famero muy importante de animales y ha aumentado. A nosotros eso nos gratifica mucho porque realmente vemos que vienen caba\u00f1as, las tradicionales y sobre todo caba\u00f1as nuevas. Y es como decimos siempre; es como una \u201aantesala del Prado\u2018 en la cual, sobre todo en la parte de terneros, empiezan a medirse mirando para adelante, mirando para el Prado\u00a0<b>(Expo Prado de Montevideo)\u00bb.<\/b><\/span><\/span><\/span><\/p>\n<p><span style=\"color: #000000;\"><span style=\"font-family: Arial, sans-serif;\"><span style=\"font-size: large;\">Tambi\u00e9n dijo que habr\u00e1 ventas generales a trav\u00e9s de remates \u00abtenemos que el viernes a las 16:00 o 17:00 horas van a haber dos remates de lanares tradicionales y a la hora 19:30 el remate de la raza Angus, con\u00a0<b>18 hembras seleccionadas,<\/b>\u00a0un muy lindo remate. El d\u00eda s\u00e1bado tenemos un remate nuevo de la raza Normando, finalizando con un remate de caballos criollos\u00bb, dijo y resalt\u00f3 la realizaci\u00f3n de un remate virtual el domingo 9, en el sal\u00f3n principal con Lote 21, que comienza a la hora 09.00 y va hasta las 17, 18 horas\u00bb.<\/span><\/span><\/span><\/p>\n<p><span style=\"color: #000000;\"><span style=\"font-family: Arial, sans-serif;\"><span style=\"font-size: large;\">Habr\u00e1 adem\u00e1s una muestra en vivo por parte de una prestigiosa caba\u00f1a que llega desde el Este del pa\u00eds con m\u00e1s de 20 animales, con disertaci\u00f3n sobre las caracter\u00edsticas de la raza<\/span><\/span><\/span><\/p>\n<p><span style=\"color: #000000;\"><span style=\"font-family: Arial, sans-serif;\"><span style=\"font-size: large;\">Sobre la labor de las Juras de las distintas razas, precis\u00f3 que se realizar\u00e1n viernes y s\u00e1bado desde al hora 08:00 y durante todo el d\u00eda en las pistas del local Santa Bernardina.<\/span><\/span><\/span><\/p>\n<p><span style=\"color: #000000;\"><span style=\"font-family: Arial, sans-serif;\"><span style=\"font-size: large;\"><b>C<\/b><b>harlas\u00a0<\/b><b>y\u00a0<\/b><b>Disertaciones<\/b><\/span><\/span><\/span><\/p>\n<p><span style=\"color: #000000;\"><span style=\"font-family: Arial, sans-serif;\"><span style=\"font-size: large;\">En cu\u00e1nto a la programaci\u00f3n de charlas, las mismas ser\u00e1n abiertas a todo p\u00fablico, abarcando temas de la carne (<b>Mesa Uruguaya de Carne Sostenible)<\/b>; se programa y coordina una charla con la participaci\u00f3n de la<b>\u00a0Universidad Tecnol\u00f3gica (UTEC)<\/b><\/span><\/span><\/span><\/p>\n<p><span style=\"color: #000000;\"><span style=\"font-family: Arial, sans-serif;\"><span style=\"font-size: large;\">Otros atractivos ser\u00e1n la\u00a0<b>Misa Criolla\u00a0<\/b>el d\u00eda domingo, posiblemente con la participaci\u00f3n del\u00a0<b>Padre Andr\u00e9s \u00abGordo\u00bb Verde;<\/b>\u00a0espect\u00e1culos en vivo en el escenario, los d\u00edas viernes, s\u00e1bado y domingo.<\/span><\/span><\/span><\/p>\n<p><span style=\"color: #000000;\"><span style=\"font-family: Arial, sans-serif;\"><span style=\"font-size: large;\">La venta de entradas, a un costo general de $ 150 a beneficio del\u00a0<b>Plan Odontol\u00f3gico de la SRD,<\/b>\u00a0para lo cual se cuenta con la labor del\u00a0<b>Rotary Club Durazno<\/b>, en los accesos y en las boleter\u00edas del local.<\/span><\/span><\/span><\/p>\n<p><span style=\"color: #000000;\"><span style=\"font-family: Arial, sans-serif;\"><span style=\"font-size: large;\">El\u00a0<b>Plan Odontol\u00f3gico que lleva adelante la SRD<\/b>, atiende a m\u00e1s de\u00a0<b>400 escolares<\/b>\u00a0de todas las escuelas rurales del departamento. A los veh\u00edculos no se les cobra entrada adicional.<\/span><\/span><\/span><\/p>\n","protected":false},"excerpt":{"rendered":"<p>Con un n\u00famero creciente de caba\u00f1as y de reproductores en relaci\u00f3n a la anterior expo, la\u00a0Sociedad Rural de Durazno (SRD)\u00a0viene finiquitando todos los detalles de lo que ser\u00e1 los d\u00edas 6, 7, 8 y 9 de Marzo pr\u00f3ximos, la\u00a0111 edici\u00f3n de la Expo Durazno.<\/p>\n","protected":false},"author":4,"featured_media":6448,"comment_status":"closed","ping_status":"closed","sticky":false,"template":"","format":"standard","meta":{"footnotes":""},"categories":[5],"tags":[],"class_list":["post-6447","post","type-post","status-publish","format-standard","has-post-thumbnail","hentry","category-durazno"],"_links":{"self":[{"href":"https:\/\/paginacero.com.uy\/index.php?rest_route=\/wp\/v2\/posts\/6447","targetHints":{"allow":["GET"]}}],"collection":[{"href":"https:\/\/paginacero.com.uy\/index.php?rest_route=\/wp\/v2\/posts"}],"about":[{"href":"https:\/\/paginacero.com.uy\/index.php?rest_route=\/wp\/v2\/types\/post"}],"author":[{"embeddable":true,"href":"https:\/\/paginacero.com.uy\/index.php?rest_route=\/wp\/v2\/users\/4"}],"replies":[{"embeddable":true,"href":"https:\/\/paginacero.com.uy\/index.php?rest_route=%2Fwp%2Fv2%2Fcomments&post=6447"}],"version-history":[{"count":1,"href":"https:\/\/paginacero.com.uy\/index.php?rest_route=\/wp\/v2\/posts\/6447\/revisions"}],"predecessor-version":[{"id":6449,"href":"https:\/\/paginacero.com.uy\/index.php?rest_route=\/wp\/v2\/posts\/6447\/revisions\/6449"}],"wp:featuredmedia":[{"embeddable":true,"href":"https:\/\/paginacero.com.uy\/index.php?rest_route=\/wp\/v2\/media\/6448"}],"wp:attachment":[{"href":"https:\/\/paginacero.com.uy\/index.php?rest_route=%2Fwp%2Fv2%2Fmedia&parent=6447"}],"wp:term":[{"taxonomy":"category","embeddable":true,"href":"https:\/\/paginacero.com.uy\/index.php?rest_route=%2Fwp%2Fv2%2Fcategories&post=6447"},{"taxonomy":"post_tag","embeddable":true,"href":"https:\/\/paginacero.com.uy\/index.php?rest_route=%2Fwp%2Fv2%2Ftags&post=6447"}],"curies":[{"name":"wp","href":"https:\/\/api.w.org\/{rel}","templated":true}]}}