{"id":6441,"date":"2025-02-13T15:51:13","date_gmt":"2025-02-13T18:51:13","guid":{"rendered":"https:\/\/paginacero.com.uy\/?p=6441"},"modified":"2025-02-13T15:51:13","modified_gmt":"2025-02-13T18:51:13","slug":"domingo-rielli-sumo-el-apoyo-de-todo-un-partido","status":"publish","type":"post","link":"https:\/\/paginacero.com.uy\/?p=6441","title":{"rendered":"Domingo Rielli sum\u00f3 el apoyo de todo un Partido"},"content":{"rendered":"<p><strong>Domingo Rielli sum\u00f3 el apoyo del Partido Independiente El candidato a la Intendencia de Durazno, Jos\u00e9 Domingo Rielli, anunci\u00f3 la adhesi\u00f3n del Partido Independiente a su candidatura. En rueda de prensa, destac\u00f3 la coincidencia de valores con el sector liderado por el Dr. Federico Arr\u00e9iz, quien confirm\u00f3 el respaldo junto a otros dirigentes.<\/strong><!--more--><\/p>\n<p>\u00abCuando asumamos en la Intendencia, podamos trabajar todos juntos por eso mismo, por un gobierno socialmente especial, que atienda de una manera muy equitativa a todos los duraznenses\u00bb, mencion\u00f3 uno de los candidatos del Partido Nacional a la Intendencia de Durazno, el comunicador y empresario, Jos\u00e9 Domingo Rielli San Mart\u00edn, quien en rueda de prensa celebrada anoche en su sede partidaria frente a la Terminal de \u00d3mnibus \u00abJos\u00e9 Enrique Rod\u00f3\u00bb, confirm\u00f3 la adhesi\u00f3n del Partido Independiente, con la presencia del referente del sector, Dr. Federico Arr\u00e9iz y dem\u00e1s dirigentes.<\/p>\n<p>Rielli, que fuera electo Diputado y que asumir\u00e1 funciones en estas horas, destac\u00f3 que ayer fue \u00abun d\u00eda tan especial para nosotros, para todo el grupo de la Lista 25 y las que no son 25, pero que nos acompa\u00f1an en este proceso a la Intendencia de Durazno el pr\u00f3ximo 11 de mayo. Es un d\u00eda muy especial en la jornada de hoy, un d\u00eda que despu\u00e9s de muchas conversaciones hemos podido concretar hace algunos d\u00edas atr\u00e1s el apoyo por parte del Partido Independiente a lo que va a ser nuestra candidatura. Para nosotros fue una meta, dir\u00edamos que desde antes de todo este proceso electoral, sobre todo por los integrantes aqu\u00ed en lo departamental, por Federico (Arr\u00e9iz) como abanderado, pero todo el grupo y todo el equipo del Partido Independiente en Durazno, por el Partido Independiente y todo lo que encierra, con m\u00e1s de 20 a\u00f1os. Es un partido socialdem\u00f3crata que persigue ideales muy similares de paz, de justicia social, de equidad, que son tambi\u00e9n los que perseguimos nosotros en una candidatura a la Intendencia y que de alguna manera pretendemos que a partir de las pr\u00f3ximas elecciones de mayo, y de julio, cuando asumamos en la Intendencia, podamos trabajar todos juntos por eso mismo, por un gobierno socialmente especial, que atienda de una manera muy equitativa a todos los duraznenses. Por eso cuando fuimos avanzando en las conversaciones, realmente nos fuimos sintiendo muy contentos, y es hoy un motivo de mucha felicidad y de mucha alegr\u00eda poderle decir que hemos llegado a un acuerdo con el Partido Independiente. Lo que conversamos siempre con Federico (Arr\u00e9iz) y con integrantes de su equipo, fue que no quer\u00edamos que el Partido Independiente se fusionara a nuestro grupo. Indudablemente que lo que es la Coalici\u00f3n Republicana ha venido marcando un camino en lo nacional\u00bb.<\/p>\n<p>\u00abNos estamos adelantando a lo que vendr\u00e1\u00bb<\/p>\n<p>\u00abNo se dio en lo departamental por diferentes motivos, pero de alguna forma estamos convencidos de que nos estamos adelantando a lo que va a pasar dentro de cinco a\u00f1os, y esto tambi\u00e9n va a ser parte de esa coalici\u00f3n que se va a estar dando seguramente tambi\u00e9n en nuestro departamento de Durazno, como en todo el pa\u00eds dentro de cinco a\u00f1os. Y le dec\u00edamos a Federico que no quer\u00edamos que el Partido Independiente siguiera avanzando con toda esa fuerza y siguiera teniendo representaci\u00f3n en cada uno de los compa\u00f1eros que van a estar en la lista de todos los duraznenses que se consideran independientes. Por eso es que le dijimos a Federico y a todo su grupo que quer\u00edamos que ellos estuvieran con una lista en nuestra candidatura, una lista que va a estar tambi\u00e9n participando de uno de los sublemas. Vamos a tener m\u00e1s de un sublema, y que esperamos tambi\u00e9n puedan tener una gran votaci\u00f3n y, por qu\u00e9 no, que el Partido Independiente pueda estar presente en la Junta Departamental como Partido Independiente, si bien apoyando nuestra candidatura, pero muy claro en esa sensaci\u00f3n de lo que pretendemos, que como partido ellos puedan llegar al gobierno departamental y al legislativo departamental\u00bb.<\/p>\n<p>\u00abIdeales muy similares\u00bb<\/p>\n<p>Arr\u00e9iz coment\u00f3 que, como mencionaba Domingo Rielli, \u00abquien vio alguna entrevista o alguna nota o alguna secuencia de las elecciones anteriores de las propuestas del Partido Independiente, sabe muy bien que tenemos cosas en com\u00fan. Es decir, los ideales, como t\u00fa bien dec\u00eds, Domingo (Rielli), son muy similares. Si bien hemos tenido disidencia, porque es cierto, el Partido Independiente ha sido opositor en algunas oportunidades, pero siempre tenemos cosas en com\u00fan, tenemos principios, ideales, cosas que queremos para los duraznenses que est\u00e1n en el Partido Nacional y est\u00e1n en el Partido Independiente\u00bb.<\/p>\n<p>El abogado, referente del sector que en lo nacional lidera Pablo Mieres, dijo estar agradecido por las palabras de Rielli: \u00abEsperemos que la gente nos acompa\u00f1e. Creo que vamos a trabajar duro en estos tres meses que nos quedan de ac\u00e1 al 11 de mayo. Eso, sin lugar a dudas, qu\u00e9date tranquilo, que nuestro grupo y en mi persona vamos a dejar la piel en la cancha, a los efectos de que puedas ser Intendente. Como bien lo hablamos, la idea es que el Partido Nacional mantenga la comuna y, a su vez, que el Partido Independiente mantenga su independencia pero formando parte ya de la Junta (Departamental), que es el principal objetivo. Si bien, como dec\u00eds, podemos formar parte del Ejecutivo, porque creo que tenemos compa\u00f1eros que lo pueden hacer, que podemos dar una mano en eso, creo que el Partido Independiente tiene mucho para brindar en muchos temas que t\u00fa refer\u00eds, que siempre tenemos en com\u00fan. En diversas notas period\u00edsticas hemos mencionado que podemos colaborar en el \u00e1rea deportiva, en el \u00e1rea cultural, en el ordenamiento territorial, en asuntos legales y notariales\u00bb.<\/p>\n<p>\u00abCreo que el Partido Independiente tiene muchas cosas para aportar, y creo que eso es fundamental. As\u00ed que agradecido a ti, sabemos que muchos de tus compa\u00f1eros son conocidos nuestros, compartimos muchas cosas en com\u00fan. As\u00ed que a toda la gente que vino, a la prensa, a la poblaci\u00f3n, esperemos que nos sigan acompa\u00f1ando y, en este caso, te acompa\u00f1en a ti para el efecto de que puedas lograr ser Intendente de Durazno\u00bb.<\/p>\n<p>Rielli y su concepto sobre Arr\u00e9iz<\/p>\n<p>\u00abConsideramos que Federico es un profesional que nadie le ha regalado nada, como felizmente tambi\u00e9n tenemos otros integrantes. Nosotros en muchos casos hemos destacado los integrantes de la f\u00f3rmula, en el caso de Javier, de Diego, de Virginia, de Pablo (en referencia a sus suplentes en la candidatura: Dr. Javier Bessonart, Dr. Diego \u00c1vila, Virginia Burguez y Pablo Langone), son todos integrantes, en muchos casos profesionales, a los que la vida nadie les regal\u00f3 nada y tuvieron que luchar desde abajo. Federico es uno m\u00e1s de esos, por ah\u00ed vemos a su padre, un gran ejemplo tambi\u00e9n aqu\u00ed en nuestro departamento, por sobre todas las cosas de trabajo hacia la comunidad.<\/p>\n<p>Por eso es que le decimos a Federico y especialmente a todo el Partido Independiente: bienvenidos, vamos a luchar de igual a igual, por esos objetivos. Sabemos que Federico y su equipo consideraron todas las opciones posibles dentro del partido y tambi\u00e9n fuera de \u00e9l, y optaron por nosotros. Para nosotros eso es realmente un motivo de much\u00edsima satisfacci\u00f3n\u00bb.<\/p>\n<p>Arr\u00e9iz finaliz\u00f3 \u00abagradecido a la prensa, principalmente. No puedo decir muchas cosas m\u00e1s de las palabras de Domingo, la verdad que son todas muy ciertas. Esto es un camino que no se resolvi\u00f3 en un par de conversaciones, sino que fue un derrotero de varias secuencias, principalmente porque tenemos muchas cosas en com\u00fan\u00bb.<\/p>\n","protected":false},"excerpt":{"rendered":"<p>Domingo Rielli sum\u00f3 el apoyo del Partido Independiente El candidato a la Intendencia de Durazno, Jos\u00e9 Domingo Rielli, anunci\u00f3 la adhesi\u00f3n del Partido Independiente a su candidatura. En rueda de prensa, destac\u00f3 la coincidencia de valores con el sector liderado por el Dr. Federico Arr\u00e9iz, quien confirm\u00f3 el respaldo junto a otros dirigentes.<\/p>\n","protected":false},"author":4,"featured_media":6442,"comment_status":"closed","ping_status":"closed","sticky":false,"template":"","format":"standard","meta":{"footnotes":""},"categories":[5],"tags":[],"class_list":["post-6441","post","type-post","status-publish","format-standard","has-post-thumbnail","hentry","category-durazno"],"_links":{"self":[{"href":"https:\/\/paginacero.com.uy\/index.php?rest_route=\/wp\/v2\/posts\/6441","targetHints":{"allow":["GET"]}}],"collection":[{"href":"https:\/\/paginacero.com.uy\/index.php?rest_route=\/wp\/v2\/posts"}],"about":[{"href":"https:\/\/paginacero.com.uy\/index.php?rest_route=\/wp\/v2\/types\/post"}],"author":[{"embeddable":true,"href":"https:\/\/paginacero.com.uy\/index.php?rest_route=\/wp\/v2\/users\/4"}],"replies":[{"embeddable":true,"href":"https:\/\/paginacero.com.uy\/index.php?rest_route=%2Fwp%2Fv2%2Fcomments&post=6441"}],"version-history":[{"count":1,"href":"https:\/\/paginacero.com.uy\/index.php?rest_route=\/wp\/v2\/posts\/6441\/revisions"}],"predecessor-version":[{"id":6443,"href":"https:\/\/paginacero.com.uy\/index.php?rest_route=\/wp\/v2\/posts\/6441\/revisions\/6443"}],"wp:featuredmedia":[{"embeddable":true,"href":"https:\/\/paginacero.com.uy\/index.php?rest_route=\/wp\/v2\/media\/6442"}],"wp:attachment":[{"href":"https:\/\/paginacero.com.uy\/index.php?rest_route=%2Fwp%2Fv2%2Fmedia&parent=6441"}],"wp:term":[{"taxonomy":"category","embeddable":true,"href":"https:\/\/paginacero.com.uy\/index.php?rest_route=%2Fwp%2Fv2%2Fcategories&post=6441"},{"taxonomy":"post_tag","embeddable":true,"href":"https:\/\/paginacero.com.uy\/index.php?rest_route=%2Fwp%2Fv2%2Ftags&post=6441"}],"curies":[{"name":"wp","href":"https:\/\/api.w.org\/{rel}","templated":true}]}}