{"id":6438,"date":"2025-02-13T11:53:05","date_gmt":"2025-02-13T14:53:05","guid":{"rendered":"https:\/\/paginacero.com.uy\/?p=6438"},"modified":"2025-02-13T11:53:05","modified_gmt":"2025-02-13T14:53:05","slug":"copa-de-ofi-durazno-perdio-en-san-jose-1-0","status":"publish","type":"post","link":"https:\/\/paginacero.com.uy\/?p=6438","title":{"rendered":"Copa de OFI: Durazno perdi\u00f3 en San Jos\u00e9 1-0"},"content":{"rendered":"<p><strong><span id=\"geom_inter_1739458319729_68_15\" style=\"font-size: large;\" data-olk-copy-source=\"MessageBody\">Por el partido de Ida correspondiente a los\u00a0Cuartos de Final de la 21 Copa Nacional de Selecciones de OFI,\u00a0Durazno\u00a0jug\u00f3 anoche en San Jos\u00e9 y perdi\u00f3 1-0 con\u00a0Ecilda Paullier (San Jos\u00e9 Interior),\u00a0en partido jugado ante 2.000 personas en el estadio m\u00e1s antiguo de la\u00a0<\/span><span style=\"font-size: large;\">Confederaci\u00f3n de F\u00fatbol del Sur, el \u00abCasto Mart\u00ednez Laguarda\u00bb.<\/span><\/strong><!--more--><\/p>\n<div id=\"geom_inter_1739458319731_16_17\"><span id=\"geom_inter_1739458319729_73_16\" style=\"font-size: large;\" data-olk-copy-source=\"MessageBody\">Pese a que la\u00a0<b>\u00abRoja del Yi\u00bb\u00a0<\/b>hizo un buen partido y fue el protagonista del juego y las opciones de gol,\u00a0<b>Ecilda Paullier\u00a0<\/b>se qued\u00f3 con el primer juego del cruce, con un golazo al \u00e1ngulo a los 13 minutos por parte de su\u00a0<b>Capit\u00e1n, Agust\u00edn Burgos.<\/b><\/span><\/div>\n<div id=\"geom_inter_1739458334737_42_21\"><span id=\"geom_inter_1739458334732_77_18\" style=\"font-size: large;\"><b>Durazno<\/b>\u00a0sali\u00f3 al campo de juego con Lucas Pereyra; Mat\u00edas Romero, Jos\u00e9 Aguero, N\u00e9stor Delgado (expulsado) y Leandro Recoba; Facundo Mart\u00ednez; Javier Olazbal, Mart\u00edn Ferr\u00e1n y Stiven Sosa; Isa\u00edas Delgado y Juan Bautista Gonz\u00e1lez.<\/span><\/div>\n<div id=\"geom_inter_1739458334736_86_20\"><span id=\"geom_inter_1739458334732_22_19\" style=\"font-size: large;\"><b>Ingresaron luego<\/b>: Kevin Lacuesta, Mat\u00edas Deorta, Mauro Olivera, Diego Rossano.<\/span><\/div>\n<div id=\"geom_inter_1739458337730_22_25\"><span id=\"geom_inter_1739458337726_35_23\" style=\"font-size: large;\"><b>DT:\u00a0<\/b>Entrenador Gabriel Alberti Bruno.\u00a0<b id=\"geom_inter_1739458337728_85_24\">AT:<\/b>\u00a0Entrenador Pablo Lazo (expulsado).<b>\u00a0PF<\/b>: Prof. Diego Su\u00e1rez.\u00a0<b>Delegado:<\/b>\u00a0Gustavo Rigamonti (expulsado)<\/span><\/div>\n<div><span style=\"font-size: large;\">Durazno ahora deber\u00e1 ganar para avanzar a las semifinales, recibir\u00e1 este fin de semana en la revancha a San Jos\u00e9 Interior, en el estadio \u00abSilvestre Octavio Landoni\u00bb; en principio fijado para el domingo hora 21:00, aunque la Organizaci\u00f3n de F\u00fatbol del Interior (OFI) podr\u00eda fijarlo para el s\u00e1bado, aunque est\u00e1 previsto el desarrollo de la 35 edici\u00f3n de las primeras Llamadas del Interior del Pa\u00eds, a la hora 21:00.<\/span><\/div>\n<div id=\"geom_inter_1739458338740_40_30\"><span id=\"geom_inter_1739458338739_22_26\" style=\"font-size: large;\">Las entradas anticipadas y bonificadas a $ 200 en La Buhardilla, 18 de Julio 422, frente a Plaza Sarand\u00ed, y el d\u00eda del partido en boleter\u00edas del estadio S.O.L. a $ 250.<\/span><\/div>\n<div><span style=\"font-size: large;\">\u00a0<\/span><\/div>\n<div id=\"geom_inter_1739458338739_33_27\"><span style=\"font-size: large;\"><b>Apoyo a la Selecci\u00f3n Sub 18<\/b><\/span><\/div>\n<div id=\"geom_inter_1739458338742_12_31\"><span id=\"geom_inter_1739458338740_87_28\" style=\"font-size: large;\">Al hacer su ingreso a la cancha y posar para los fot\u00f3grafos antes del partido, el plantel duraznense, exhibi\u00f3 una pancarta en apoyo a la Selecci\u00f3n Sub 18, expulsada de la competencia tras los incidentes en el partido anterior en Trinidad, Flores. El texto de la misma se\u00f1ala: \u00abTotal apoyo a nuestra Sub 18. Descalificados Injustamente. Arriba gurises\u00bb<\/span><\/div>\n<div id=\"geom_inter_1739458338743_72_32\"><span style=\"font-size: large;\">Los otros dos partidos por la\u00a0<b id=\"geom_inter_1739458338740_84_29\">Zona Sur de la 21 Copa Nacional de Selecciones de OFI<\/b>\u00a0tuvieron estos resultados en categor\u00eda Mayores:<\/span><\/div>\n<div><span style=\"font-size: large;\">San Jos\u00e9 Interior (Ecilda Paullier)\u00a0<\/span><span style=\"font-size: large;\">1 (13&#8242; Agust\u00edn Burgos) Durazno 0<\/span><\/div>\n<div id=\"geom_inter_1739458339739_6_37\"><span id=\"geom_inter_1739458339735_70_33\" style=\"font-size: large;\">Tacuaremb\u00f3 Interior (Paso de los Toros) 1 San Jos\u00e9 1<br \/>\nFederadas (Colonia Interior) 1 Florida 1<\/span><\/div>\n<div><span style=\"font-size: large;\">\u00a0<\/span><\/div>\n<div><span style=\"font-size: small;\"><b id=\"geom_inter_1739458339735_91_34\">Fotos gentileza Esc. Mauricio Rodr\u00edguez y Valentina Ayala Lazo<\/b><\/span><\/div>\n","protected":false},"excerpt":{"rendered":"<p>Por el partido de Ida correspondiente a los\u00a0Cuartos de Final de la 21 Copa Nacional de Selecciones de OFI,\u00a0Durazno\u00a0jug\u00f3 anoche en San Jos\u00e9 y perdi\u00f3 1-0 con\u00a0Ecilda Paullier (San Jos\u00e9 Interior),\u00a0en partido jugado ante 2.000 personas en el estadio m\u00e1s antiguo de la\u00a0Confederaci\u00f3n de F\u00fatbol del Sur, el \u00abCasto Mart\u00ednez Laguarda\u00bb.<\/p>\n","protected":false},"author":4,"featured_media":6439,"comment_status":"closed","ping_status":"closed","sticky":false,"template":"","format":"standard","meta":{"footnotes":""},"categories":[5],"tags":[],"class_list":["post-6438","post","type-post","status-publish","format-standard","has-post-thumbnail","hentry","category-durazno"],"_links":{"self":[{"href":"https:\/\/paginacero.com.uy\/index.php?rest_route=\/wp\/v2\/posts\/6438","targetHints":{"allow":["GET"]}}],"collection":[{"href":"https:\/\/paginacero.com.uy\/index.php?rest_route=\/wp\/v2\/posts"}],"about":[{"href":"https:\/\/paginacero.com.uy\/index.php?rest_route=\/wp\/v2\/types\/post"}],"author":[{"embeddable":true,"href":"https:\/\/paginacero.com.uy\/index.php?rest_route=\/wp\/v2\/users\/4"}],"replies":[{"embeddable":true,"href":"https:\/\/paginacero.com.uy\/index.php?rest_route=%2Fwp%2Fv2%2Fcomments&post=6438"}],"version-history":[{"count":1,"href":"https:\/\/paginacero.com.uy\/index.php?rest_route=\/wp\/v2\/posts\/6438\/revisions"}],"predecessor-version":[{"id":6440,"href":"https:\/\/paginacero.com.uy\/index.php?rest_route=\/wp\/v2\/posts\/6438\/revisions\/6440"}],"wp:featuredmedia":[{"embeddable":true,"href":"https:\/\/paginacero.com.uy\/index.php?rest_route=\/wp\/v2\/media\/6439"}],"wp:attachment":[{"href":"https:\/\/paginacero.com.uy\/index.php?rest_route=%2Fwp%2Fv2%2Fmedia&parent=6438"}],"wp:term":[{"taxonomy":"category","embeddable":true,"href":"https:\/\/paginacero.com.uy\/index.php?rest_route=%2Fwp%2Fv2%2Fcategories&post=6438"},{"taxonomy":"post_tag","embeddable":true,"href":"https:\/\/paginacero.com.uy\/index.php?rest_route=%2Fwp%2Fv2%2Ftags&post=6438"}],"curies":[{"name":"wp","href":"https:\/\/api.w.org\/{rel}","templated":true}]}}