{"id":6425,"date":"2025-02-07T11:44:46","date_gmt":"2025-02-07T14:44:46","guid":{"rendered":"https:\/\/paginacero.com.uy\/?p=6425"},"modified":"2025-02-07T11:44:46","modified_gmt":"2025-02-07T14:44:46","slug":"por-tema-familiar-aidemar-gonzalez-no-asumira-la-diputacion","status":"publish","type":"post","link":"https:\/\/paginacero.com.uy\/?p=6425","title":{"rendered":"Por tema familiar Aidemar Gonzalez, no asumir\u00e1 la diputaci\u00f3n"},"content":{"rendered":"<p><strong>El electo\u00a0Diputado del Frente Amplio\u00a0por el departamento de Durazno,\u00a0Cr. Aidemar Gonz\u00e1lez,\u00a0anunci\u00f3 esta ma\u00f1ana en rueda de prensa la imposibilidad de asumir la banca para la cual fue electo en las elecciones nacionales \u00faltimas, debido a cuestiones de \u00edndole familiar.<\/strong><!--more--><\/p>\n<div id=\"geom_inter_1738939364815_33_21\"><span id=\"geom_inter_1738939364805_29_18\" style=\"font-size: large;\" data-olk-copy-source=\"MessageBody\">Inform\u00f3 que su peque\u00f1a hija de tres a\u00f1os de edad presenta problemas cardiol\u00f3gicos, por lo cual viene recibiendo desde hace un per\u00edodo de tiempo diversos tratamientos y se estima probable una intervenci\u00f3n quir\u00fargica.<br \/>\n<\/span><\/div>\n<div id=\"geom_inter_1738939364807_66_20\"><span id=\"geom_inter_1738939364806_78_19\" style=\"font-size: large;\">El cargo ser\u00e1 ejercido por\u00a0<b id=\"geom_inter_1738939368801_50_25\">Magela Rinaldi,<\/b>\u00a0segunda en el orden preferencial de suplentes del sector\u00a0<b>Lista 1001971.<\/b><\/span><\/div>\n<div id=\"geom_inter_1738939363801_98_15\"><span id=\"geom_inter_1738939363799_6_14\" style=\"font-size: large;\">En el anuncio estuvieron presentes dirigentes y militantes del sector, entre ellos Ra\u00fal Licandro, uno de los dos candidatos a la IDD por el FA.<\/span><\/div>\n<div><\/div>\n<div id=\"geom_inter_1738938798634_42_7\"><span id=\"geom_inter_1738938798630_89_2\" style=\"font-size: large;\">Estaremos ampliando la informaci\u00f3n<br \/>\n<\/span><\/div>\n<div id=\"geom_inter_1738938801319_48_12\"><span style=\"font-size: large;\">\u00a0<\/span><\/div>\n<div id=\"geom_inter_1738938798631_61_4\"><span id=\"geom_inter_1738938798631_89_3\" style=\"font-size: large;\">Desde\u00a0<b>P\u00e1gina Cero\u00a0<\/b>deseamos una positiva evoluci\u00f3n a la peque\u00f1a y nuestro apoyo ante tan dif\u00edcil situaci\u00f3n a Aidemar,\u00a0 familiares y amistades.<\/span><\/div>\n","protected":false},"excerpt":{"rendered":"<p>El electo\u00a0Diputado del Frente Amplio\u00a0por el departamento de Durazno,\u00a0Cr. Aidemar Gonz\u00e1lez,\u00a0anunci\u00f3 esta ma\u00f1ana en rueda de prensa la imposibilidad de asumir la banca para la cual fue electo en las elecciones nacionales \u00faltimas, debido a cuestiones de \u00edndole familiar.<\/p>\n","protected":false},"author":4,"featured_media":6426,"comment_status":"closed","ping_status":"closed","sticky":false,"template":"","format":"standard","meta":{"footnotes":""},"categories":[5],"tags":[],"class_list":["post-6425","post","type-post","status-publish","format-standard","has-post-thumbnail","hentry","category-durazno"],"_links":{"self":[{"href":"https:\/\/paginacero.com.uy\/index.php?rest_route=\/wp\/v2\/posts\/6425","targetHints":{"allow":["GET"]}}],"collection":[{"href":"https:\/\/paginacero.com.uy\/index.php?rest_route=\/wp\/v2\/posts"}],"about":[{"href":"https:\/\/paginacero.com.uy\/index.php?rest_route=\/wp\/v2\/types\/post"}],"author":[{"embeddable":true,"href":"https:\/\/paginacero.com.uy\/index.php?rest_route=\/wp\/v2\/users\/4"}],"replies":[{"embeddable":true,"href":"https:\/\/paginacero.com.uy\/index.php?rest_route=%2Fwp%2Fv2%2Fcomments&post=6425"}],"version-history":[{"count":1,"href":"https:\/\/paginacero.com.uy\/index.php?rest_route=\/wp\/v2\/posts\/6425\/revisions"}],"predecessor-version":[{"id":6427,"href":"https:\/\/paginacero.com.uy\/index.php?rest_route=\/wp\/v2\/posts\/6425\/revisions\/6427"}],"wp:featuredmedia":[{"embeddable":true,"href":"https:\/\/paginacero.com.uy\/index.php?rest_route=\/wp\/v2\/media\/6426"}],"wp:attachment":[{"href":"https:\/\/paginacero.com.uy\/index.php?rest_route=%2Fwp%2Fv2%2Fmedia&parent=6425"}],"wp:term":[{"taxonomy":"category","embeddable":true,"href":"https:\/\/paginacero.com.uy\/index.php?rest_route=%2Fwp%2Fv2%2Fcategories&post=6425"},{"taxonomy":"post_tag","embeddable":true,"href":"https:\/\/paginacero.com.uy\/index.php?rest_route=%2Fwp%2Fv2%2Ftags&post=6425"}],"curies":[{"name":"wp","href":"https:\/\/api.w.org\/{rel}","templated":true}]}}