{"id":6422,"date":"2025-02-06T12:27:03","date_gmt":"2025-02-06T15:27:03","guid":{"rendered":"https:\/\/paginacero.com.uy\/?p=6422"},"modified":"2025-02-06T12:27:03","modified_gmt":"2025-02-06T15:27:03","slug":"frente-amplio-celebro-convencion-y-proclamo-candidatos-a-la-idd","status":"publish","type":"post","link":"https:\/\/paginacero.com.uy\/?p=6422","title":{"rendered":"Frente Amplio celebr\u00f3 Convenci\u00f3n y proclam\u00f3 candidatos a la IDD"},"content":{"rendered":"<p><strong>En la pasada jornada, Mi\u00e9rcoles 5 de Febrero, en el marco del\u00a054 aniversario del Frente Amplio, se llev\u00f3 a cabo la\u00a0Convenci\u00f3n Departamental en Durazno. Con la asistencia de\u00a049 Convencionales\u00a0y con la supervisi\u00f3n de funcionarios de la\u00a0Corte Electoral, se habilitaron las candidaturas a la Intendencia de\u00a0Mauricio Bertalm\u00edo y Ra\u00fal Licandro.<\/strong><!--more--><\/p>\n<p id=\"geom_inter_1738855320620_34_23\"><span style=\"color: #000000;\"><span style=\"font-family: Arial, sans-serif;\"><span id=\"geom_inter_1738855320620_35_24\" style=\"font-size: large;\" data-olk-copy-source=\"MessageBody\">Tambi\u00e9n se present\u00f3 un adelanto del programa departamental en el que\u00a0<b id=\"geom_inter_1738855348614_8_28\">est\u00e1n trabajando 60 militantes<\/b>.<br \/>\nFinalmente hicieron uso de la palabra ambos candidatos, agradeciendo la nominaci\u00f3n y asumiendo el compromiso de trabajar al m\u00e1ximo para lograr el triunfo en mayo de 2025 como lo fu\u00e9 en octubre del 2024!, se\u00f1ala la informaci\u00f3n aportada por Ra\u00fal Licandro.<\/span><\/span><\/span><\/p>\n<p id=\"geom_inter_1738855372601_55_30\"><span style=\"color: #000000;\"><span style=\"font-family: Arial, sans-serif;\"><span style=\"font-size: large;\">Este sector tras la convocatoria realizada en la<b>\u00a0Sala Lavalleja,<\/b>\u00a0inform\u00f3 adem\u00e1s sobre quienes son y la trayectoria de los\u00a0suplentes que acompa\u00f1an\u00a0la\u00a0candidatura.<br \/>\n<b>Rosario Juambeltz,\u00a0<\/b><span id=\"geom_inter_1738855372600_54_29\">de Sarand\u00ed del Y\u00ed, vinculada al gremialismo agropecuario, al cooperativismo, fu\u00e9 referente del programa Uruguay Trabaja del Mides. Ha sido parte del equipo organizador de la Fiesta del Cordero Pesado desde sus inicios como integrante de la Cooperativa El Fog\u00f3n; integra Izquierda Unida, Orejanos y Casa Grande.<br \/>\n<\/span><b>Conrado Torena,<\/b><span id=\"geom_inter_1738855372601_49_31\">\u00a0Edil suplente de Izquierda Unida (Orejanos), integra Casa Grande, secretario de la departamental del FA Durazno, es adem\u00e1s emprendedor en el \u00e1rea gastron\u00f3mica.<br \/>\n<\/span><b>Enrique Antonio,<\/b>\u00a0es referente del sector \u00abEl Abrazo\u00bb lista 949 liderado por Cristina Lustemberg, designada ministra de Salud P\u00fablica. Fu\u00e9 candidato a Diputado por dicho sector. Estudi\u00f3 Comunicaci\u00f3n y Derecho en la Udelar, curs\u00f3 estudios en Madrid, Espa\u00f1a, en el instituto IMF. Oriundo de Cerrezuelo, se desempe\u00f1a en el \u00e1rea de la publicidad y la comunicaci\u00f3n.<br \/>\n<b>Mar\u00eda Laura Delgado,\u00a0<\/b><span id=\"geom_inter_1738855373601_53_32\">de profesi\u00f3n maestra hace 14 a\u00f1os, como tal trabaj\u00f3 en La Paloma de Durazno y varias escuelas rurales. Actualmente trabaja en la capital departamental. Representa a la lista 810, sector liderado por el<b>\u00a0Diputado Federico Ruiz.<\/b><\/span><\/span><\/span><\/span><\/p>\n<p><span style=\"color: #000000;\"><span style=\"font-family: Arial, sans-serif;\"><span style=\"font-size: large;\"><b>Socialistas en apoyo al Dr. Mauricio Bertalm\u00edo<br \/>\n<\/b><\/span><\/span><\/span><\/p>\n<p id=\"geom_inter_1738855373601_0_34\"><span style=\"color: #000000;\"><span style=\"font-family: Arial, sans-serif;\"><span style=\"font-size: large;\">Por su parte, el\u00a0<b>Partido Socialista d<\/b><b id=\"geom_inter_1738855374601_32_37\">el Uruguay Departamental Durazno,<\/b>\u00a0<span id=\"geom_inter_1738855374602_68_42\">emiti\u00f3 un comunicado que establece:<\/span><\/span><\/span><\/span><\/p>\n<p id=\"geom_inter_1738855373603_58_36\"><span style=\"color: #000000;\">\u00ab<span style=\"font-family: Arial, sans-serif;\"><span style=\"font-size: large;\"><span id=\"geom_inter_1738855374601_27_38\">Los Socialistas de Durazno reunidos en Asamblea determinaron que la<b id=\"geom_inter_1738855373601_9_35\">\u00a0Lista 90 a la Junta Departamental\u00a0<\/b>en apoyo a la candidatura del compa\u00f1ero\u00a0<\/span><b id=\"geom_inter_1738855374601_91_39\">Mauricio Bertalm\u00edo\u00a0<\/b><span id=\"geom_inter_1738855374601_40_40\">estar\u00e1 integrada por los siguientes compa\u00f1eros: 1 Pablo Revello; 2 Mar\u00eda Bocchiardo; 3 Ana Paula Guti\u00e9rrez; 4 Andr\u00e9s Delgado; 5 Silvia Caballero;\u00a0<\/span>6\u00a0<span id=\"geom_inter_1738855374602_36_41\">Felipe Cardone; 7 Vanessa Pereyra; 8 Javier Niche; 9 Mar\u00eda Jos\u00e9 L\u00f3pez; 10 Elena Bessonart; 11 Juan Pintos; 12 Mat\u00edas Delgado.<\/span><\/span><\/span><\/span><\/p>\n","protected":false},"excerpt":{"rendered":"<p>En la pasada jornada, Mi\u00e9rcoles 5 de Febrero, en el marco del\u00a054 aniversario del Frente Amplio, se llev\u00f3 a cabo la\u00a0Convenci\u00f3n Departamental en Durazno. Con la asistencia de\u00a049 Convencionales\u00a0y con la supervisi\u00f3n de funcionarios de la\u00a0Corte Electoral, se habilitaron las candidaturas a la Intendencia de\u00a0Mauricio Bertalm\u00edo y Ra\u00fal Licandro.<\/p>\n","protected":false},"author":4,"featured_media":6423,"comment_status":"closed","ping_status":"closed","sticky":false,"template":"","format":"standard","meta":{"footnotes":""},"categories":[5],"tags":[],"class_list":["post-6422","post","type-post","status-publish","format-standard","has-post-thumbnail","hentry","category-durazno"],"_links":{"self":[{"href":"https:\/\/paginacero.com.uy\/index.php?rest_route=\/wp\/v2\/posts\/6422","targetHints":{"allow":["GET"]}}],"collection":[{"href":"https:\/\/paginacero.com.uy\/index.php?rest_route=\/wp\/v2\/posts"}],"about":[{"href":"https:\/\/paginacero.com.uy\/index.php?rest_route=\/wp\/v2\/types\/post"}],"author":[{"embeddable":true,"href":"https:\/\/paginacero.com.uy\/index.php?rest_route=\/wp\/v2\/users\/4"}],"replies":[{"embeddable":true,"href":"https:\/\/paginacero.com.uy\/index.php?rest_route=%2Fwp%2Fv2%2Fcomments&post=6422"}],"version-history":[{"count":1,"href":"https:\/\/paginacero.com.uy\/index.php?rest_route=\/wp\/v2\/posts\/6422\/revisions"}],"predecessor-version":[{"id":6424,"href":"https:\/\/paginacero.com.uy\/index.php?rest_route=\/wp\/v2\/posts\/6422\/revisions\/6424"}],"wp:featuredmedia":[{"embeddable":true,"href":"https:\/\/paginacero.com.uy\/index.php?rest_route=\/wp\/v2\/media\/6423"}],"wp:attachment":[{"href":"https:\/\/paginacero.com.uy\/index.php?rest_route=%2Fwp%2Fv2%2Fmedia&parent=6422"}],"wp:term":[{"taxonomy":"category","embeddable":true,"href":"https:\/\/paginacero.com.uy\/index.php?rest_route=%2Fwp%2Fv2%2Fcategories&post=6422"},{"taxonomy":"post_tag","embeddable":true,"href":"https:\/\/paginacero.com.uy\/index.php?rest_route=%2Fwp%2Fv2%2Ftags&post=6422"}],"curies":[{"name":"wp","href":"https:\/\/api.w.org\/{rel}","templated":true}]}}