{"id":6412,"date":"2025-02-05T16:33:59","date_gmt":"2025-02-05T19:33:59","guid":{"rendered":"https:\/\/paginacero.com.uy\/?p=6412"},"modified":"2025-02-05T16:33:59","modified_gmt":"2025-02-05T19:33:59","slug":"presidido-por-vidalin-congreso-de-intendentes-recibe-a-lacalle-pou-y-orsi","status":"publish","type":"post","link":"https:\/\/paginacero.com.uy\/?p=6412","title":{"rendered":"Presidido por Vidal\u00edn, Congreso de Intendentes recibe a Lacalle Pou y Orsi"},"content":{"rendered":"<p><strong>El presidente de la Rep\u00fablica, Dr. Luis Lacalle Pou, y el mandatario electo, Prof. Yamand\u00fa Orsi, participar\u00e1n de la 50\u00b0 Sesi\u00f3n Plenaria del Congreso de Intendentes, que se llevar\u00e1 a cabo en Montevideo, ma\u00f1ana jueves 6 de febrero.<\/strong><!--more--><\/p>\n<div>\n<div>\n<div>\n<p>Este encuentro reunir\u00e1 a los jefes comunales de todos los departamentos y marcar\u00e1 la \u00faltima intervenci\u00f3n de Lacalle Pou ante los intendentes como presidente. A su vez, Orsi aprovechar\u00e1 la instancia para presentar su visi\u00f3n y planes de trabajo con los gobiernos departamentales, a menos de un mes de asumir la presidencia el 1\u00b0 de marzo de 2025. Mientras Lacalle Pou se despedir\u00e1 de los jefes departamentales, Orsi presentar\u00e1 las l\u00edneas generales de su futura gesti\u00f3n, en un espacio que ya conoce por su experiencia como ex intendente de Canelones. Lacalle Pou ser\u00e1 recibido a las 10:30 hs mientras que Orsi concurrir\u00e1 al Plenario del Congreso de Intendentes a las 11:30 horas. Otros temas. Adem\u00e1s de la visita del presidente de la Rep\u00fablica y del presidente electo, el Plenario abordar\u00e1 temas como la aprobaci\u00f3n del Acta de Resoluciones de la 49\u00b0 Sesi\u00f3n Plenaria, el informe de la Mesa y Asuntos Varios.<\/p>\n<p><strong>Descentralizaci\u00f3n y FDI<\/strong><\/p>\n<p>La Comisi\u00f3n Sectorial de Descentralizaci\u00f3n se re\u00fane el pr\u00f3ximo 6 de febrero de 2025 para tratar una serie de puntos clave en la gesti\u00f3n de recursos destinados al desarrollo del interior del pa\u00eds. La sesi\u00f3n tendr\u00e1 lugar en la sala de sesiones del Congreso de Intendentes a partir de la hora 13. Entre los temas a considerar se encuentra la aprobaci\u00f3n del Acta N\u00b0 279 y diversos informes de programas de inversi\u00f3n y mantenimiento de infraestructura.<\/p>\n<p>Fondo de Desarrollo del Interior (FDI):\u00a0En la sesi\u00f3n se analizar\u00e1 la ampliaci\u00f3n de un proyecto en Paysand\u00fa, denominado \u00abPaysand\u00fa Sostenible II\u00bb.Asimismo, se informar\u00e1 sobre 16 proyectos de los departamentos de Canelones, Cerro Largo, Durazno, Lavalleja, Rivera, Rocha, Salto y Treinta y Tres los cuales est\u00e1n en proceso de evaluaci\u00f3n.<\/p>\n<p><strong>Programa Caminos Rurales Productivos (PCRP):\u00a0<\/strong>En materia de infraestructura vial, se evaluar\u00e1n ocho proyectos de caminos rurales en Cerro Largo, Florida, Montevideo, Paysand\u00fa, Rocha y Soriano.<\/p>\n<p><strong>Mantenimiento de Caminer\u00eda Rural<\/strong><\/p>\n<p>Se presentar\u00e1n para su aprobaci\u00f3n tres planes anuales de mantenimiento de caminer\u00eda rural para los departamentos de Rivera, Rocha y Salto. En total, se prev\u00e9 intervenir en 5.598 kil\u00f3metros de caminos rurales.<\/p>\n<p><strong>Fondo de Incentivo a la Gesti\u00f3n Municipal (FIGM)<\/strong><\/p>\n<p>En el marco de este fondo, se someter\u00e1n a consideraci\u00f3n dos Programas Operativos Anuales (POA) y compromisos de gesti\u00f3n para el a\u00f1o 2025.<\/p>\n<p><strong>Pr\u00f3ximos Pagos y Temas Variados:\u00a0\u00a0<\/strong>Finalmente, la Comisi\u00f3n tambi\u00e9n abordar\u00e1 el cronograma de pagos previstos para febrero de 2025 y otros temas de inter\u00e9s general.<\/p>\n<p>La Comisi\u00f3n Sectorial de Descentralizaci\u00f3n creada por el art\u00edculo 230 de la Constituci\u00f3n de la Rep\u00fablica Literal B) y est\u00e1 integrada por representantes de los Ministerios de Econom\u00eda y Finanzas, Transporte y Obras P\u00fablicas, Ganader\u00eda, Agricultura y Pesca, Industria, Miner\u00eda y Energ\u00eda, Vivienda y Ordenamiento Territorial y Turismo e igual n\u00famero de delegados del Congreso de Intendentes, seg\u00fan lo establecido en el Art\u00edculo 48 de la Ley N\u00ba17.243. La Presidencia de la Comisi\u00f3n es ejercida en forma rotativa, por un plazo de un a\u00f1o, por un delegado del Poder Ejecutivo o del Congreso de Intendentes, siendo en este momento presidida por el intendente de Maldonado Ing. Agr. Enrique Ant\u00eda (Informaci\u00f3n: Congreso nacional de Intendentes)<\/p>\n<\/div>\n<\/div>\n<\/div>\n","protected":false},"excerpt":{"rendered":"<p>El presidente de la Rep\u00fablica, Dr. Luis Lacalle Pou, y el mandatario electo, Prof. Yamand\u00fa Orsi, participar\u00e1n de la 50\u00b0 Sesi\u00f3n Plenaria del Congreso de Intendentes, que se llevar\u00e1 a cabo en Montevideo, ma\u00f1ana jueves 6 de febrero.<\/p>\n","protected":false},"author":4,"featured_media":6413,"comment_status":"closed","ping_status":"closed","sticky":false,"template":"","format":"standard","meta":{"footnotes":""},"categories":[5],"tags":[],"class_list":["post-6412","post","type-post","status-publish","format-standard","has-post-thumbnail","hentry","category-durazno"],"_links":{"self":[{"href":"https:\/\/paginacero.com.uy\/index.php?rest_route=\/wp\/v2\/posts\/6412","targetHints":{"allow":["GET"]}}],"collection":[{"href":"https:\/\/paginacero.com.uy\/index.php?rest_route=\/wp\/v2\/posts"}],"about":[{"href":"https:\/\/paginacero.com.uy\/index.php?rest_route=\/wp\/v2\/types\/post"}],"author":[{"embeddable":true,"href":"https:\/\/paginacero.com.uy\/index.php?rest_route=\/wp\/v2\/users\/4"}],"replies":[{"embeddable":true,"href":"https:\/\/paginacero.com.uy\/index.php?rest_route=%2Fwp%2Fv2%2Fcomments&post=6412"}],"version-history":[{"count":1,"href":"https:\/\/paginacero.com.uy\/index.php?rest_route=\/wp\/v2\/posts\/6412\/revisions"}],"predecessor-version":[{"id":6414,"href":"https:\/\/paginacero.com.uy\/index.php?rest_route=\/wp\/v2\/posts\/6412\/revisions\/6414"}],"wp:featuredmedia":[{"embeddable":true,"href":"https:\/\/paginacero.com.uy\/index.php?rest_route=\/wp\/v2\/media\/6413"}],"wp:attachment":[{"href":"https:\/\/paginacero.com.uy\/index.php?rest_route=%2Fwp%2Fv2%2Fmedia&parent=6412"}],"wp:term":[{"taxonomy":"category","embeddable":true,"href":"https:\/\/paginacero.com.uy\/index.php?rest_route=%2Fwp%2Fv2%2Fcategories&post=6412"},{"taxonomy":"post_tag","embeddable":true,"href":"https:\/\/paginacero.com.uy\/index.php?rest_route=%2Fwp%2Fv2%2Ftags&post=6412"}],"curies":[{"name":"wp","href":"https:\/\/api.w.org\/{rel}","templated":true}]}}