{"id":6409,"date":"2025-02-04T17:17:04","date_gmt":"2025-02-04T20:17:04","guid":{"rendered":"https:\/\/paginacero.com.uy\/?p=6409"},"modified":"2025-02-04T17:17:04","modified_gmt":"2025-02-04T20:17:04","slug":"motos-primer-festival-nocturno-de-velocidad-en-tierra","status":"publish","type":"post","link":"https:\/\/paginacero.com.uy\/?p=6409","title":{"rendered":"Motos: Primer Festival Nocturno de Velocidad en Tierra"},"content":{"rendered":"<p><strong>El s\u00e1bado 1\u00b0 de febrero se realiz\u00f3 en la pista del Parque de la Hispanidad, el Primer Festival Nocturno de Velocidad en Tierra.<\/strong><!--more--><\/p>\n<div id=\"geom_inter_1738700098865_61_75\" dir=\"auto\" data-olk-copy-source=\"MessageBody\">250 pilotos de todo el pa\u00eds, participaron en las 16 categor\u00edas que integraron el programa de la jornada, organizada por el Durazno Moto Club y Fefo Producciones, con el apoyo de la Intendencia de Durazno y la fiscalizaci\u00f3n de la Federaci\u00f3n Uruguaya de Motociclismo (FUM).<\/div>\n<div id=\"geom_inter_1738700122871_81_77\" dir=\"auto\">Ruben Dar\u00edo Ben\u00edtez, presidente de Durazno Moto Club, inform\u00f3 que \u00abtodos quedaron fascinados por la experiencia de competir de noche bajo una impresionante iluminaci\u00f3n que cubr\u00eda todo el trazado\u00bb.<\/div>\n<div id=\"geom_inter_1738700145870_47_78\" dir=\"auto\">Para lograr este despliegue, se instalaron 60 postes con 120 focos, por parte del club organizador y Fefo Producciones y el apoyo log\u00edstico de la IDD.<\/div>\n<div id=\"geom_inter_1738700145870_88_79\" dir=\"auto\">Ben\u00edtez, destac\u00f3 el apoyo del p\u00fablico, con casi mil entradas vendidas.<\/div>\n<div id=\"geom_inter_1738700148857_3_80\" dir=\"auto\"><\/div>\n<div id=\"geom_inter_1738700148857_44_81\" dir=\"auto\">Los pilotos locales tuvieron una destacada actuaci\u00f3n: Mat\u00edas Barcel\u00f3 en primer lugar en Master A; Santiago Nieves en Intermedia F.I.; Nicol\u00e1s Mart\u00ednez en Master F.I.; G\u00e9nesis Ben\u00edtez en segundo lugar en 125cc Femenina; Lucas Andrade tercero en 125cc STD; Mart\u00edn Collazo tercero en 150cc; Hugo Choca en tercer lugar en 125cc Libre, 230cc y Vale Todo, y Wilson Coppa tercero en Master B.<\/div>\n<div id=\"geom_inter_1738700148857_35_82\" dir=\"auto\">Otros pilotos destacados fueron Joaqu\u00edn Perini, actual campe\u00f3n de las categor\u00edas 150cc, 200cc y Vale Todo, adem\u00e1s de Joaqu\u00edn De Crecenzio.<\/div>\n<div id=\"geom_inter_1738700148857_30_83\" dir=\"auto\"><\/div>\n<div id=\"geom_inter_1738700149861_87_85\" dir=\"auto\"><strong>Segunda fecha el s\u00e1bado 22<\/strong><\/div>\n<div dir=\"auto\"><\/div>\n<div id=\"geom_inter_1738700148858_91_84\" dir=\"auto\">Ese d\u00eda de febrero se llevar\u00e1 a cabo la segunda fecha de este evento nocturno.<\/div>\n<div id=\"geom_inter_1738700149862_50_86\" dir=\"auto\">La actividad comenzar\u00e1 a las 19:00 y se extender\u00e1 hasta las 04:00 de la ma\u00f1ana, nuevamente con una competencia de alto nivel en Durazno con los mejores pilotos del pa\u00eds.<\/div>\n","protected":false},"excerpt":{"rendered":"<p>El s\u00e1bado 1\u00b0 de febrero se realiz\u00f3 en la pista del Parque de la Hispanidad, el Primer Festival Nocturno de Velocidad en Tierra.<\/p>\n","protected":false},"author":4,"featured_media":6410,"comment_status":"closed","ping_status":"closed","sticky":false,"template":"","format":"standard","meta":{"footnotes":""},"categories":[12,5],"tags":[],"class_list":["post-6409","post","type-post","status-publish","format-standard","has-post-thumbnail","hentry","category-deporte","category-durazno"],"_links":{"self":[{"href":"https:\/\/paginacero.com.uy\/index.php?rest_route=\/wp\/v2\/posts\/6409","targetHints":{"allow":["GET"]}}],"collection":[{"href":"https:\/\/paginacero.com.uy\/index.php?rest_route=\/wp\/v2\/posts"}],"about":[{"href":"https:\/\/paginacero.com.uy\/index.php?rest_route=\/wp\/v2\/types\/post"}],"author":[{"embeddable":true,"href":"https:\/\/paginacero.com.uy\/index.php?rest_route=\/wp\/v2\/users\/4"}],"replies":[{"embeddable":true,"href":"https:\/\/paginacero.com.uy\/index.php?rest_route=%2Fwp%2Fv2%2Fcomments&post=6409"}],"version-history":[{"count":1,"href":"https:\/\/paginacero.com.uy\/index.php?rest_route=\/wp\/v2\/posts\/6409\/revisions"}],"predecessor-version":[{"id":6411,"href":"https:\/\/paginacero.com.uy\/index.php?rest_route=\/wp\/v2\/posts\/6409\/revisions\/6411"}],"wp:featuredmedia":[{"embeddable":true,"href":"https:\/\/paginacero.com.uy\/index.php?rest_route=\/wp\/v2\/media\/6410"}],"wp:attachment":[{"href":"https:\/\/paginacero.com.uy\/index.php?rest_route=%2Fwp%2Fv2%2Fmedia&parent=6409"}],"wp:term":[{"taxonomy":"category","embeddable":true,"href":"https:\/\/paginacero.com.uy\/index.php?rest_route=%2Fwp%2Fv2%2Fcategories&post=6409"},{"taxonomy":"post_tag","embeddable":true,"href":"https:\/\/paginacero.com.uy\/index.php?rest_route=%2Fwp%2Fv2%2Ftags&post=6409"}],"curies":[{"name":"wp","href":"https:\/\/api.w.org\/{rel}","templated":true}]}}