{"id":6402,"date":"2025-02-03T16:46:20","date_gmt":"2025-02-03T19:46:20","guid":{"rendered":"https:\/\/paginacero.com.uy\/?p=6402"},"modified":"2025-02-03T16:46:20","modified_gmt":"2025-02-03T19:46:20","slug":"durazno-fue-sede-del-2do-encuentro-binacional-de-newcom-beach","status":"publish","type":"post","link":"https:\/\/paginacero.com.uy\/?p=6402","title":{"rendered":"Durazno fue sede del 2do Encuentro Binacional de Newcom Beach"},"content":{"rendered":"<p><strong>Con gran participaci\u00f3n y esp\u00edritu de confraternizaci\u00f3n, finaliz\u00f3 con \u00e9xito la segunda edici\u00f3n del\u00a0Encuentro Binacional de Newcom, evento organizado por\u00a0Capibaras Newcom Centro Campus (SENADE)\u00a0en el marco del programa\u00a0Verano + Activo.<\/strong><!--more--><\/p>\n<p>Durante dos jornadas, equipos de adultos mayores de\u00a0<strong>Uruguay y Argentina<\/strong>\u00a0compitieron en esta disciplina deportiva inclusiva, fortaleciendo lazos a trav\u00e9s del juego y la recreaci\u00f3n.<\/p>\n<p>La organizaci\u00f3n estuvo a cargo de\u00a0<strong>Capibaras Duraznenses<\/strong>, con el liderazgo del docente\u00a0<strong>Robert Sueiro (Centro Campus)<\/strong>\u00a0y la colaboraci\u00f3n de la Prof.\u00a0<strong>Camila Tarela (\u00c1rea Deportes y Recreaci\u00f3n de la IDD)<\/strong>.<\/p>\n<p>Los arbitrajes fueron desempe\u00f1ados por\u00a0<strong>Martina Sueiro y Lucas C\u00e9spedes<\/strong>.<\/p>\n<p>Adem\u00e1s, el evento cont\u00f3 con el apoyo log\u00edstico de diversas \u00e1reas de la<strong>\u00a0Intendencia de Durazno\u00a0<\/strong>y funcionarios de la administraci\u00f3n del\u00a0<strong>Camping<\/strong>\u00a0<strong>33 Orientales<\/strong>.<\/p>\n","protected":false},"excerpt":{"rendered":"<p>Con gran participaci\u00f3n y esp\u00edritu de confraternizaci\u00f3n, finaliz\u00f3 con \u00e9xito la segunda edici\u00f3n del\u00a0Encuentro Binacional de Newcom, evento organizado por\u00a0Capibaras Newcom Centro Campus (SENADE)\u00a0en el marco del programa\u00a0Verano + Activo.<\/p>\n","protected":false},"author":4,"featured_media":6403,"comment_status":"closed","ping_status":"closed","sticky":false,"template":"","format":"standard","meta":{"footnotes":""},"categories":[12,5],"tags":[],"class_list":["post-6402","post","type-post","status-publish","format-standard","has-post-thumbnail","hentry","category-deporte","category-durazno"],"_links":{"self":[{"href":"https:\/\/paginacero.com.uy\/index.php?rest_route=\/wp\/v2\/posts\/6402","targetHints":{"allow":["GET"]}}],"collection":[{"href":"https:\/\/paginacero.com.uy\/index.php?rest_route=\/wp\/v2\/posts"}],"about":[{"href":"https:\/\/paginacero.com.uy\/index.php?rest_route=\/wp\/v2\/types\/post"}],"author":[{"embeddable":true,"href":"https:\/\/paginacero.com.uy\/index.php?rest_route=\/wp\/v2\/users\/4"}],"replies":[{"embeddable":true,"href":"https:\/\/paginacero.com.uy\/index.php?rest_route=%2Fwp%2Fv2%2Fcomments&post=6402"}],"version-history":[{"count":1,"href":"https:\/\/paginacero.com.uy\/index.php?rest_route=\/wp\/v2\/posts\/6402\/revisions"}],"predecessor-version":[{"id":6404,"href":"https:\/\/paginacero.com.uy\/index.php?rest_route=\/wp\/v2\/posts\/6402\/revisions\/6404"}],"wp:featuredmedia":[{"embeddable":true,"href":"https:\/\/paginacero.com.uy\/index.php?rest_route=\/wp\/v2\/media\/6403"}],"wp:attachment":[{"href":"https:\/\/paginacero.com.uy\/index.php?rest_route=%2Fwp%2Fv2%2Fmedia&parent=6402"}],"wp:term":[{"taxonomy":"category","embeddable":true,"href":"https:\/\/paginacero.com.uy\/index.php?rest_route=%2Fwp%2Fv2%2Fcategories&post=6402"},{"taxonomy":"post_tag","embeddable":true,"href":"https:\/\/paginacero.com.uy\/index.php?rest_route=%2Fwp%2Fv2%2Ftags&post=6402"}],"curies":[{"name":"wp","href":"https:\/\/api.w.org\/{rel}","templated":true}]}}