{"id":6393,"date":"2025-02-03T15:33:50","date_gmt":"2025-02-03T18:33:50","guid":{"rendered":"https:\/\/paginacero.com.uy\/?p=6393"},"modified":"2025-02-03T15:33:50","modified_gmt":"2025-02-03T18:33:50","slug":"jefatura-departamental-de-policia-de-durazno-2","status":"publish","type":"post","link":"https:\/\/paginacero.com.uy\/?p=6393","title":{"rendered":"JEFATURA DEPARTAMENTAL DE POLIC\u00cdA DE DURAZNO"},"content":{"rendered":"<p><strong>COMUNICADO DE PRENSA N.\u00ba 23\/2025 Durazno, 3 de febrero del a\u00f1o 2025<\/strong><!--more--><\/p>\n<p>PERSONA CONDENADA POR RAPI\u00d1A A 7 A\u00d1OS DE PENITENCIARIA<br \/>\nAmpliando comunicados N.\u00ba 72 de fecha 15\/04\/2024 y 107 de fecha 05\/16\/2024, donde se informara que en horas de la ma\u00f1ana del d\u00eda mi\u00e9rcoles 3 de abril del a\u00f1o 2024, se tom\u00f3 conocimiento en Comisar\u00eda 11era Centenario, que en paraje Sarand\u00ed de la China se hab\u00eda perpetrado una rapi\u00f1a con privaci\u00f3n de libertad a los ocupantes de un veh\u00edculo. Atento a lo expuesto personal de la Direcci\u00f3n de Investigaciones y de la Comisar\u00eda 11era realizaron las investigaciones de rigor, recabando las pruebas pertinentes, poni\u00e9ndolas a disposici\u00f3n de la Fiscal\u00eda de Paso de los Toros. De las actuaciones llevadas a cabo se detuvo a un masculino de 45 a\u00f1os de edad, el cual fue conducido ante la Fiscal\u00eda y Juzgado Ltdo. De Paso de los Toros, donde se dispuso la formalizaci\u00f3n de la investigaci\u00f3n para el masculino, por la presunta comisi\u00f3n de un delito de rapi\u00f1a con privaci\u00f3n de libertad, Copamiento en car\u00e1cter de coautor imponi\u00e9ndosele la medida cautelar de prisi\u00f3n preventiva por el t\u00e9rmino de 120, vencidas las mismas se dispuso a posterior arresto domiciliario total hasta la fecha. A posterior y continuando con las actuaciones personal del Direcci\u00f3n de Investigaciones conjuntamente con personal de Investigaciones de la ciudad de Paso de Los Toros realizaron allanamientos en varias fincas, logrando la detenci\u00f3n de un masculino de 49 a\u00f1os de edad, poseedor de 20 antecedentes penales, el cual manten\u00eda orden de detenci\u00f3n por el delito de rapi\u00f1a con privaci\u00f3n de libertad, Copamiento.<br \/>\nConducido ante la Fiscal\u00eda y Juzgado Ltdo. de Paso de los Toros se dispuso la formalizaci\u00f3n del masculino de iniciales J.A.L.Q de 49 a\u00f1os de edad, por la presunta comisi\u00f3n de un delito de Rapi\u00f1a con privaci\u00f3n de libertad, Copamiento en reiteraci\u00f3n real con un delito de hurto especialmente agravado, imponi\u00e9ndosele la prisi\u00f3n preventiva por el t\u00e9rmino de 150 d\u00edas. Continuando con las actuaciones personal de Investigaciones de R\u00edo Negro en horas de la tarde del d\u00eda s\u00e1bado pr\u00f3ximo pasado comunic\u00f3 a esta Jefatura que fue detenido un masculino de 25 a\u00f1os de edad poseedor de 2 antecedentes penales, quien presentaba orden de detenci\u00f3n como uno de los autores del copamiento en la localidad de Centenario. Conducido ante la Fiscal\u00eda de Paso de los Toros y Juzgado Ltdo. De Paso de los Toros, se dispuso la condena para el masculino de iniciales M.D.S.G de 25 a\u00f1os de edad, como coautor penalmente responsable de la comisi\u00f3n de un delito de rapi\u00f1a especialmente agravada a la pena de 7 a\u00f1os de penitenciaria.<\/p>\n<p>TENTATIVA DE INCENDIO EN CASA DE FAMILIA, TENTATIVA DE HOMICIDIO CON SUICIDIO POSTERIOR DEL AUTOR<br \/>\nPr\u00f3ximo a la hora 00:00 del d\u00eda s\u00e1bado pasado se recibi\u00f3 llamado telef\u00f3nico en Comisar\u00eda 3era Carlos Reyles, dando aviso que en una finca de la localidad se estaba desarrollando un problema familiar. Atento a lo expuesto personal Policial concurri\u00f3 al lugar, avistan en el interior del domicilio a una femenina menor de edad en estado de angustia, a una femenina de 25 a\u00f1os de edad y a un masculino de 19 a\u00f1os de edad, quienes se encontraban dentro del domicilio, manifestando que un masculino, hab\u00eda ingresado a la casa, aparentemente por una ventana, tirando nafta sobre el piso de la casa (cocina y pasillo) con intenciones de prender fuego la finca, retir\u00e1ndose del lugar para su domicilio ya que es vecino. Personal actuante contuvo a las v\u00edctimas y las traslado a la policl\u00ednica de la localidad. Continuando con las actuaciones personal de Comisar\u00eda 3era con la colaboraci\u00f3n de personal de Comisar\u00eda 11era, se realizaron las actuaciones correspondientes con la vigilancia durante la noche del lugar, luego pr\u00f3ximo a la hora 08:00 del d\u00eda s\u00e1bado el masculino agresor fue hallado en el interior de su finca sin vida, por la Polic\u00eda y familiares. De los hechos fue enterada la Fiscal\u00eda de 2do. Turno.<\/p>\n<p>DENUNCIA DE RAPI\u00d1A<br \/>\nPr\u00f3ximo a la hora 21:30 del d\u00eda viernes pasado, se tom\u00f3 conocimiento en el Centro de Comando Unificado Departamental, que en un comercio ubicado en jurisdicci\u00f3n de Comisar\u00eda 1era que gira en el rubro verduler\u00eda, se hab\u00eda producido una rapi\u00f1a. Atento a lo expuesto personal de la Direcci\u00f3n de Investigaciones y de la Comisar\u00eda 1era concurrieron al lugar, manifestando la v\u00edctima que en momentos que estaba en el comercio, ingres\u00f3 un masculino y mediante amenaza con un arma de fuego le hurt\u00f3 dinero. Enterada Fiscal\u00eda de 2do Turno. Se trabaja en car\u00e1cter reservado.<\/p>\n<p>PERSONAS IDENTIFICADAS, INCAUTACI\u00d3N DE ESTUPEFACIENTES<br \/>\nPr\u00f3ximo a la hora 00:20 del d\u00eda domingo, en momentos que personal de la Guardia Republicana realizaba recorridas por jurisdicci\u00f3n de Comisar\u00eda 15ta, procedi\u00f3 a la detenci\u00f3n de un auto marca Volkswagen modelo Bora, precediendo a la identificaci\u00f3n de sus ocupantes tres masculinos de 46, 35 y 31 a\u00f1os de edad y una femenina de 22 a\u00f1os de edad, todos poseedores de antecedentes penales. En el procediendo se incaut\u00f3 sustancia estupefaciente y un arma blanca. Los mismos fueron trasladados a la Direcci\u00f3n de Investigaciones para realizar los tr\u00e1mites administrativos pertinentes. Enterada la Fiscal\u00eda de 2do Turno dispuso que a los mismos se les permita retirar.<\/p>\n<p>PERSONA DETENIDA POR DESACATO<br \/>\nUn masculino de 26 a\u00f1os de edad, poseedor de antecedentes penales, se encuentra detenido a disposici\u00f3n de la Fiscal\u00eda de 2do turno por haber incumplido las medidas cautelares dispuestas por la justicia competente. Pr\u00f3ximo a la hora 21:10 del d\u00eda s\u00e1bado pasado, se tom\u00f3 conocimiento en el Centro de Comando Unificado Departamental que en una finca ubicada en jurisdicci\u00f3n de Comisar\u00eda 1era se encontraba un masculino de 26 a\u00f1os de edad, poseedor de antecedentes penales incumpliendo medidas cautelas dispuestas por la justicia competente. Atento a lo expuesto al lugar concurri\u00f3 personal de Comisar\u00eda 1era, constatando que dentro de la finca se encontraba el masculino retenido por sus progenitores, procediendo a su detenci\u00f3n. A posterior se lo traslado a sanatorio CAMEDUR, donde m\u00e9dico actuante inform\u00f3 que el masculino quedar\u00e1 en evaluaci\u00f3n ya que hab\u00eda ingerido un blister de medicamentos y en el correr de la ma\u00f1ana ser\u00e1 visto por m\u00e9dico psiquiatra, permaneciendo el mismo con custodia Policial.<\/p>\n","protected":false},"excerpt":{"rendered":"<p>COMUNICADO DE PRENSA N.\u00ba 23\/2025 Durazno, 3 de febrero del a\u00f1o 2025<\/p>\n","protected":false},"author":4,"featured_media":6394,"comment_status":"closed","ping_status":"closed","sticky":false,"template":"","format":"standard","meta":{"footnotes":""},"categories":[5],"tags":[],"class_list":["post-6393","post","type-post","status-publish","format-standard","has-post-thumbnail","hentry","category-durazno"],"_links":{"self":[{"href":"https:\/\/paginacero.com.uy\/index.php?rest_route=\/wp\/v2\/posts\/6393","targetHints":{"allow":["GET"]}}],"collection":[{"href":"https:\/\/paginacero.com.uy\/index.php?rest_route=\/wp\/v2\/posts"}],"about":[{"href":"https:\/\/paginacero.com.uy\/index.php?rest_route=\/wp\/v2\/types\/post"}],"author":[{"embeddable":true,"href":"https:\/\/paginacero.com.uy\/index.php?rest_route=\/wp\/v2\/users\/4"}],"replies":[{"embeddable":true,"href":"https:\/\/paginacero.com.uy\/index.php?rest_route=%2Fwp%2Fv2%2Fcomments&post=6393"}],"version-history":[{"count":1,"href":"https:\/\/paginacero.com.uy\/index.php?rest_route=\/wp\/v2\/posts\/6393\/revisions"}],"predecessor-version":[{"id":6395,"href":"https:\/\/paginacero.com.uy\/index.php?rest_route=\/wp\/v2\/posts\/6393\/revisions\/6395"}],"wp:featuredmedia":[{"embeddable":true,"href":"https:\/\/paginacero.com.uy\/index.php?rest_route=\/wp\/v2\/media\/6394"}],"wp:attachment":[{"href":"https:\/\/paginacero.com.uy\/index.php?rest_route=%2Fwp%2Fv2%2Fmedia&parent=6393"}],"wp:term":[{"taxonomy":"category","embeddable":true,"href":"https:\/\/paginacero.com.uy\/index.php?rest_route=%2Fwp%2Fv2%2Fcategories&post=6393"},{"taxonomy":"post_tag","embeddable":true,"href":"https:\/\/paginacero.com.uy\/index.php?rest_route=%2Fwp%2Fv2%2Ftags&post=6393"}],"curies":[{"name":"wp","href":"https:\/\/api.w.org\/{rel}","templated":true}]}}