{"id":6390,"date":"2025-02-01T13:44:07","date_gmt":"2025-02-01T16:44:07","guid":{"rendered":"https:\/\/paginacero.com.uy\/?p=6390"},"modified":"2025-02-01T13:44:07","modified_gmt":"2025-02-01T16:44:07","slug":"gonzalo-castro-estudia-para-terminar-el-liceo","status":"publish","type":"post","link":"https:\/\/paginacero.com.uy\/?p=6390","title":{"rendered":"Gonzalo Castro: estudia para terminar el Liceo"},"content":{"rendered":"<div id=\"geom_inter_1738428132879_88_78\" dir=\"auto\" data-olk-copy-source=\"MessageBody\"><strong>El ex futbolista \u00abtrinitario\u00bb, surgido en el CR Porongos FC y que en Durazno jugara en el Club Uni\u00f3n Juvenil y en la Selecci\u00f3n Sub 15, fue entrevistado por Radio Carve de Montevideo.<\/strong><\/div>\n<p><!--more--><\/p>\n<div dir=\"auto\" data-olk-copy-source=\"MessageBody\">\u00abSoy hincha del club, mi familia es hincha, emocionalmente hab\u00eda una carga y era algo muy emocionante. Armamos un lindo equipo en Porongos\u00bb.<\/div>\n<div dir=\"auto\" data-olk-copy-source=\"MessageBody\">\n<div id=\"geom_inter_1738428140112_53_93\" dir=\"auto\">\u00abQue se haya mantenido Lasarte en Nacional es positivo. Tienen todo el a\u00f1o por delante y depende de los resultados y el arranque\u00bb.<\/div>\n<div id=\"geom_inter_1738428140112_95_94\" dir=\"auto\">\u00abVillalba conf\u00eda mucho en su velocidad, para Nacional va a ser un a\u00f1o muy productivo. A veces es dif\u00edcil abrir los partidos, pero cuando el rival empieza a buscar espacios con un jugador r\u00e1pido puede ser muy aprovechable\u00bb<\/div>\n<div id=\"geom_inter_1738428181110_33_95\" dir=\"auto\">\u00abNacional ha tra\u00eddo jugadores de categor\u00eda, tiene todo para pelear el campeonato y hacer una buena Copa Libertadores\u00bb.<\/div>\n<div id=\"geom_inter_1738428182110_46_96\" dir=\"auto\">\u00abEl cl\u00e1sico de la segunda fecha lo agarra bien, y eso sin dudas te corre a favor. Despu\u00e9s los cl\u00e1sicos como sabemos pueden disparar para cualquier lado. He visto que Nacional ha encontrado la manera de ganar\u00bb.<\/div>\n<div id=\"geom_inter_1738428182110_21_97\" dir=\"auto\">\u00abNo me gusta que el cl\u00e1sico sea en la segunda fecha, se tiene que jugar en las \u00faltimas 5, es el partido m\u00e1s importante que tenemos en Uruguay y uno de los dos siempre est\u00e1 definiendo\u00bb.<\/div>\n<div id=\"geom_inter_1738428182110_1_98\" dir=\"auto\">\u00abNo estoy de acuerdo con la norma de que solo los capitanes pueden hablar con el juez. Si est\u00e1 hay que respetarla y el \u00e1rbitro tiene el derecho de sacar la tarjeta se puede aplicar, donde saque 4 tarjetas seguidas no se le acerca nadie, marchamos a rigor\u00bb.<\/div>\n<div dir=\"auto\"><\/div>\n<div id=\"geom_inter_1738428183110_17_99\" dir=\"auto\">Amistad con dos \u00abmanyas\u00bb: Paolo Montero y Ruglio<\/div>\n<div dir=\"auto\"><\/div>\n<div id=\"geom_inter_1738428183110_49_100\" dir=\"auto\">\u00abPaolo es socio m\u00edo y siempre hace una comida los martes con una barra que ellos tienen. Me han invitado varias veces. Con (Ignacio \u00abNacho\u00bb) Ruglio he compartido varios asados, por m\u00e1s que cada uno tenga sus sentimientos a nivel de equipo\u00bb.<\/div>\n<div id=\"geom_inter_1738428183110_78_101\" dir=\"auto\">\u00abEstoy disfrutando de otra manera, estudiando y terminando el liceo. Cuando arranque en Nacional en el 2003 me quedaron unas materias. El a\u00f1o pasado arranqu\u00e9. Hago de 2 a 3 materias\u00bb.<\/div>\n<div id=\"geom_inter_1738428184114_12_102\" dir=\"auto\">\u00abEra algo pendiente para mi y tambi\u00e9n para mi vieja, que yo pueda terminar el liceo. M\u00e1s adelante capaz puedo buscar y seguir estudiando\u00bb, dijo Gonzalo Castro en Radio Carve.<\/div>\n<\/div>\n<div id=\"geom_inter_1738428139117_49_91\" dir=\"auto\"><\/div>\n","protected":false},"excerpt":{"rendered":"<p>El ex futbolista \u00abtrinitario\u00bb, surgido en el CR Porongos FC y que en Durazno jugara en el Club Uni\u00f3n Juvenil y en la Selecci\u00f3n Sub 15, fue entrevistado por Radio Carve de Montevideo.<\/p>\n","protected":false},"author":4,"featured_media":6391,"comment_status":"closed","ping_status":"closed","sticky":false,"template":"","format":"standard","meta":{"footnotes":""},"categories":[5],"tags":[],"class_list":["post-6390","post","type-post","status-publish","format-standard","has-post-thumbnail","hentry","category-durazno"],"_links":{"self":[{"href":"https:\/\/paginacero.com.uy\/index.php?rest_route=\/wp\/v2\/posts\/6390","targetHints":{"allow":["GET"]}}],"collection":[{"href":"https:\/\/paginacero.com.uy\/index.php?rest_route=\/wp\/v2\/posts"}],"about":[{"href":"https:\/\/paginacero.com.uy\/index.php?rest_route=\/wp\/v2\/types\/post"}],"author":[{"embeddable":true,"href":"https:\/\/paginacero.com.uy\/index.php?rest_route=\/wp\/v2\/users\/4"}],"replies":[{"embeddable":true,"href":"https:\/\/paginacero.com.uy\/index.php?rest_route=%2Fwp%2Fv2%2Fcomments&post=6390"}],"version-history":[{"count":1,"href":"https:\/\/paginacero.com.uy\/index.php?rest_route=\/wp\/v2\/posts\/6390\/revisions"}],"predecessor-version":[{"id":6392,"href":"https:\/\/paginacero.com.uy\/index.php?rest_route=\/wp\/v2\/posts\/6390\/revisions\/6392"}],"wp:featuredmedia":[{"embeddable":true,"href":"https:\/\/paginacero.com.uy\/index.php?rest_route=\/wp\/v2\/media\/6391"}],"wp:attachment":[{"href":"https:\/\/paginacero.com.uy\/index.php?rest_route=%2Fwp%2Fv2%2Fmedia&parent=6390"}],"wp:term":[{"taxonomy":"category","embeddable":true,"href":"https:\/\/paginacero.com.uy\/index.php?rest_route=%2Fwp%2Fv2%2Fcategories&post=6390"},{"taxonomy":"post_tag","embeddable":true,"href":"https:\/\/paginacero.com.uy\/index.php?rest_route=%2Fwp%2Fv2%2Ftags&post=6390"}],"curies":[{"name":"wp","href":"https:\/\/api.w.org\/{rel}","templated":true}]}}