{"id":6387,"date":"2025-02-01T13:41:44","date_gmt":"2025-02-01T16:41:44","guid":{"rendered":"https:\/\/paginacero.com.uy\/?p=6387"},"modified":"2025-02-01T13:41:44","modified_gmt":"2025-02-01T16:41:44","slug":"en-lanzamiento-de-libro-se-hablo-sobre-los-valores-de-la-sociedad-de-hoy","status":"publish","type":"post","link":"https:\/\/paginacero.com.uy\/?p=6387","title":{"rendered":"En lanzamiento de libro se habl\u00f3 sobre los valores de la sociedad de hoy"},"content":{"rendered":"<p><strong>Titulado\u00a0\u00abLibro de los Valores de Durazno. Manual para la Buena Vecindad\u00bb, el trabajo se compone de una obra literaria apoyada con caricaturas y dibujos, realizado por\u00a0Sol Editora, siendo sus autores el caricaturista oriundo de Tacuaremb\u00f3,\u00a0Miguel Casal\u00e1s\u00a0y el radicado en Minas, Lavalleja,\u00a0Juan Carlos Porta.<\/strong><!--more--><\/p>\n<p id=\"geom_inter_1738428003123_60_37\" align=\"left\"><span style=\"color: #000000;\"><span style=\"font-family: Arial, sans-serif;\"><span style=\"font-size: large;\" data-olk-copy-source=\"MessageBody\">El<b id=\"geom_inter_1738428003120_77_34\">\u00a0Intendente, Lic. Carmelo Vidal\u00edn<\/b>,<\/span><span style=\"font-size: large;\">\u00a0<\/span><span id=\"geom_inter_1738428003121_52_35\" style=\"font-size: large;\">sostuvo que el\u00a0libro\u00a0sobre los\u00a0<span id=\"geom_inter_1738428004120_89_40\">valores, es un manual para la buena vecindad,\u00a0<\/span>comentando que \u00abno es una idea original del Intendente. Hace muchos a\u00f1os, en una de mis participaciones en el\u00a0<b id=\"geom_inter_1738428003121_74_36\">Congreso Nacional de Intendentes<\/b>, no me acuerdo si en aquella ocasi\u00f3n era Presidente o no, pero estuvimos con\u00a0<b id=\"geom_inter_1738428027109_58_41\">Juan Carlos Porta y con Miguel Casal\u00e1s<\/b>, la oportunidad de presentar un libro que lo llevo para todos lados conmigo y lo tengo tambi\u00e9n en mi casa; sobre los valores, y es realmente maravilloso\u201c<\/span><\/span><\/span><\/p>\n<p id=\"geom_inter_1738428028111_48_43\" align=\"left\"><span style=\"color: #000000;\">\u00ab<span style=\"font-family: Arial, sans-serif;\"><span id=\"geom_inter_1738428028110_69_42\" style=\"font-size: large;\">A ninguno de nosotros nos llama la atenci\u00f3n lo que es la tarea de\u00a0<b>Miguel (Casal\u00e1s),<\/b>\u00a0el compromiso editorial de<b>\u00a0Juan Carlos (Porta)<\/b>\u00a0y en momentos en los que poco a poco hemos ido perdiendo valores en nuestra sociedad, valores muy sencillos, el valor del respeto, el valor de la responsabilidad, el valor de la tolerancia, algunas peque\u00f1as virtudes, como por ejemplo la amistad, cuidar la amistad, entend\u00edamos que cuando se lo planteamos a Miguel, inmediatamente lo asoci\u00f3 con Juan Carlos. Creo que so\u00f1amos juntos \u00e9l ya lo ten\u00eda m\u00e1s o menos imaginado al tema, y este libro refiere a aspectos tales como el\u00a0<b id=\"geom_inter_1738428029114_98_44\">compromiso, solidaridad, aprendizaje, respeto, entrega, honestidad, gratitud, amistad, colaboraci\u00f3n, superaci\u00f3n, confianza, compa\u00f1erismo, sinceridad, justicia, igualdad, lealtad, paciencia, humildad\u00bb.<\/b><\/span><\/span><\/span><\/p>\n<p align=\"left\"><span style=\"color: #000000;\"><span style=\"font-family: Arial, sans-serif;\"><span style=\"font-size: large;\"><b>Ser\u00e1 distribu\u00eddo en todo el departamento<\/b><\/span><\/span><\/span><\/p>\n<p id=\"geom_inter_1738428030122_48_46\" align=\"left\"><span style=\"color: #000000;\"><span style=\"font-family: Arial, sans-serif;\"><span id=\"geom_inter_1738428030122_96_47\" style=\"font-size: large;\">El principal del ejecutivo duraznense y actual\u00a0<b>Presidente del Congreso Nacional de Intendente,<\/b>\u00a0dijo luego que la Intendencia entregar\u00e1 ejemplares en todo el departamento, \u201ea todos los alumnos de las diferentes escuelas municipales, en nuestro\u00a0<b>Taller de Artes Pl\u00e1sticas<\/b>, este libro tambi\u00e9n lo vamos a usar en el<b>\u00a0Conservatorio (de M\u00fasica)<\/b>; en nuestras escuelas deportivas, y\u00a0<b>Miguel y Juan Carlos\u00a0<\/b>(sus autores) tambi\u00e9n est\u00e1n dispuestos a dar algunas charlas, en especial para los docentes de las diferentes asignaturas, pero tambi\u00e9n tendremos charlas con los padres, porque si no hay un v\u00ednculo familiar, una relaci\u00f3n familiar estrecha entre padres e hijos, nada es posible\u201c.<\/span><\/span><\/span><\/p>\n<p id=\"geom_inter_1738428031125_52_49\" align=\"left\"><span style=\"color: #000000;\"><span style=\"font-family: Arial, sans-serif;\"><span id=\"geom_inter_1738428031113_16_48\" style=\"font-size: large;\">El jefe comunal duraznense agreg\u00f3 que \u00aba trav\u00e9s de este libro, nosotros pensamos llegar a los ni\u00f1os para que los ni\u00f1os recuerden a los padres los compromisos que como padres debemos saber hacer, en especial para que no andemos con el dedo se\u00f1alando o ech\u00e1ndole las culpas a otro, cuando en realidad lo que tenemos que asumir las responsabilidades, en especial somos nosotros integrantes de una familia\u00bb.<\/span><\/span><\/span><\/p>\n<p id=\"geom_inter_1738428032121_8_50\" align=\"left\"><span style=\"color: #000000;\"><span style=\"font-family: Arial, sans-serif;\"><span style=\"font-size: large;\"><b>El recordado \u00e1lbum de figuritas<\/b><\/span><\/span><\/span><\/p>\n<p id=\"geom_inter_1738428032127_67_52\" align=\"left\"><span style=\"color: #000000;\"><span style=\"font-family: Arial, sans-serif;\"><span id=\"geom_inter_1738428032121_54_51\" style=\"font-size: large;\">Hizo referencia luego a lo que en su momento fue una propuesta in\u00e9dita, el album de figuritas en una de sus campa\u00f1as electorales.<\/span><\/span><\/span><\/p>\n<p id=\"geom_inter_1738428033120_12_55\" align=\"left\"><span style=\"color: #000000;\">\u201e<span style=\"font-family: Arial, sans-serif;\"><span id=\"geom_inter_1738428033111_78_53\" style=\"font-size: large;\">En aquel momento con aquel \u00e1lbum de figuritas; era un \u00e1lbum pol\u00edtico, quer\u00edamos llegar a los ni\u00f1os para que, me acuerdo que tuvimos alg\u00fan inconveniente con lo que en aquel momento era el\u00a0<b id=\"geom_inter_1738428033112_95_54\">INAME (actual INAU<\/b>), para que a trav\u00e9s de los ni\u00f1os pudi\u00e9ramos llegar a los abuelos y a trav\u00e9s de los abuelos a los padres. Yo ten\u00eda otro matiz diferente, este es un matiz que tiene como meta fundamental; llegar a nuestra sociedad, comprometer a la familia. A la familia la comprometemos a trav\u00e9s del amor de un padre para un hijo, de un abuelo a un nieto, el amor entre hermanos, con t\u00edos, con sobrinos, es por eso que apostamos realmente y valoramos y destacamos, como de costumbre, el compromiso de\u00a0<b>Miguel (Casal\u00e1s)<\/b>, que enseguida me interpret\u00f3, y el compromiso de\u00a0<b>Juan Carlos (Porta)<\/b>\u201c, agregando que en esta oportunidad fue presentado en Durazno, \u201epero hay muchas expectativas, vamos a tratar de llevar esta idea tambi\u00e9n al<b>\u00a0Congreso de Intendentes<\/b>\u201c.<\/span><\/span><\/span><\/p>\n<p><b><span style=\"color: #000000;\"><span style=\"font-family: Arial, sans-serif;\"><span style=\"font-size: large;\">Vidal\u00edn hizo referencia al tema inseguridad<\/span><\/span><\/span><\/b><\/p>\n<p id=\"geom_inter_1738428035140_15_60\"><span style=\"color: #000000;\"><span style=\"font-family: Arial, sans-serif;\"><span id=\"geom_inter_1738428035136_65_59\" style=\"font-size: large;\">Durante la conferencia de prensa sobre el libro que abarca la tem\u00e1tica de los valores en la sociedad, el\u00a0<b id=\"geom_inter_1738428035135_84_58\">Intendente Carmelo Vidal\u00edn,<\/b>\u00a0hizo referencia, al pasar, al tema de la inseguridad en el departamento, y lanz\u00f3 que \u00ab<\/span><\/span><span style=\"font-family: Arial, sans-serif;\"><span style=\"font-size: large;\"><b>Durazno no es una isla,<\/b>\u00a0como algunos pretenden o quieren hacernos ver\u00bb<\/span><\/span><\/span><\/p>\n<p id=\"geom_inter_1738428036122_21_64\"><span style=\"color: #000000;\"><span style=\"font-family: Arial, sans-serif;\"><span id=\"geom_inter_1738428036120_98_61\" style=\"font-size: large;\">Dijo que \u00abesto que est\u00e1 pasando en Durazno, pasa en todo Uruguay y pasa tambi\u00e9n en el mundo, pero nosotros podemos dar un peque\u00f1o paso, desde nuestro Durazno un paso \u201acortitto\u2018, pero que lo podemos dar justamente<b id=\"geom_inter_1738428036120_57_62\">\u00a0trabajando con los ni\u00f1os y con la familia<\/b>\u00ab<\/span><\/span><\/span><\/p>\n<p id=\"geom_inter_1738428036125_39_65\"><span style=\"color: #000000;\"><span style=\"font-family: Arial, sans-serif;\"><span id=\"geom_inter_1738428036121_51_63\" style=\"font-size: large;\">\u00abHoy est\u00e1 muy de moda, y ayer miraba fotos de unos j\u00f3venes que hab\u00edan venido de Europa; estaban con su familia, y no estaban todos ellos conversando en un entorno familiar, sino que ve\u00eda y me llamaba la atenci\u00f3n el celular. &#8216;Uno ac\u00e1, otro all\u00e1, otro ac\u00e1&#8217;, y dos de ellos con celular. Hoy el celular es nuestro principal enemigo, porque lamentablemente el celular lleva a que no tengamos ese v\u00ednculo o esa relaci\u00f3n tan necesaria entre los integrantes de la familia\u00bb.<\/span><\/span><\/span><\/p>\n<p id=\"geom_inter_1738428037124_6_67\"><span style=\"color: #000000;\"><span style=\"font-family: Arial, sans-serif;\"><span id=\"geom_inter_1738428037122_8_66\" style=\"font-size: large;\">Sostuvo seguidamente que \u00aba trav\u00e9s de este librito, a trav\u00e9s del di\u00e1logo del docente, quiz\u00e1s perdamos quince, veinte, treinta minutos de una de las clases, ya sea de pintura, de cer\u00e1mica, de nataci\u00f3n, pero a trav\u00e9s de este librito nosotros vamos a lograr a trav\u00e9s de la reflexi\u00f3n y fundamentalmente a trav\u00e9s del di\u00e1logo de padres e hijos o de integrantes de una familia, poco a poco ir rescatando algunos de los tantos valores que lamentablemente en este tiempo donde hay tanto materialismo, creemos que la materia nos hace felices, que tenemos el mejor auto, el mejor trabajo, la mejor casa, las mejores vacaciones, y donde tambi\u00e9n vivimos a veces en el af\u00e1n del materialismo, estamos poco tiempo en nuestra casa y compartimos poco tiempo con nuestros hijos y con nuestros seres queridos. Ojal\u00e1, Dios mediante, que a trav\u00e9s de este libro podamos dar un paso que sea un paso realmente trascendente\u00bb.<\/span><\/span><\/span><\/p>\n","protected":false},"excerpt":{"rendered":"<p>Titulado\u00a0\u00abLibro de los Valores de Durazno. Manual para la Buena Vecindad\u00bb, el trabajo se compone de una obra literaria apoyada con caricaturas y dibujos, realizado por\u00a0Sol Editora, siendo sus autores el caricaturista oriundo de Tacuaremb\u00f3,\u00a0Miguel Casal\u00e1s\u00a0y el radicado en Minas, Lavalleja,\u00a0Juan Carlos Porta.<\/p>\n","protected":false},"author":4,"featured_media":6388,"comment_status":"closed","ping_status":"closed","sticky":false,"template":"","format":"standard","meta":{"footnotes":""},"categories":[5],"tags":[],"class_list":["post-6387","post","type-post","status-publish","format-standard","has-post-thumbnail","hentry","category-durazno"],"_links":{"self":[{"href":"https:\/\/paginacero.com.uy\/index.php?rest_route=\/wp\/v2\/posts\/6387","targetHints":{"allow":["GET"]}}],"collection":[{"href":"https:\/\/paginacero.com.uy\/index.php?rest_route=\/wp\/v2\/posts"}],"about":[{"href":"https:\/\/paginacero.com.uy\/index.php?rest_route=\/wp\/v2\/types\/post"}],"author":[{"embeddable":true,"href":"https:\/\/paginacero.com.uy\/index.php?rest_route=\/wp\/v2\/users\/4"}],"replies":[{"embeddable":true,"href":"https:\/\/paginacero.com.uy\/index.php?rest_route=%2Fwp%2Fv2%2Fcomments&post=6387"}],"version-history":[{"count":1,"href":"https:\/\/paginacero.com.uy\/index.php?rest_route=\/wp\/v2\/posts\/6387\/revisions"}],"predecessor-version":[{"id":6389,"href":"https:\/\/paginacero.com.uy\/index.php?rest_route=\/wp\/v2\/posts\/6387\/revisions\/6389"}],"wp:featuredmedia":[{"embeddable":true,"href":"https:\/\/paginacero.com.uy\/index.php?rest_route=\/wp\/v2\/media\/6388"}],"wp:attachment":[{"href":"https:\/\/paginacero.com.uy\/index.php?rest_route=%2Fwp%2Fv2%2Fmedia&parent=6387"}],"wp:term":[{"taxonomy":"category","embeddable":true,"href":"https:\/\/paginacero.com.uy\/index.php?rest_route=%2Fwp%2Fv2%2Fcategories&post=6387"},{"taxonomy":"post_tag","embeddable":true,"href":"https:\/\/paginacero.com.uy\/index.php?rest_route=%2Fwp%2Fv2%2Ftags&post=6387"}],"curies":[{"name":"wp","href":"https:\/\/api.w.org\/{rel}","templated":true}]}}