{"id":6384,"date":"2025-01-31T16:02:24","date_gmt":"2025-01-31T19:02:24","guid":{"rendered":"https:\/\/paginacero.com.uy\/?p=6384"},"modified":"2025-01-31T16:02:24","modified_gmt":"2025-01-31T19:02:24","slug":"correcaminata-de-nacional-de-futbol-de-durazno","status":"publish","type":"post","link":"https:\/\/paginacero.com.uy\/?p=6384","title":{"rendered":"Correcaminata de Nacional de F\u00fatbol de Durazno"},"content":{"rendered":"<p><strong>La rama de\u00a0F\u00fatbol Sala Femenino del\u00a0Club Nacional de F\u00fatbol de Durazno,\u00a0que dirige el\u00a0Entrenador Rodrigo Barcel\u00f3,\u00a0viene organizando una importante convocatoria para toda la familia.<\/strong><!--more--><\/p>\n<p><span style=\"color: #000000; font-size: large;\"><span style=\"font-family: Arial, sans-serif;\"><span data-olk-copy-source=\"MessageBody\">Se trata de la realizaci\u00f3n de una\u00a0<\/span><b>Correcaminata,<\/b>\u00a0abierta a personas de todas las edades, prevista para el\u00a0<b>V<\/b><b>iernes 14 de Febrero, hora 19:00\u00a0<\/b>puntual, con largada desde la zona del Parador del Camping \u00ab33 Orientales\u00bb.<\/span><\/span><\/p>\n<p><span style=\"color: #000000; font-size: large;\"><span style=\"font-family: Arial, sans-serif;\">Ser\u00e1 para dos categor\u00edas, distancias de 5 y 10 kil\u00f3metros respectivamente, adem\u00e1s habr\u00e1 otra para ni\u00f1os, que es gratuita, y va a tener la medalla Finisher, destac\u00f3 Barcel\u00f3.<\/span><\/span><\/p>\n<p><span style=\"color: #000000; font-size: large;\"><span style=\"font-family: Arial, sans-serif;\">La finalidad del evento es recaudar para las actividades deportivas previstas para el presente a\u00f1o 2025, dado que\u00a0<b>Nacional de F\u00fatbol Sala Femenino,\u00a0<\/b>tiene confirmadas dos participaciones a nivel interdepartamental, una es la\u00a0<b>Copa de Clubes\u00a0<\/b>de F\u00fatbol Sala de la\u00a0<b>Organizaci\u00f3n de F\u00fatbol del Interior (OFI<\/b>) y la restante es la\u00a0<b>Copa Uruguay,<\/b>\u00a0que el a\u00f1o pasado Nacional jug\u00f3 en Rivera, adem\u00e1s de una competencia de\u00a0<b>F\u00fatbol 7 en el departamento de Salto\u00a0<\/b>el 22 de Marzo pr\u00f3ximo.<\/span><\/span><\/p>\n<p><span style=\"color: #000000; font-size: large;\"><span style=\"font-family: Arial, sans-serif;\">Nacional cuenta con el aporte en la preparaci\u00f3n f\u00edsica del\u00a0<b>Prof.\u00a0<\/b><b>Juli\u00e1n Pacheco<\/b>, habiendo iniciado la pretemporada y entrenamientos tres veces por semana.<\/span><\/span><\/p>\n<p><span style=\"color: #000000; font-size: large;\"><span style=\"font-family: Arial, sans-serif;\">Fecha l\u00edmite de inscripciones con remera, Lunes 10 de Febrero, link para inscripciones:\u00a0\u00a0<\/span><\/span><span style=\"font-size: large;\"><a id=\"LPlnk991270\" title=\"https:\/\/www.puntodecontrol.com.uy\/correcaminata-club-nacional-de-futbol-durazno\/\" href=\"https:\/\/www.puntodecontrol.com.uy\/correcaminata-club-nacional-de-futbol-durazno\/\" target=\"_blank\" rel=\"noopener noreferrer\" data-auth=\"NotApplicable\" data-linkindex=\"0\"><span style=\"color: #000000;\"><span style=\"font-family: Arial, sans-serif;\">https:\/\/www.puntodecontrol.com.uy\/correcaminata-club-nacional-de-futbol-durazno\/<\/span><\/span><\/a><\/span><\/p>\n","protected":false},"excerpt":{"rendered":"<p>La rama de\u00a0F\u00fatbol Sala Femenino del\u00a0Club Nacional de F\u00fatbol de Durazno,\u00a0que dirige el\u00a0Entrenador Rodrigo Barcel\u00f3,\u00a0viene organizando una importante convocatoria para toda la familia.<\/p>\n","protected":false},"author":4,"featured_media":6385,"comment_status":"closed","ping_status":"closed","sticky":false,"template":"","format":"standard","meta":{"_monsterinsights_skip_tracking":false,"_monsterinsights_sitenote_active":false,"_monsterinsights_sitenote_note":"","_monsterinsights_sitenote_category":0,"footnotes":""},"categories":[5],"tags":[],"class_list":["post-6384","post","type-post","status-publish","format-standard","has-post-thumbnail","hentry","category-durazno"],"_links":{"self":[{"href":"https:\/\/paginacero.com.uy\/index.php?rest_route=\/wp\/v2\/posts\/6384","targetHints":{"allow":["GET"]}}],"collection":[{"href":"https:\/\/paginacero.com.uy\/index.php?rest_route=\/wp\/v2\/posts"}],"about":[{"href":"https:\/\/paginacero.com.uy\/index.php?rest_route=\/wp\/v2\/types\/post"}],"author":[{"embeddable":true,"href":"https:\/\/paginacero.com.uy\/index.php?rest_route=\/wp\/v2\/users\/4"}],"replies":[{"embeddable":true,"href":"https:\/\/paginacero.com.uy\/index.php?rest_route=%2Fwp%2Fv2%2Fcomments&post=6384"}],"version-history":[{"count":1,"href":"https:\/\/paginacero.com.uy\/index.php?rest_route=\/wp\/v2\/posts\/6384\/revisions"}],"predecessor-version":[{"id":6386,"href":"https:\/\/paginacero.com.uy\/index.php?rest_route=\/wp\/v2\/posts\/6384\/revisions\/6386"}],"wp:featuredmedia":[{"embeddable":true,"href":"https:\/\/paginacero.com.uy\/index.php?rest_route=\/wp\/v2\/media\/6385"}],"wp:attachment":[{"href":"https:\/\/paginacero.com.uy\/index.php?rest_route=%2Fwp%2Fv2%2Fmedia&parent=6384"}],"wp:term":[{"taxonomy":"category","embeddable":true,"href":"https:\/\/paginacero.com.uy\/index.php?rest_route=%2Fwp%2Fv2%2Fcategories&post=6384"},{"taxonomy":"post_tag","embeddable":true,"href":"https:\/\/paginacero.com.uy\/index.php?rest_route=%2Fwp%2Fv2%2Ftags&post=6384"}],"curies":[{"name":"wp","href":"https:\/\/api.w.org\/{rel}","templated":true}]}}