{"id":6380,"date":"2025-01-31T16:00:57","date_gmt":"2025-01-31T19:00:57","guid":{"rendered":"https:\/\/paginacero.com.uy\/?p=6380"},"modified":"2025-01-31T16:00:57","modified_gmt":"2025-01-31T19:00:57","slug":"algorta-jamas-estuve-en-la-gestion-de-la-intendencia-siento-que-es-mi-momento","status":"publish","type":"post","link":"https:\/\/paginacero.com.uy\/?p=6380","title":{"rendered":"Algorta: \u00abjam\u00e1s estuve en la gesti\u00f3n de la Intendencia; siento que es mi momento\u201c"},"content":{"rendered":"<p><strong>El\u00a0Dr. Felipe Algorta,\u00a0actual Diputado y uno de los dos candidatos a la Intendencia de Durazno por el Partido Nacional, brind\u00f3 una entrevista a\u00a0P\u00e1gina Cero, donde hace referencia a la actualidad legislativa, a sus proyectos y objetivos para el departamento de Durazno y al inicio de la campa\u00f1a hacia al IDD desde el mes de Marzo, la que ser\u00e1 intensa y con mucho recorrido y propuestas, se\u00f1al\u00f3.<\/strong><!--more--><\/p>\n<p id=\"geom_inter_1738349925763_73_46\"><span style=\"color: #000000;\"><span style=\"font-family: Arial, sans-serif;\"><span id=\"geom_inter_1738349925762_25_45\" style=\"font-size: large;\" data-olk-copy-source=\"MessageBody\">Consultado sobre la etapa actual en el \u00e1mbito legislativo, sostuvo que las C<b id=\"geom_inter_1738349940761_29_47\">\u00e1maras de Diputados y Senadores<\/b>, est\u00e1n en receso, con la Comisi\u00f3n Permanente funcionando.<\/span><\/span><\/span><\/p>\n<p id=\"geom_inter_1738349940761_87_49\"><span style=\"color: #000000;\">\u00ab<span style=\"font-family: Arial, sans-serif;\"><span id=\"geom_inter_1738349940761_86_48\" style=\"font-size: large;\">De hecho, nos han citado seguramente para la semana que viene para tratar algunos temas puntuales, pero hay un receso notorio, por lo tanto, hemos dado pr\u00e1cticamente el cierre al periodo legislativo con la posibilidad que tuvimos en su momento de presentar varios Proyectos de Ley y que<b>\u00a0tres de ellos hayan sido votados por las dos C\u00e1maras\u00a0<\/b>y que hoy sean Ley Nacional, como la\u00a0<b>categorizaci\u00f3n como Pueblo de Baygorria;<\/b>\u00a0y como las denominaciones de\u00a0<b>Sarand\u00ed del Yi<\/b>, como<b>\u00a0\u00abCapital del Cordero Pesado\u00bb<\/b>\u00a0y\u00a0<b>Blanquillo<\/b>\u00a0como\u00a0<b>\u00abCapital Nacional de la Cer\u00e1mica\u00bb,<\/b>\u00a0lo que ha significado un reconocimiento y un aporte a las interesantes actividades que desde hace a\u00f1os llevan adelante hombres, mujeres e instituciones de esos lugares\u00bb.<\/span><\/span><\/span><\/p>\n<p id=\"geom_inter_1738349943754_61_55\"><span style=\"color: #000000;\"><span style=\"font-family: Arial, sans-serif;\"><span style=\"font-size: large;\"><b id=\"geom_inter_1738349943751_90_50\">Firmar acuerdo para recategorizar Baygorria<\/b><\/span><\/span><\/span><\/p>\n<p id=\"geom_inter_1738349943753_48_54\"><span style=\"color: #000000;\"><span style=\"font-family: Arial, sans-serif;\"><span id=\"geom_inter_1738349943752_86_52\" style=\"font-size: large;\">Respecto a la\u00a0<b id=\"geom_inter_1738349943752_17_51\">represa y la poblaci\u00f3n de la localidad de Baygorria,<\/b>\u00a0el Diputado\u00a0<b>Algorta<\/b>\u00a0dijo que es un tema que contin\u00faa trabajando, al se\u00f1alar que \u00ababsolutamente, y hemos aprovechado que en las \u00faltimas semanas el\u00a0<b id=\"geom_inter_1738349943752_34_53\">Intendente de Durazno\u00a0<\/b><b>(Carmelo Vidal\u00edn)<\/b><b>\u00a0<\/b>nos ha manifestado su visi\u00f3n y disposici\u00f3n para avanzar antes de que termine este periodo en el cual el actual directorio de\u00a0<b>UTE<\/b>, el actual directorio de\u00a0<b>MEVIR,<\/b>\u00a0est\u00e1n todos de acuerdo en que esto tiene que suceder y es que Baygorria, pueda ser recategorizado para poder los actuales pobladores ser beneficiarios de la vivienda en la cual viven hace much\u00edsimos a\u00f1os y que tambi\u00e9n se pueda hacer un llamado para gente de la zona, que tambi\u00e9n pueda ir a vivir en esa infraestructura que hoy existe, que est\u00e1 venida a menos, pero que con mucha facilidad se puede reactivar. Pero adem\u00e1s con un potencial tur\u00edstico muy marcado, muy fuerte, y que\u00a0<b>UTE\u00a0<\/b>est\u00e1 dispuesto a ceder a la\u00a0<b id=\"geom_inter_1738349944749_79_56\">Intendencia de Durazno<\/b>\u00a0tierras que dan a orillas del lago de Baygorria y que son de un potencial tur\u00edstico enorme y que la Intendencia perfectamente podr\u00eda hacer un llamado internacional para interesados y que all\u00ed se empiece a generar el polo de turismo natural que existe, pero que al carecer de servicios, obviamente es muy poca gente la que puede ir por all\u00ed\u00bb.<\/span><\/span><\/span><\/p>\n<p id=\"geom_inter_1738349945752_50_61\"><span style=\"color: #000000;\"><span style=\"font-family: Arial, sans-serif;\"><span id=\"geom_inter_1738349945750_18_57\" style=\"font-size: large;\">\u00abEstamos con eso entre &#8216;ceja y ceja&#8217;. Fue y es un desvelo desde que est\u00e1bamos en el directorio de UTE, porque conocemos la zona desde que soy ni\u00f1o y me logro dar cuenta de la potencialidad que tiene. As\u00ed que creo que hay que aprovechar todas las oportunidades y esta oportunidad de que la actual Intendencia de Durazno y el Intendente hayan dado luz verde para la firma de un convenio, hace que en febrero deber\u00eda firmarse el mismo para poder avanzar con los siguientes pasos\u00bb.<\/span><\/span><\/span><\/p>\n<p id=\"geom_inter_1738349945750_50_58\"><span style=\"font-size: large;\">\u00ab<span style=\"color: #000000;\"><span style=\"font-family: Arial, sans-serif;\"><b>El Frente Amplio hoy es un partido tradicional m\u00e1s\u00bb.<\/b><\/span><\/span><\/span><\/p>\n<p id=\"geom_inter_1738349945751_18_60\"><span style=\"color: #000000;\"><span style=\"font-family: Arial, sans-serif;\"><span id=\"geom_inter_1738349945751_24_59\" style=\"font-size: large;\">Hablando de temas pol\u00edtico partidarios, y en referencia a la proximidad de las elecciones departamentales,\u00a0<b>Algorta<\/b>\u00a0fue consultado sobre el accionar futuro, y la actividad que en redes sociales y medios viene teniendo el Partido de gobierno electo, el\u00a0<b>Frente Amplio<\/b>.<\/span><\/span><\/span><\/p>\n<p id=\"geom_inter_1738349946750_42_63\"><span style=\"color: #000000;\">\u00ab<span style=\"font-family: Arial, sans-serif;\"><span id=\"geom_inter_1738349946749_1_62\" style=\"font-size: large;\">Realmente estamos con un entusiasmo enorme. El\u00a0<b>Frente Amplio\u00a0<\/b>hoy es un Partido tradicional m\u00e1s y por supuesto que en Durazno no ha mostrado tampoco un rumbo para el cual pueda ser apetecible para la ciudadan\u00eda. En cambio, nosotros s\u00ed estamos desde hace tiempo planteando distintos proyectos para el departamento que vamos a seguir materializando en estos meses de campa\u00f1a en el cual estamos seguros de que el Partido Nacional nuevamente va a ser gobierno y que nosotros lucharemos por ser los preferidos dentro de \u00e9l. Tenemos un equipo formidable de gente con muchas ganas de aportar al departamento\u00bb.<\/span><\/span><\/span><\/p>\n<p id=\"geom_inter_1738349946753_44_65\"><span style=\"color: #000000;\"><span style=\"font-family: Arial, sans-serif;\"><span id=\"geom_inter_1738349946750_64_64\" style=\"font-size: large;\"><b>Algorta,<\/b>\u00a0agreg\u00f3 que su sector, \u00abes una opci\u00f3n totalmente renovadora. Yo jam\u00e1s estuve en la gesti\u00f3n de la Intendencia. S\u00ed estuve en otros lugares y hoy siento que es mi momento. Estoy con las energ\u00edas y con el equipo para darle un nuevo impulso al departamento de Durazno\u00bb.<\/span><\/span><\/span><\/p>\n<p><span style=\"color: #000000; font-size: large;\"><span style=\"font-family: Arial, sans-serif;\"><b>Desde Marzo actividad de campa\u00f1a.<\/b><\/span><\/span><\/p>\n<p id=\"geom_inter_1738349947748_17_68\"><span style=\"color: #000000; font-size: large;\">Explic\u00f3 que el mes de\u00a0<span id=\"geom_inter_1738349947747_95_66\" style=\"font-family: Arial, sans-serif;\">Enero \u00abnos sirvi\u00f3 para el descanso, pero tambi\u00e9n para la planificaci\u00f3n y el armado de los equipos. En Febrero va a haber mucha actividad en Durazno en general, mes de mucha movida masiva. No solo el\u00a0<b id=\"geom_inter_1738349947748_26_67\">Festival del Folclore<\/b>\u00a0sino otro tipo de eventos, y pr\u00e1cticamente a mediados de Febrero seguramente estaremos con alguna movida m\u00e1s fuerte. Pero con certeza Marzo, Abril y los 11 d\u00edas de Mayo, va a ser la campa\u00f1a m\u00e1s fuerte con mucha m\u00e1s intensidad, y donde vamos a poder demostrar que somos capaces de plantear un proyecto departamental que entusiasme, que enamore y que valga la pena acompa\u00f1ar\u00bb.<\/span><\/span><\/p>\n","protected":false},"excerpt":{"rendered":"<p>El\u00a0Dr. Felipe Algorta,\u00a0actual Diputado y uno de los dos candidatos a la Intendencia de Durazno por el Partido Nacional, brind\u00f3 una entrevista a\u00a0P\u00e1gina Cero, donde hace referencia a la actualidad legislativa, a sus proyectos y objetivos para el departamento de Durazno y al inicio de la campa\u00f1a hacia al IDD desde el mes de Marzo, [&hellip;]<\/p>\n","protected":false},"author":4,"featured_media":6382,"comment_status":"closed","ping_status":"closed","sticky":false,"template":"","format":"standard","meta":{"footnotes":""},"categories":[5],"tags":[],"class_list":["post-6380","post","type-post","status-publish","format-standard","has-post-thumbnail","hentry","category-durazno"],"_links":{"self":[{"href":"https:\/\/paginacero.com.uy\/index.php?rest_route=\/wp\/v2\/posts\/6380","targetHints":{"allow":["GET"]}}],"collection":[{"href":"https:\/\/paginacero.com.uy\/index.php?rest_route=\/wp\/v2\/posts"}],"about":[{"href":"https:\/\/paginacero.com.uy\/index.php?rest_route=\/wp\/v2\/types\/post"}],"author":[{"embeddable":true,"href":"https:\/\/paginacero.com.uy\/index.php?rest_route=\/wp\/v2\/users\/4"}],"replies":[{"embeddable":true,"href":"https:\/\/paginacero.com.uy\/index.php?rest_route=%2Fwp%2Fv2%2Fcomments&post=6380"}],"version-history":[{"count":1,"href":"https:\/\/paginacero.com.uy\/index.php?rest_route=\/wp\/v2\/posts\/6380\/revisions"}],"predecessor-version":[{"id":6383,"href":"https:\/\/paginacero.com.uy\/index.php?rest_route=\/wp\/v2\/posts\/6380\/revisions\/6383"}],"wp:featuredmedia":[{"embeddable":true,"href":"https:\/\/paginacero.com.uy\/index.php?rest_route=\/wp\/v2\/media\/6382"}],"wp:attachment":[{"href":"https:\/\/paginacero.com.uy\/index.php?rest_route=%2Fwp%2Fv2%2Fmedia&parent=6380"}],"wp:term":[{"taxonomy":"category","embeddable":true,"href":"https:\/\/paginacero.com.uy\/index.php?rest_route=%2Fwp%2Fv2%2Fcategories&post=6380"},{"taxonomy":"post_tag","embeddable":true,"href":"https:\/\/paginacero.com.uy\/index.php?rest_route=%2Fwp%2Fv2%2Ftags&post=6380"}],"curies":[{"name":"wp","href":"https:\/\/api.w.org\/{rel}","templated":true}]}}