{"id":6374,"date":"2025-01-30T17:22:26","date_gmt":"2025-01-30T20:22:26","guid":{"rendered":"https:\/\/paginacero.com.uy\/?p=6374"},"modified":"2025-01-30T17:22:26","modified_gmt":"2025-01-30T20:22:26","slug":"lanzamiento-en-montevideo-de-los-eventos-de-febrero-y-marzo-en-durazno","status":"publish","type":"post","link":"https:\/\/paginacero.com.uy\/?p=6374","title":{"rendered":"Lanzamiento en Montevideo de los eventos de febrero y marzo en Durazno"},"content":{"rendered":"<p><strong>En el mediod\u00eda de hoy, el Ministerio de Turismo realiz\u00f3 el lanzamiento de las actividades que se desarrollar\u00e1n en Durazno en los meses de febrero y marzo.<\/strong><!--more--><\/p>\n<div dir=\"auto\" data-olk-copy-source=\"MessageBody\">Fue en la sede del Ministerio en Montevideo y cont\u00f3 con la presencia de importantes autoridades, entre ellas el Ministro de Turismo, Eduardo Sanguinetti; el Intendente de Durazno, Lic. Carmelo Vidal\u00edn; el Director Nacional de Turismo, Roque Baudean; Javier y Juan Manuel Castelo, representantes de la Sociedad Criolla Carlos Reyles; Rafael Frugoni, Director de Exposiciones de la Sociedad Rural de Durazno (SRD), el C\u00f3nsul de Colombia, Luis de la Hoz; Sonia Mart\u00ednez, Coordinadora General de la Intendencia de Durazno; Walter Fumero, Coordinador de Cultura; Andr\u00e9s Viana, Coordinador de Turismo, entre otras autoridades, artistas y medios de comunicaci\u00f3n.<\/div>\n<div dir=\"auto\"><\/div>\n<div dir=\"auto\">Durante el evento, el Intendente Carmelo Vidal\u00edn agradeci\u00f3 al Ministerio de Turismo por su constante apoyo a los eventos del departamento y su trabajo en la promoci\u00f3n del turismo en Durazno a lo largo del a\u00f1o.<\/div>\n<div dir=\"auto\"><\/div>\n<div dir=\"auto\">En su intervenci\u00f3n, destac\u00f3 los relevantes eventos previstos como el 51\u00b0 Festival de Folklore y la 24\u00b0 edici\u00f3n del Encuentro Gaucho, que se llevar\u00e1n a cabo en el Parque de la Hispanidad; la 35\u00b0 edici\u00f3n de las Primeras Llamadas del Interior del Pa\u00eds, el s\u00e1bado 15 de febrero, y la 111\u00b0 edici\u00f3n de la Expo Durazno.<\/div>\n<div dir=\"auto\"><\/div>\n<div dir=\"auto\">Por su parte, el Ministro Sanguinetti elogi\u00f3 la calidad de la organizaci\u00f3n y de los eventos programados, destacando la labor de la Intendencia de Durazno y la oferta cultural de primer nivel que los mismos presentar\u00e1n.<\/div>\n<div dir=\"auto\"><\/div>\n<div dir=\"auto\">Frugoni, Director de Exposiciones de la SRD, y Javier Castelo, de la Sociedad Criolla Carlos Reyles, ofrecieron detalles sobre sus respectivos eventos, los cuales enriquecer\u00e1n a\u00fan m\u00e1s la propuesta tur\u00edstica y cultural del departamento y la regi\u00f3n durante los pr\u00f3ximos meses.<\/div>\n<div dir=\"auto\"><\/div>\n<div dir=\"auto\">Estos eventos, que incluyen folklore, candombe, tradiciones gauchas y una exposici\u00f3n agropecuaria de gran prestigio, consolidan a Durazno como un destino tur\u00edstico de relevancia, tanto para el p\u00fablico nacional como internacional.<\/div>\n","protected":false},"excerpt":{"rendered":"<p>En el mediod\u00eda de hoy, el Ministerio de Turismo realiz\u00f3 el lanzamiento de las actividades que se desarrollar\u00e1n en Durazno en los meses de febrero y marzo.<\/p>\n","protected":false},"author":4,"featured_media":6375,"comment_status":"closed","ping_status":"closed","sticky":false,"template":"","format":"standard","meta":{"footnotes":""},"categories":[5],"tags":[],"class_list":["post-6374","post","type-post","status-publish","format-standard","has-post-thumbnail","hentry","category-durazno"],"_links":{"self":[{"href":"https:\/\/paginacero.com.uy\/index.php?rest_route=\/wp\/v2\/posts\/6374","targetHints":{"allow":["GET"]}}],"collection":[{"href":"https:\/\/paginacero.com.uy\/index.php?rest_route=\/wp\/v2\/posts"}],"about":[{"href":"https:\/\/paginacero.com.uy\/index.php?rest_route=\/wp\/v2\/types\/post"}],"author":[{"embeddable":true,"href":"https:\/\/paginacero.com.uy\/index.php?rest_route=\/wp\/v2\/users\/4"}],"replies":[{"embeddable":true,"href":"https:\/\/paginacero.com.uy\/index.php?rest_route=%2Fwp%2Fv2%2Fcomments&post=6374"}],"version-history":[{"count":1,"href":"https:\/\/paginacero.com.uy\/index.php?rest_route=\/wp\/v2\/posts\/6374\/revisions"}],"predecessor-version":[{"id":6376,"href":"https:\/\/paginacero.com.uy\/index.php?rest_route=\/wp\/v2\/posts\/6374\/revisions\/6376"}],"wp:featuredmedia":[{"embeddable":true,"href":"https:\/\/paginacero.com.uy\/index.php?rest_route=\/wp\/v2\/media\/6375"}],"wp:attachment":[{"href":"https:\/\/paginacero.com.uy\/index.php?rest_route=%2Fwp%2Fv2%2Fmedia&parent=6374"}],"wp:term":[{"taxonomy":"category","embeddable":true,"href":"https:\/\/paginacero.com.uy\/index.php?rest_route=%2Fwp%2Fv2%2Fcategories&post=6374"},{"taxonomy":"post_tag","embeddable":true,"href":"https:\/\/paginacero.com.uy\/index.php?rest_route=%2Fwp%2Fv2%2Ftags&post=6374"}],"curies":[{"name":"wp","href":"https:\/\/api.w.org\/{rel}","templated":true}]}}