{"id":6361,"date":"2025-01-29T17:37:25","date_gmt":"2025-01-29T20:37:25","guid":{"rendered":"https:\/\/paginacero.com.uy\/?p=6361"},"modified":"2025-01-29T17:37:25","modified_gmt":"2025-01-29T20:37:25","slug":"uno-a-uno-los-nombres-de-quienes-ocuparan-las-direcciones-nacionales-del-mtop-y-la-presidencia-de-la-anp","status":"publish","type":"post","link":"https:\/\/paginacero.com.uy\/?p=6361","title":{"rendered":"Uno a uno los nombres de quienes ocupar\u00e1n las direcciones nacionales del MTOP y la presidencia de la ANP"},"content":{"rendered":"<p><strong>Felipe Mart\u00edn (Transporte), Waverley Tejera (Transporte Ferroviario), Federico Magnone (Vialidad), Mart\u00edn Tierno (Arquitectura), Carlos Colacce (Hidrograf\u00eda), Felipe De los Santos Moreira (Topograf\u00eda), Pablo Genta y Alejandra Koch (ANP) acompa\u00f1ar\u00e1n a Etcheverry y Peris.<\/strong><!--more--><\/p>\n<p>https:\/\/www.subrayado.com.uy\/<\/p>\n<p>La futura ministra de Transporte y Obras P\u00fablicas, Luc\u00eda Etcheverry, y la subsecretaria Claudia Peris definieron los nombres de quienes ocupar\u00e1n las distintas direcciones nacionales de la cartera a partir del 1 de marzo.<br \/>\nYenny Merlo ser\u00e1 la directora general de Secretar\u00eda del MTOP. Es licenciada en Administraci\u00f3n y contadora p\u00fablica. Fue coordinadora general de la Oficina de Planeamiento y Presupuesto (OPP), y se desempe\u00f1\u00f3 en la ANEP, Correo y Corporaci\u00f3n Nacional para el Desarrollo (CND).<br \/>\nFelipe Mart\u00edn ser\u00e1 el director nacional de Transporte, cargo que ocup\u00f3 entre 2010 y 2020. Entre 2005 y 2010 fue asesor en transporte, y entre 1995 y 2005 fue director de Transporte de la Intendencia de Montevideo.<\/p>\n<p>Waverley Tejera ser\u00e1 el director nacional de Transporte Ferroviario. Es t\u00e9cnico en Administraci\u00f3n y diplomado en Transporte Ferroviario por la Universidad Nacional de Lan\u00fas de la Rep\u00fablica Argentina, con especializaciones en log\u00edstica y cadenas de suministro, planificaci\u00f3n y evaluaci\u00f3n de pol\u00edticas p\u00fablicas. Fue director de Transporte Ferroviario entre 2018 y 2020 y asesor del MTOP.<br \/>\nFederico Magnone ser\u00e1 el director nacional de Vialidad. Es ingeniero civil, especialista en pol\u00edtica y planificaci\u00f3n, planificaci\u00f3n estrat\u00e9gica y gesti\u00f3n de proyectos de desarrollo. Se desempe\u00f1\u00f3 como consultor en proyectos viales, de transporte, movilidad y gesti\u00f3n de residuos.<br \/>\nMart\u00edn Tierno ser\u00e1 el director nacional de Arquitectura. Desde 2010 es diputado por Durazno. En el Parlamento, presidi\u00f3 las comisiones de Transporte, Comunicaci\u00f3n y Obras P\u00fablicas y Legislaci\u00f3n del Trabajo (2012). Fue edil entre 2005 y 2010, miembro de la directiva de Sutel entre 2000 y 2005, e integrante de la Mesa Representativa del PIT-CNT entre 2003 y 2004.<br \/>\nCarlos Colacce ser\u00e1 el director nacional de Hidrograf\u00eda. Es ingeniero civil de la Universidad de la Rep\u00fablica. Fue asesor del Departamento de Desarrollo Ambiental de la Intendencia de Montevideo, secretario nacional de Ambiente, Agua y Cambio Clim\u00e1tico, director de la Corporaci\u00f3n Vial del Uruguay, presidente de OSE, ministro de Vivienda y presidente de la Unidad Alimentaria de Montevideo.<br \/>\nFelipe De los Santos Moreira ser\u00e1 el director nacional de Topograf\u00eda. Es arquitecto egresado de la Universidad de la Rep\u00fablica y se desempe\u00f1a como arquitecto en la Direcci\u00f3n de Arquitectura de Udelar.<br \/>\nEn tanto, el ingeniero civil Pablo Genta ser\u00e1 el presidente de la Administraci\u00f3n Nacional de Puertos (ANP). Fue subsecretario del MTOP entre 2010 y 2015 y director nacional de Transporte entre 2005 y 2009.<br \/>\nLa vicepresidenta de la ANP ser\u00e1 Alejandra Koch. Es especialista en administraci\u00f3n portuaria y gesti\u00f3n p\u00fablica con 42 a\u00f1os de experiencia en la funci\u00f3n p\u00fablica. Ingres\u00f3 a la ANP en 1982 y ha ocupado cargos como subgerenta del \u00c1rea Sistema Nacional de Puertos y jefa de Divisi\u00f3n de Recursos Materiales y Servicios. Desde 2020, es vocal de la ANP.<\/p>\n","protected":false},"excerpt":{"rendered":"<p>Felipe Mart\u00edn (Transporte), Waverley Tejera (Transporte Ferroviario), Federico Magnone (Vialidad), Mart\u00edn Tierno (Arquitectura), Carlos Colacce (Hidrograf\u00eda), Felipe De los Santos Moreira (Topograf\u00eda), Pablo Genta y Alejandra Koch (ANP) acompa\u00f1ar\u00e1n a Etcheverry y Peris.<\/p>\n","protected":false},"author":4,"featured_media":6362,"comment_status":"closed","ping_status":"closed","sticky":false,"template":"","format":"standard","meta":{"_monsterinsights_skip_tracking":false,"_monsterinsights_sitenote_active":false,"_monsterinsights_sitenote_note":"","_monsterinsights_sitenote_category":0,"footnotes":""},"categories":[5],"tags":[],"class_list":["post-6361","post","type-post","status-publish","format-standard","has-post-thumbnail","hentry","category-durazno"],"_links":{"self":[{"href":"https:\/\/paginacero.com.uy\/index.php?rest_route=\/wp\/v2\/posts\/6361","targetHints":{"allow":["GET"]}}],"collection":[{"href":"https:\/\/paginacero.com.uy\/index.php?rest_route=\/wp\/v2\/posts"}],"about":[{"href":"https:\/\/paginacero.com.uy\/index.php?rest_route=\/wp\/v2\/types\/post"}],"author":[{"embeddable":true,"href":"https:\/\/paginacero.com.uy\/index.php?rest_route=\/wp\/v2\/users\/4"}],"replies":[{"embeddable":true,"href":"https:\/\/paginacero.com.uy\/index.php?rest_route=%2Fwp%2Fv2%2Fcomments&post=6361"}],"version-history":[{"count":1,"href":"https:\/\/paginacero.com.uy\/index.php?rest_route=\/wp\/v2\/posts\/6361\/revisions"}],"predecessor-version":[{"id":6363,"href":"https:\/\/paginacero.com.uy\/index.php?rest_route=\/wp\/v2\/posts\/6361\/revisions\/6363"}],"wp:featuredmedia":[{"embeddable":true,"href":"https:\/\/paginacero.com.uy\/index.php?rest_route=\/wp\/v2\/media\/6362"}],"wp:attachment":[{"href":"https:\/\/paginacero.com.uy\/index.php?rest_route=%2Fwp%2Fv2%2Fmedia&parent=6361"}],"wp:term":[{"taxonomy":"category","embeddable":true,"href":"https:\/\/paginacero.com.uy\/index.php?rest_route=%2Fwp%2Fv2%2Fcategories&post=6361"},{"taxonomy":"post_tag","embeddable":true,"href":"https:\/\/paginacero.com.uy\/index.php?rest_route=%2Fwp%2Fv2%2Ftags&post=6361"}],"curies":[{"name":"wp","href":"https:\/\/api.w.org\/{rel}","templated":true}]}}