{"id":6358,"date":"2025-01-29T17:04:07","date_gmt":"2025-01-29T20:04:07","guid":{"rendered":"https:\/\/paginacero.com.uy\/?p=6358"},"modified":"2025-01-29T17:04:07","modified_gmt":"2025-01-29T20:04:07","slug":"primeras-llamadas-premios-de-70-000-a-450-000-pesos","status":"publish","type":"post","link":"https:\/\/paginacero.com.uy\/?p=6358","title":{"rendered":"Primeras Llamadas: premios de 70.000 a 450.000 pesos"},"content":{"rendered":"<p><strong>Durazno se prepara para recibir a miles de personas con los eventos de Febrero y Marzo, en el Parque de la Hispanidad, en el barrio Bertonasco y en la Sociedad Rural en Santa Bernardina.<\/strong><!--more--><\/p>\n<p align=\"left\"><span style=\"font-size: large;\"><strong><span style=\"color: #000000;\"><span style=\"font-family: Arial, sans-serif;\" data-olk-copy-source=\"MessageBody\">Viernes 7, S\u00e1bado 8 y Domingo 9 de febrero:<\/span><\/span><\/strong><span style=\"color: #000000;\"><span style=\"font-family: Arial, sans-serif;\">\u00a0<\/span><\/span><strong><span style=\"color: #000000;\"><span style=\"font-family: Arial, sans-serif;\">51\u00b0 Festival Nacional\u00a0<\/span><\/span><\/strong><strong><span style=\"color: #000000;\"><span style=\"font-family: Arial, sans-serif;\">e Internacional\u00a0<\/span><\/span><\/strong><strong><span style=\"color: #000000;\"><span style=\"font-family: Arial, sans-serif;\">de Folklore,\u00a0<\/span><\/span><\/strong><strong><span style=\"color: #000000;\"><span style=\"font-family: Arial, sans-serif;\">con entrada gratuita,<\/span><\/span><\/strong><span style=\"color: #000000;\"><span style=\"font-family: Arial, sans-serif;\">\u00a0y\u00a0<\/span><\/span><strong><span style=\"color: #000000;\"><span style=\"font-family: Arial, sans-serif;\">24<\/span><\/span><\/strong><strong><span style=\"color: #000000;\"><span style=\"font-family: Arial, sans-serif;\">t<\/span><\/span><\/strong><strong><span style=\"color: #000000;\"><span style=\"font-family: Arial, sans-serif;\">\u00b0 Encuentro Gaucho,\u00a0<\/span><\/span><\/strong><strong><span style=\"color: #000000;\"><span style=\"font-family: Arial, sans-serif;\">ambos<\/span><\/span><\/strong><span style=\"color: #000000;\"><span style=\"font-family: Arial, sans-serif;\">\u00a0en el Parque de la Hispanidad.<\/span><\/span><\/span><\/p>\n<p align=\"left\"><span style=\"font-size: large;\"><strong><span style=\"color: #000000;\"><span style=\"font-family: Arial, sans-serif;\">S\u00e1bado 15 de Febrero:<\/span><\/span><\/strong><span style=\"color: #000000;\"><span style=\"font-family: Arial, sans-serif;\">\u00a0<\/span><\/span><strong><span style=\"color: #000000;\"><span style=\"font-family: Arial, sans-serif;\">35<\/span><\/span><\/strong><strong><span style=\"color: #000000;\"><span style=\"font-family: Arial, sans-serif;\">a edici\u00f3n de las\u00a0<\/span><\/span><\/strong><strong><span style=\"color: #000000;\"><span style=\"font-family: Arial, sans-serif;\">Primeras Llamadas del Interior del Pa\u00eds<\/span><\/span><\/strong><span style=\"color: #000000;\"><span style=\"font-family: Arial, sans-serif;\">, en el\u00a0<\/span><\/span><span style=\"color: #000000;\"><span style=\"font-family: Arial, sans-serif;\">coraz\u00f3n del\u00a0<\/span><\/span><span style=\"color: #000000;\"><span style=\"font-family: Arial, sans-serif;\">barrio Bertonasco.<\/span><\/span><\/span><\/p>\n<p align=\"left\"><span style=\"color: #000000; font-size: large;\"><span style=\"font-family: Arial, sans-serif;\"><b>Del 6 al 9 de Marzo,<\/b>\u00a0<b>111a edici\u00f3n de la Expo Durazno, evento conocido como la \u201cantesala del Prado\u201d, organizado por la Sociedad Rural de Durazno (SRD)<\/b><\/span><\/span><\/p>\n<p align=\"left\"><span style=\"color: #000000; font-size: large;\"><span style=\"font-family: Arial, sans-serif;\">D\u00edas pasados en Conferencia de Prensa, la Intendencia de Durazno, dio a conocer los detalles del Festival, Encuentro Gaucho, Carnaval y Primeras Llamadas del Interior del Pa\u00eds.<\/span><\/span><\/p>\n<p align=\"left\"><span style=\"color: #000000; font-size: large;\"><span style=\"font-family: Arial, sans-serif;\">Participaron\u00a0<strong><b>Sonia Mart\u00ednez,<\/b><\/strong><strong>\u00a0<\/strong>Coordinadora General de la IDD;\u00a0<strong><b>Dra. Adriana \u00c1lvarez,<\/b><\/strong><strong>\u00a0<\/strong>Directora de Administraci\u00f3n;\u00a0<strong><b>Walter Fumero<\/b><\/strong><strong>,\u00a0<\/strong>Coordinador de Cultura y\u00a0<b>A<\/b><strong><b>ndr\u00e9s Viana Nafouge<\/b><\/strong><strong>,<br \/>\n<\/strong><\/span><\/span><\/p>\n<p align=\"left\"><span style=\"color: #000000; font-size: large;\"><span style=\"font-family: Arial, sans-serif;\">Coordinador de Turismo.<\/span><\/span><\/p>\n<p align=\"left\"><span style=\"color: #000000; font-size: large;\">\u201c<span style=\"font-family: Arial, sans-serif;\"><b>Va<\/b>mos a comenzar dando las fechas. El s\u00e1bado primero de febrero es el desfile inaugural del carnaval; el s\u00e1bado 15 tenemos la 35 edici\u00f3n de las Primeras Llamadas del Interior; el mi\u00e9rcoles 19\u00a0<\/span><\/span><\/p>\n<p align=\"left\"><span style=\"color: #000000; font-size: large;\"><span style=\"font-family: Arial, sans-serif;\">de febrero un escenario de Carnaval en el Parque Bicentenario, y el s\u00e1bado 28 el entierro del Carnaval\u201d, informaron los voceros, resaltando que todas estas actividades son gratuitas. \u201cEste a\u00f1o\u00a0<\/span><\/span><\/p>\n<p align=\"left\"><span style=\"color: #000000; font-size: large;\"><span style=\"font-family: Arial, sans-serif;\">ahora no va a haber venta de sillas sino que va a ser gratuito; la poblaci\u00f3n va a poder colocarse en el recorrido\u201d, se\u00f1alaron,indicando que en este evento, \u201ceste a\u00f1o tenemos un incremento\u00a0<\/span><\/span><\/p>\n<p align=\"left\"><span style=\"color: #000000; font-size: large;\"><span style=\"font-family: Arial, sans-serif;\">importante en lo que son los premios\u201d.<\/span><\/span><\/p>\n<p align=\"left\"><span style=\"color: #000000; font-size: large;\">\u201c<span style=\"font-family: Arial, sans-serif;\">El \u2018piso\u2019, queda fijado en 70 mil pesos; el primer premio son 450 mil pesos; el segundo premio 370 mil; el tercer premio 330 mil; el cuarto premio 200 mil; el quinto premio 170 mil; del sexto al\u00a0<\/span><\/span><\/p>\n<p align=\"left\"><span style=\"color: #000000; font-size: large;\"><span style=\"font-family: Arial, sans-serif;\">d\u00e9cimo premio, 100 mil pesos cada uno\u201d, indicaron, agregando que las menciones especiales quedaron establecidas de la siguiente manera: Cuerda de tambores 60 mil pesos; Cuerpo de baile 45<\/span><\/span><\/p>\n<p align=\"left\"><span style=\"color: #000000; font-size: large;\"><span style=\"font-family: Arial, sans-serif;\">\u00a0mil; Cuadros, s\u00edmbolos y banderas 25 mil; Mejor Vedette 20 mil pesos; Mejor Bailar\u00edn 20 mil; Mejor gramillero, Mejor Mam\u00e1 Vieja, Mejor Escobero y Portaestandarte 15 mil pesos cada uno\u201d.<\/span><\/span><\/p>\n<p align=\"left\"><span style=\"color: #000000; font-size: large;\">\u201c<span style=\"font-family: Arial, sans-serif;\">Les recordamos y repetimos que esto hasta el 2023 no se pagaba; se pag\u00f3 el 2024 por primera vez y 2025 con los valores que tuvo un incremento importante\u201d.<\/span><\/span><\/p>\n<p align=\"left\"><span style=\"color: #000000; font-size: large;\"><span style=\"font-family: Arial, sans-serif;\"><b>Vecinos tendr\u00e1n prioridad en sus espacios<\/b><\/span><\/span><\/p>\n<p align=\"left\"><span style=\"color: #000000; font-size: large;\"><span style=\"font-family: Arial, sans-serif;\">La informaci\u00f3n brindada destaca adem\u00e1s que \u201cse van a poder establecer sillas y van a tener prioridad los vecinos frentistas que a partir del viernes a las 00:00 horas podr\u00e1n comenzar a<\/span><\/span><\/p>\n<p align=\"left\"><span style=\"color: #000000; font-size: large;\"><span style=\"font-family: Arial, sans-serif;\">colocarlas;\u00a0 \u00fanicamente sillas, ning\u00fan otro objeto; ni cajones, ni cintas\u201d.<\/span><\/span><\/p>\n<p align=\"left\"><span style=\"color: #000000; font-size: large;\"><span style=\"font-family: Arial, sans-serif;\">Posteriormente se podr\u00e1n comenzar a colocar sillas por parte de otras personas, que no sean vecinos del lugar, \u201ca partir del s\u00e1bado a las 00:00 tambi\u00e9n pueden colocar sillas en todo el recorrido,\u00a0<\/span><\/span><\/p>\n<p align=\"left\"><span style=\"color: #000000; font-size: large;\"><span style=\"font-family: Arial, sans-serif;\">sin obstaculizar, no podr\u00e1 haber ning\u00fan impedimento de circulaci\u00f3n. Si un vecino frentista tiene sillas en su casa y no son de \u00e9l, no las coloc\u00f3 \u00e9l, puede venir a hacer el reclamo y la Intendencia va\u00a0<\/span><\/span><\/p>\n<p align=\"left\"><span style=\"color: #000000; font-size: large;\"><span style=\"font-family: Arial, sans-serif;\">a poder retirar todo lo que el due\u00f1o de esa casa nos diga que no es de ellos\u201d.<\/span><\/span><\/p>\n<p><span style=\"color: #000000; font-size: large;\"><span style=\"font-family: Arial, sans-serif;\">Los voceros informaron luego que tal como se implement\u00f3 el a\u00f1o pasado, habr\u00e1 un lugar para personas que tienen dificultades motrices, zona que ser\u00e1 identificada y en la que no se podr\u00e1\u00a0<\/span><\/span><\/p>\n<p><span style=\"color: #000000; font-size: large;\"><span style=\"font-family: Arial, sans-serif;\">colocar elemento alguno.<\/span><\/span><\/p>\n<p><span style=\"color: #000000; font-size: large;\"><span style=\"font-family: Arial, sans-serif;\">La organizaci\u00f3n confirm\u00f3 que hay<b>\u00a02<\/b><b>0 comparsas inscri<\/b><b>p<\/b><b>tas<\/b>, provenientes de distintos puntos del pa\u00eds, las cuatro de Durazno, despu\u00e9s tenemos de Las Piedras, Fray Bentos, Paysand\u00fa, Young,<\/span><\/span><\/p>\n<p><span style=\"color: #000000; font-size: large;\"><span style=\"font-family: Arial, sans-serif;\">\u00a0Trinidad, Rosario, Carmelo, Paysand\u00fa, San Jos\u00e9, Maldonado, Mercedes\u201d.<\/span><\/span><\/p>\n<p><span style=\"color: #000000; font-size: large;\"><span style=\"font-family: Arial, sans-serif;\"><b>S\u00e1bado 1\u00b0 comienza el carnaval duraznense<\/b><\/span><\/span><\/p>\n<p><span style=\"color: #000000; font-size: large;\">\u201c<span style=\"font-family: Arial, sans-serif;\">El pr\u00f3ximo s\u00e1bado 1\u00b0 de Febrero, tenemos el desfile inaugural, a partir de la hora 21:00, por calle Manuel Oribe, desde calle Galarza hasta Batlle. En Galarza comienza el desfile hasta calle Batlle<\/span><\/span><\/p>\n<p><span style=\"color: #000000; font-size: large;\"><span style=\"font-family: Arial, sans-serif;\">y Ord\u00f3\u00f1ez\u201d, agregando que las zonas que comprenden Basilio Mu\u00f1oz, Zorrilla de San Mart\u00edn y Eusebio P\u00edriz van a estar afectadas al evento las horas previas\u201d, \u201clas comparsas est\u00e1n citadas a\u00a0<\/span><\/span><\/p>\n<p><span style=\"color: #000000; font-size: large;\"><span style=\"font-family: Arial, sans-serif;\">las 20:00 horas, para poder ser puntual en la largada, y en el caso de que alguna comparsa no se presente en tiempo y forma, va a tener tambi\u00e9n las consecuencias en el pago directamente<\/span><\/span><\/p>\n<p><span style=\"color: #000000; font-size: large;\"><span style=\"font-family: Arial, sans-serif;\">\u00a0despu\u00e9s, por un tema de respeto al p\u00fablico, justamente, que va a estar instalado all\u00ed\u201d.<\/span><\/span><\/p>\n<p><span style=\"color: #000000; font-size: large;\"><span style=\"font-family: Arial, sans-serif;\">Participar\u00e1n tambi\u00e9n el carro aleg\u00f3rico de Julio Vald\u00e9z; cabezudos, las murgas Los Parditos; La Vermouth; La Desafinada; las comparsas lubolas Kimbund\u00fa; Afrocan, Lonjas del Varona y\u00a0<\/span><\/span><\/p>\n<p><span style=\"color: #000000; font-size: large;\"><span style=\"font-family: Arial, sans-serif;\">Mandela y participa invitada especialmente desde Montevideo, la campeona nacional 2024, que es la Scola Do Samba Barrio Cerrito, con 150 integrantes. Esta escuela este a\u00f1o particip\u00f3 muy bien<\/span><\/span><\/p>\n<p><span style=\"color: #000000; font-size: large;\"><span style=\"font-family: Arial, sans-serif;\">\u00a0y est\u00e1 por definir, entre el primero y el segundo premio en Montevideo\u201d.<\/span><\/span><\/p>\n<p><span style=\"color: #000000; font-size: large;\"><span style=\"font-family: Arial, sans-serif;\">La actividad continuar\u00e1 el d\u00eda\u00a0<b>Mi\u00e9rcoles 19 de Febrero en el Parque Bicentenario,<\/b>\u00a0\u201cva a ser un espect\u00e1culo netamente murguero, con las murgas locales y estamos esperando la confirmaci\u00f3n<\/span><\/span><\/p>\n<p><span style=\"color: #000000; font-size: large;\"><span style=\"font-family: Arial, sans-serif;\">\u00a0de alg\u00fan otro espect\u00e1culo m\u00e1s popular, que vamos a tratar que llegue de alg\u00fan otro departamento del pa\u00eds, para complementar lo que son las murgas de ac\u00e1\u201d.<\/span><\/span><\/p>\n<p><span style=\"color: #000000; font-size: large;\"><span style=\"font-family: Arial, sans-serif;\">El entierro del Carnaval ser\u00e1 el 28 de Febrero, a la hora 21:00<\/span><\/span><\/p>\n<p><span style=\"color: #000000; font-size: large;\"><span style=\"font-family: Arial, sans-serif;\"><b>Reglamento para ensayos de comparsas<\/b><\/span><\/span><\/p>\n<p><span style=\"color: #000000; font-size: large;\"><span style=\"font-family: Arial, sans-serif;\">Los organizadores recordaron la vigencia de una reglamentaci\u00f3n por parte de la Junta Departamental de Durazno, \u201cen donde se regulan determinadas caracter\u00edsticas para poder, tanto que los<\/span><\/span><\/p>\n<p><span style=\"color: #000000; font-size: large;\"><span style=\"font-family: Arial, sans-serif;\">\u00a0vecinos como las comparsas puedan ensayar de forma tranquila, ordenada, y los vecinos tampoco verse afectados. El fin de semana pasado se comenz\u00f3 con los controles, hay una persona<\/span><\/span><\/p>\n<p><span style=\"color: #000000; font-size: large;\"><span style=\"font-family: Arial, sans-serif;\">\u00a0infectora designada a tales efectos y pedimos la colaboraci\u00f3n de todos para que esto se pueda llevar de la mejor manera posible, organizada y respetuosa\u201d, se indic\u00f3.<\/span><\/span><\/p>\n","protected":false},"excerpt":{"rendered":"<p>Durazno se prepara para recibir a miles de personas con los eventos de Febrero y Marzo, en el Parque de la Hispanidad, en el barrio Bertonasco y en la Sociedad Rural en Santa Bernardina.<\/p>\n","protected":false},"author":4,"featured_media":6359,"comment_status":"closed","ping_status":"closed","sticky":false,"template":"","format":"standard","meta":{"_monsterinsights_skip_tracking":false,"_monsterinsights_sitenote_active":false,"_monsterinsights_sitenote_note":"","_monsterinsights_sitenote_category":0,"footnotes":""},"categories":[5],"tags":[],"class_list":["post-6358","post","type-post","status-publish","format-standard","has-post-thumbnail","hentry","category-durazno"],"_links":{"self":[{"href":"https:\/\/paginacero.com.uy\/index.php?rest_route=\/wp\/v2\/posts\/6358","targetHints":{"allow":["GET"]}}],"collection":[{"href":"https:\/\/paginacero.com.uy\/index.php?rest_route=\/wp\/v2\/posts"}],"about":[{"href":"https:\/\/paginacero.com.uy\/index.php?rest_route=\/wp\/v2\/types\/post"}],"author":[{"embeddable":true,"href":"https:\/\/paginacero.com.uy\/index.php?rest_route=\/wp\/v2\/users\/4"}],"replies":[{"embeddable":true,"href":"https:\/\/paginacero.com.uy\/index.php?rest_route=%2Fwp%2Fv2%2Fcomments&post=6358"}],"version-history":[{"count":1,"href":"https:\/\/paginacero.com.uy\/index.php?rest_route=\/wp\/v2\/posts\/6358\/revisions"}],"predecessor-version":[{"id":6360,"href":"https:\/\/paginacero.com.uy\/index.php?rest_route=\/wp\/v2\/posts\/6358\/revisions\/6360"}],"wp:featuredmedia":[{"embeddable":true,"href":"https:\/\/paginacero.com.uy\/index.php?rest_route=\/wp\/v2\/media\/6359"}],"wp:attachment":[{"href":"https:\/\/paginacero.com.uy\/index.php?rest_route=%2Fwp%2Fv2%2Fmedia&parent=6358"}],"wp:term":[{"taxonomy":"category","embeddable":true,"href":"https:\/\/paginacero.com.uy\/index.php?rest_route=%2Fwp%2Fv2%2Fcategories&post=6358"},{"taxonomy":"post_tag","embeddable":true,"href":"https:\/\/paginacero.com.uy\/index.php?rest_route=%2Fwp%2Fv2%2Ftags&post=6358"}],"curies":[{"name":"wp","href":"https:\/\/api.w.org\/{rel}","templated":true}]}}