{"id":6352,"date":"2025-01-28T16:57:25","date_gmt":"2025-01-28T19:57:25","guid":{"rendered":"https:\/\/paginacero.com.uy\/?p=6352"},"modified":"2025-01-28T16:57:25","modified_gmt":"2025-01-28T19:57:25","slug":"expo-durazno-en-marzo-llega-la-antesala-del-prado","status":"publish","type":"post","link":"https:\/\/paginacero.com.uy\/?p=6352","title":{"rendered":"Expo Durazno: en Marzo llega la \u00abantesala del Prado\u00bb"},"content":{"rendered":"<p><strong>Del 6 al 9 de Marzo de 2025, la\u00a0Sociedad Rural de Durazno (SRD)\u00a0estar\u00e1 realizando en su local \u00abSanta Bernardina\u00bb la\u00a0111 edici\u00f3n de la Expo Durazno,\u00a0evento que congrega lo m\u00e1s selecto de la caba\u00f1a nacional y que ofrece adem\u00e1s actividades para toda la familia.<\/strong><!--more--><\/p>\n<div><span style=\"font-size: large;\" data-olk-copy-source=\"MessageBody\">Conocida como la\u00a0<b>\u00abantesala del Prado\u00bb,<\/b>\u00a0dado que los ejemplares que se presentan en pista en Durazno, provenientes de las mejores caba\u00f1as y establecimientos pecuarios del pa\u00eds, participan luego en su mayor\u00eda en el Prado de Montevideo, promete ser una vez m\u00e1s un gran acontecimiento, para el cual la instituci\u00f3n viene trabajando desde hace varios meses.<br \/>\n<\/span><\/div>\n<div><span style=\"font-size: large;\">Es por excelencia la exposici\u00f3n y venta de la gen\u00e9tica animal de reproductores bovinos, ovinos y equinos m\u00e1s importante del interior del pa\u00eds.<\/span><\/div>\n<div><span style=\"font-size: large;\">Contar\u00e1 con la participaci\u00f3n de calificados Jurados especializados en cada una de las razas, pero adem\u00e1s de los espec\u00edfico para el sector ganadero, habr\u00e1 otro aditamentos, como conferencias sobre temas del momento para el sector; expo canina, muestra artesanal y comercial, gastronom\u00eda, tambi\u00e9n habr\u00e1 un escenario para una serie de espect\u00e1culos art\u00edsticos musicales, con las actuaciones del\u00a0<b>Grupo de Danzas ATR; Radiobanda; Wendy Romero; Bailanteros y La Pen\u00faltima.<\/b><\/span><\/div>\n<div><span style=\"font-size: large;\">Destaca adem\u00e1s las<b>\u00a0pruebas de rienda<\/b>\u00a0y las ventas post exposici\u00f3n en la antigua pista del local Santa Bernardina.<\/span><\/div>\n<div><span style=\"font-size: large;\">El producido por la venta de entradas ser\u00e1 a beneficio del\u00a0<b>Plan Odontol\u00f3gico,<\/b>\u00a0que la SRD, lleva adelante desde hace varios a\u00f1os.<\/span><\/div>\n<div><span style=\"font-size: large;\">La organizaci\u00f3n es de la<b>\u00a0Sociedad Rural de Durazno,<\/b>\u00a0con el apoyo de la<b>\u00a0Intendencia de Durazno\u00a0<\/b>y de empresas e instituciones.<\/span><\/div>\n<div><span style=\"font-size: large;\">Expo Durazno es como lo dice su slogan\u00a0<b>\u00abUn Paseo para toda la Familia\u00bb.<\/b><\/span><\/div>\n","protected":false},"excerpt":{"rendered":"<p>Del 6 al 9 de Marzo de 2025, la\u00a0Sociedad Rural de Durazno (SRD)\u00a0estar\u00e1 realizando en su local \u00abSanta Bernardina\u00bb la\u00a0111 edici\u00f3n de la Expo Durazno,\u00a0evento que congrega lo m\u00e1s selecto de la caba\u00f1a nacional y que ofrece adem\u00e1s actividades para toda la familia.<\/p>\n","protected":false},"author":4,"featured_media":6353,"comment_status":"closed","ping_status":"closed","sticky":false,"template":"","format":"standard","meta":{"footnotes":""},"categories":[5],"tags":[],"class_list":["post-6352","post","type-post","status-publish","format-standard","has-post-thumbnail","hentry","category-durazno"],"_links":{"self":[{"href":"https:\/\/paginacero.com.uy\/index.php?rest_route=\/wp\/v2\/posts\/6352","targetHints":{"allow":["GET"]}}],"collection":[{"href":"https:\/\/paginacero.com.uy\/index.php?rest_route=\/wp\/v2\/posts"}],"about":[{"href":"https:\/\/paginacero.com.uy\/index.php?rest_route=\/wp\/v2\/types\/post"}],"author":[{"embeddable":true,"href":"https:\/\/paginacero.com.uy\/index.php?rest_route=\/wp\/v2\/users\/4"}],"replies":[{"embeddable":true,"href":"https:\/\/paginacero.com.uy\/index.php?rest_route=%2Fwp%2Fv2%2Fcomments&post=6352"}],"version-history":[{"count":1,"href":"https:\/\/paginacero.com.uy\/index.php?rest_route=\/wp\/v2\/posts\/6352\/revisions"}],"predecessor-version":[{"id":6354,"href":"https:\/\/paginacero.com.uy\/index.php?rest_route=\/wp\/v2\/posts\/6352\/revisions\/6354"}],"wp:featuredmedia":[{"embeddable":true,"href":"https:\/\/paginacero.com.uy\/index.php?rest_route=\/wp\/v2\/media\/6353"}],"wp:attachment":[{"href":"https:\/\/paginacero.com.uy\/index.php?rest_route=%2Fwp%2Fv2%2Fmedia&parent=6352"}],"wp:term":[{"taxonomy":"category","embeddable":true,"href":"https:\/\/paginacero.com.uy\/index.php?rest_route=%2Fwp%2Fv2%2Fcategories&post=6352"},{"taxonomy":"post_tag","embeddable":true,"href":"https:\/\/paginacero.com.uy\/index.php?rest_route=%2Fwp%2Fv2%2Ftags&post=6352"}],"curies":[{"name":"wp","href":"https:\/\/api.w.org\/{rel}","templated":true}]}}