{"id":6325,"date":"2025-01-06T16:51:44","date_gmt":"2025-01-06T19:51:44","guid":{"rendered":"https:\/\/paginacero.com.uy\/?p=6325"},"modified":"2025-01-06T16:51:44","modified_gmt":"2025-01-06T19:51:44","slug":"6-de-enero-de-1970-hace-55-anos-nacia-mandioca","status":"publish","type":"post","link":"https:\/\/paginacero.com.uy\/?p=6325","title":{"rendered":"6 de Enero de 1970: hace 55 a\u00f1os nac\u00eda \u00abMandioca\u00bb"},"content":{"rendered":"<p><strong>El programa que se emit\u00eda en la antigua CW 25 Radio Durazno, comenz\u00f3 a emitirse el 6 de Enero de 1970, rememor\u00f3 Dakar de Campo, por entonces y hasta ahora (en otro medio de comunicaci\u00f3n), conductor de la reconocida\u00a0propuesta musical.<\/strong><!--more--><\/p>\n<div><span style=\"font-size: large;\" data-olk-copy-source=\"MessageBody\">\u00abNo es un adi\u00f3s, no es una despedida. Gracias; ustedes construyeron, mi vida y mi carrera. Uno cree que se la sabe todas en la vida y en el laburo. Que tiene todo controlado y no es as\u00ed. Mandioca. no es un programa de radio nada m\u00e1s. De haber formado una familia virtual con ustedes de haberme metido en sus casas, en sus livings, en sus cocinas, en sus cuartos; de haber acompa\u00f1ado, buenos y malos momentos; buenas y malas noticias;\u00a0<\/span>estudios; una rica comida o lo poco que hab\u00eda en una mesa.\u00a0Ustedes de a poco me metieron en sus casas y uno no se da cuenta hasta que pasa esto\u00bb.<\/div>\n<div><span style=\"font-size: large;\">\u00ab<\/span>Uno tiene que tomar distancia, para ver el cari\u00f1o de los otros. La cantidad de mensajes que agradezco, tanto en las redes sociales, como en WhatsApp son impresionantes,\u00a0<b>por las muestras de cari\u00f1o y de agradecimiento de ustedes hacia m\u00ed,<\/b>\u00a0que no entiendo, porque yo estoy agradecido a ustedes, porque Mandioca fue y es lo que es, gracias a ustedes. Acompa\u00f1\u00e9 a varias generaciones, creo fueron cuatro, que a\u00fan siguen disfrutando y recordando aquellos a\u00f1os de su juventud, agradecido por haber hecho de Mandioca el preferido; el cl\u00e1sico de las tardes, el fen\u00f3meno radial que ustedes crearon, pero no es una despedida. S\u00ed lo es para la radio por aire, porque creo que hoy en el mundo de las comunicaciones hay que avanzar y yo quiero avanzar con ustedes, quiero que ustedes con Mandioca y lleguen a otros lugares, a lugares impensables, usando mares y oc\u00e9anos. Gracias, ustedes construyeron mi carrera y mi vida.\u00a0<b>Mis hijas nacieron y est\u00e1n creciendo junto a Mandioca<\/b>. A veces es dif\u00edcil acostumbrarse a los avances, pero juntos los vamos a lograr. El comercio, que muchas veces quiere publicitar no puede por los costos tan caros de la publicidad, pero ac\u00e1 en Mandioca podr\u00e1n hacerlo por mucho menos de los que a ustedes se le han ofrecido.\u00a0Radio 1 es una radio para todos\u00bb, dijo el popular comunicador duraznense.<\/div>\n","protected":false},"excerpt":{"rendered":"<p>El programa que se emit\u00eda en la antigua CW 25 Radio Durazno, comenz\u00f3 a emitirse el 6 de Enero de 1970, rememor\u00f3 Dakar de Campo, por entonces y hasta ahora (en otro medio de comunicaci\u00f3n), conductor de la reconocida\u00a0propuesta musical.<\/p>\n","protected":false},"author":4,"featured_media":6326,"comment_status":"closed","ping_status":"closed","sticky":false,"template":"","format":"standard","meta":{"footnotes":""},"categories":[5],"tags":[],"class_list":["post-6325","post","type-post","status-publish","format-standard","has-post-thumbnail","hentry","category-durazno"],"_links":{"self":[{"href":"https:\/\/paginacero.com.uy\/index.php?rest_route=\/wp\/v2\/posts\/6325","targetHints":{"allow":["GET"]}}],"collection":[{"href":"https:\/\/paginacero.com.uy\/index.php?rest_route=\/wp\/v2\/posts"}],"about":[{"href":"https:\/\/paginacero.com.uy\/index.php?rest_route=\/wp\/v2\/types\/post"}],"author":[{"embeddable":true,"href":"https:\/\/paginacero.com.uy\/index.php?rest_route=\/wp\/v2\/users\/4"}],"replies":[{"embeddable":true,"href":"https:\/\/paginacero.com.uy\/index.php?rest_route=%2Fwp%2Fv2%2Fcomments&post=6325"}],"version-history":[{"count":1,"href":"https:\/\/paginacero.com.uy\/index.php?rest_route=\/wp\/v2\/posts\/6325\/revisions"}],"predecessor-version":[{"id":6327,"href":"https:\/\/paginacero.com.uy\/index.php?rest_route=\/wp\/v2\/posts\/6325\/revisions\/6327"}],"wp:featuredmedia":[{"embeddable":true,"href":"https:\/\/paginacero.com.uy\/index.php?rest_route=\/wp\/v2\/media\/6326"}],"wp:attachment":[{"href":"https:\/\/paginacero.com.uy\/index.php?rest_route=%2Fwp%2Fv2%2Fmedia&parent=6325"}],"wp:term":[{"taxonomy":"category","embeddable":true,"href":"https:\/\/paginacero.com.uy\/index.php?rest_route=%2Fwp%2Fv2%2Fcategories&post=6325"},{"taxonomy":"post_tag","embeddable":true,"href":"https:\/\/paginacero.com.uy\/index.php?rest_route=%2Fwp%2Fv2%2Ftags&post=6325"}],"curies":[{"name":"wp","href":"https:\/\/api.w.org\/{rel}","templated":true}]}}