{"id":6319,"date":"2025-01-06T16:45:21","date_gmt":"2025-01-06T19:45:21","guid":{"rendered":"https:\/\/paginacero.com.uy\/?p=6319"},"modified":"2025-01-06T16:45:21","modified_gmt":"2025-01-06T19:45:21","slug":"camping-duraznense-destaca-por-un-servicio-no-frecuente","status":"publish","type":"post","link":"https:\/\/paginacero.com.uy\/?p=6319","title":{"rendered":"Camping duraznense destaca por un servicio no frecuente"},"content":{"rendered":"<p><strong>El\u00a0Camping de Durazno \u00ab33 Orientales\u00bb,\u00a0viene registrando una importante afluencia de p\u00fablico, con presencia de duraznenses y visitantes de otros puntos del pa\u00eds.<\/strong><!--more--><\/p>\n<p align=\"left\"><span style=\"color: #000000; font-size: large;\"><span style=\"font-family: Arial, sans-serif;\" data-olk-copy-source=\"MessageBody\">Al citado\u00a0<\/span><\/span>paseo a orillas del r\u00edo Yi, se de le denomina<b>\u00a0\u00abcamping organizado\u00bb<\/b>, debido a los servicios generales con los que cuenta, siendo de los pocos -sino el \u00fanico en todo el pa\u00eds- que dispone de\u00a0<b>saneamiento\u00a0<\/b>en sus instalaciones de uso masivo,\u00a0algo esencial para la sanidad de quienes lo utilizan.<\/p>\n<p align=\"left\">Adem\u00e1s de disponer de\u00a0<b>energ\u00eda el\u00e9ctrica provista por la IDD;<\/b>\u00a0<b>bater\u00edas de ba\u00f1os, ducheros\u00a0<\/b>y espacios para<b>\u00a0lavado de ropa,<\/b>\u00a0que junto a<b>\u00a0parrilleros<\/b>\u00a0en todos los sectores (A, B y C);\u00a0<b>m\u00f3dulos comerciales, artesan\u00edas, juegos infantiles,<\/b>\u00a0<b>quinchos\u00a0<\/b>de uso familiar o grupos de amigos;<b>\u00a0calles internas asfaltadas,<\/b>\u00a0la playa\u00a0<b>El Sauzal<\/b>, con servicio de\u00a0<b>personal Guardavida<\/b>,\u00a0<b>botes y canoas,<\/b>\u00a0<b>caminero\u00a0de<\/b>\u00a0<b>acceso inclusivo\u00a0<\/b>desde el arena, hasta la orilla del Yi; el esplendor del\u00a0<b>monte aut\u00f3ctono<\/b>\u00a0(o monte ind\u00edgena), frecuencias de\u00a0<b>\u00f3mnibus urbano; atenci\u00f3n m\u00e9dica y puesto de vigilancia policial<\/b>, hacen del lugar uno de los preferidos por los turistas y tambi\u00e9n por el p\u00fablico local.<\/p>\n<p align=\"left\">El\u00a0<b>Parador \u00abEnrique Hugarte Izcu\u00e9\u00bb,<\/b>\u00a0atiende en horario extendido ofreciendo gastronom\u00eda, tragos y m\u00fasica.<\/p>\n<p align=\"left\"><span style=\"color: #000000; font-size: large;\"><span style=\"font-family: Arial, sans-serif;\">D\u00edas pasados la Intendencia de Durazno, dio a conocer las nuevas tarifas, vigentes desde el 1\u00b0 de Enero 2025, siendo para las distintas \u00e1reas de parcelas las siguientes:<\/span><\/span><\/p>\n<p align=\"left\"><span style=\"color: #000000; font-size: large;\"><span style=\"font-family: Arial, sans-serif;\"><b>Zona A:\u00a0<\/b>Diario\u00a0$ 389;\u00a0Semanal\u00a0$ 2363;\u00a0Quincenal\u00a0$ 3624;\u00a0Mensual\u00a0$ 6354<br \/>\n<\/span><\/span><\/p>\n<p align=\"left\"><span style=\"color: #000000; font-size: large;\"><span style=\"font-family: Arial, sans-serif;\"><b>Zona B:\u00a0<\/b>Diario\u00a0$ 389;\u00a0semanal\u00a0$ 1654;\u00a0Quincenal\u00a0$ 2531;\u00a0Mensual\u00a0$ 4516<\/span><\/span><\/p>\n<p align=\"left\"><span style=\"color: #000000; font-size: large;\"><span style=\"font-family: Arial, sans-serif;\"><b>Zona C:\u00a0<\/b>Diario\u00a0$ 389;\u00a0Semanal\u00a0$ 1418;\u00a0Quincenal\u00a0$ 2206;\u00a0Mensual\u00a0$ 3308<\/span><\/span><\/p>\n<p align=\"left\"><span style=\"color: #000000; font-size: large;\"><span style=\"font-family: Arial, sans-serif;\"><b>Adicionales por d\u00eda:\u00a0<\/b><\/span><\/span><b>Alquiler de Mesas<\/b>\u00a0$ 331;\u00a0<b>Alquiler de Quinchos<\/b>\u00a0$ 604;\u00a0<b>Alquiler de Parrillero<\/b>s $ 389<\/p>\n","protected":false},"excerpt":{"rendered":"<p>El\u00a0Camping de Durazno \u00ab33 Orientales\u00bb,\u00a0viene registrando una importante afluencia de p\u00fablico, con presencia de duraznenses y visitantes de otros puntos del pa\u00eds.<\/p>\n","protected":false},"author":4,"featured_media":6320,"comment_status":"closed","ping_status":"closed","sticky":false,"template":"","format":"standard","meta":{"footnotes":""},"categories":[5],"tags":[],"class_list":["post-6319","post","type-post","status-publish","format-standard","has-post-thumbnail","hentry","category-durazno"],"_links":{"self":[{"href":"https:\/\/paginacero.com.uy\/index.php?rest_route=\/wp\/v2\/posts\/6319","targetHints":{"allow":["GET"]}}],"collection":[{"href":"https:\/\/paginacero.com.uy\/index.php?rest_route=\/wp\/v2\/posts"}],"about":[{"href":"https:\/\/paginacero.com.uy\/index.php?rest_route=\/wp\/v2\/types\/post"}],"author":[{"embeddable":true,"href":"https:\/\/paginacero.com.uy\/index.php?rest_route=\/wp\/v2\/users\/4"}],"replies":[{"embeddable":true,"href":"https:\/\/paginacero.com.uy\/index.php?rest_route=%2Fwp%2Fv2%2Fcomments&post=6319"}],"version-history":[{"count":1,"href":"https:\/\/paginacero.com.uy\/index.php?rest_route=\/wp\/v2\/posts\/6319\/revisions"}],"predecessor-version":[{"id":6321,"href":"https:\/\/paginacero.com.uy\/index.php?rest_route=\/wp\/v2\/posts\/6319\/revisions\/6321"}],"wp:featuredmedia":[{"embeddable":true,"href":"https:\/\/paginacero.com.uy\/index.php?rest_route=\/wp\/v2\/media\/6320"}],"wp:attachment":[{"href":"https:\/\/paginacero.com.uy\/index.php?rest_route=%2Fwp%2Fv2%2Fmedia&parent=6319"}],"wp:term":[{"taxonomy":"category","embeddable":true,"href":"https:\/\/paginacero.com.uy\/index.php?rest_route=%2Fwp%2Fv2%2Fcategories&post=6319"},{"taxonomy":"post_tag","embeddable":true,"href":"https:\/\/paginacero.com.uy\/index.php?rest_route=%2Fwp%2Fv2%2Ftags&post=6319"}],"curies":[{"name":"wp","href":"https:\/\/api.w.org\/{rel}","templated":true}]}}