{"id":6302,"date":"2024-12-23T11:42:34","date_gmt":"2024-12-23T14:42:34","guid":{"rendered":"https:\/\/paginacero.com.uy\/?p=6302"},"modified":"2024-12-23T11:42:34","modified_gmt":"2024-12-23T14:42:34","slug":"vivio-en-la-calle-con-sus-hijas-hoy-tiene-techo-propio","status":"publish","type":"post","link":"https:\/\/paginacero.com.uy\/?p=6302","title":{"rendered":"Vivi\u00f3 en la calle con sus hijas, hoy tiene techo propio"},"content":{"rendered":"<p><strong>La joven mam\u00e1,\u00a0Evelyn Budes,\u00a0<span id=\"geom_inter_1734964852490_82_14\">no daba cr\u00e9dito y la alegr\u00eda la invad\u00eda hasta las l\u00e1grimas el pasado d\u00eda Viernes 20 de diciembre, cuando pudo al fin sostener en sus sus manos las llaves de la casa propia, que no duda en se\u00f1alar que \u00abel d\u00eda que yo no est\u00e9, tengo la tranquilidad que quedar\u00e1 para mis hijas\u00bb.<\/span><\/strong><!--more--><\/p>\n<p id=\"geom_inter_1734964881482_46_25\" align=\"left\"><span style=\"color: #000000; font-size: large;\"><span style=\"font-family: Arial, sans-serif;\"><span id=\"geom_inter_1734964881479_91_24\" data-olk-copy-source=\"MessageBody\">Es que la vida de la mujer, no ha sido nada f\u00e1cil, y mucho menos, sencilla, dado que tuvo que pasar vicisitudes inimaginables, como dormir a la intemperie, cobijando a sus peque\u00f1as.<\/span><\/span><\/span><\/p>\n<p id=\"geom_inter_1734964894491_94_31\" align=\"left\"><span id=\"geom_inter_1734964894488_14_27\" style=\"color: #000000; font-size: large;\"><span style=\"font-family: Arial, sans-serif;\">Hoy la vida le ha dado un giro y gracias al\u00a0<b>Plan \u00abJuntos\u00bb<\/b>, tiene su vivienda en la zona oeste de la ciudad en\u00a0<b id=\"geom_inter_1734964894489_51_28\">Uni\u00f3n de Barrios y Las Higueras.<\/b><\/span><\/span><\/p>\n<p id=\"geom_inter_1734964894492_25_32\" align=\"left\"><span style=\"color: #000000; font-size: large;\"><span style=\"font-family: Arial, sans-serif;\"><b>Budes<\/b>, vivi\u00f3 con nervios\u00a0y<span id=\"geom_inter_1734964894489_57_29\">\u00a0expectativa,\u00a0<\/span><span id=\"geom_inter_1734964894490_45_30\">los momentos previos a la ceremonia que le permiti\u00f3 acceder al techo, \u00abm<\/span>uy ansiosa estamos, muy ansiosa, muy feliz y deseando ya estar en la casa\u00bb.<\/span><\/span><\/p>\n<p id=\"geom_inter_1734964897482_42_37\" align=\"left\"><span style=\"color: #000000; font-size: large;\">\u00ab<span id=\"geom_inter_1734964897478_85_33\" style=\"font-family: Arial, sans-serif;\">Yo soy de Santa Bernardina, me cri\u00e9 all\u00e1, y despu\u00e9s con mi padre estuvimos alquilando, y de grande tambi\u00e9n siempre en casa ajena, siempre voy alquilando tambi\u00e9n\u00bb, se\u00f1ala.<\/span><\/span><\/p>\n<p id=\"geom_inter_1734964897481_65_36\" align=\"left\"><span id=\"geom_inter_1734964897479_66_35\" style=\"color: #000000; font-size: large;\"><span id=\"geom_inter_1734964897479_83_34\" style=\"font-family: Arial, sans-serif;\">Agrega que el peor momento fue reciente, al comentar que \u00abel a\u00f1o pasado qued\u00e9 en situaci\u00f3n de calle, me llevaron para un hogar en Montevideo; ya me hab\u00edan anotado para la vivienda, pero ah\u00ed qued\u00e9 seleccionada y despu\u00e9s me volv\u00ed para Durazno. Y ya con la noticia de que nos daban la vivienda y ha pasado todo muy r\u00e1pido la verdad, ha sido todo, r\u00e1pido y emocionante\u00bb, comenta, agregando que fue notificada de la buena nueva en el mes de Marzo pr\u00f3ximo pasado, \u00abclaro que se me ha hecho un poquito &#8216;largo&#8217; el a\u00f1o si, pero la hemos llevado bien, la verdad que muy agradecida con la instituci\u00f3n que me seleccion\u00f3, con la gente que me ha apoyado, que ha estado ah\u00ed tambi\u00e9n\u00bb.<\/span><\/span><\/p>\n<p id=\"geom_inter_1734964898478_48_38\" align=\"left\"><span style=\"color: #000000; font-size: large;\"><span style=\"font-family: Arial, sans-serif;\"><b>Evelyn,<\/b>\u00a0es madre soltera, tiene dos hijas de corta edad;\u00a0<b>Nayara de 12 a\u00f1os y Francesca de 4.<\/b><\/span><\/span><\/p>\n<p id=\"geom_inter_1734964898481_75_40\" align=\"left\"><span style=\"color: #000000; font-size: large;\"><span id=\"geom_inter_1734964898478_53_39\" style=\"font-family: Arial, sans-serif;\">Sobre las prestaciones, servicios y comodidades de la vivienda (la n\u00famero 13 del Plan Juntos), comenta que \u00abla m\u00eda tiene tres habitaciones, una para cada una de nosotras, as\u00ed que genial, muy c\u00f3moda; la verdad que estamos muy ansiosas por estar ya en la casa y la tranquilidad de que mis hijas van a tener su techo para siempre, que cuando yo no est\u00e9, van a tener su techo, y que no van a tener que pasar lo que yo tuve que pasar con ellas\u00bb.<\/span><\/span><\/p>\n<p id=\"geom_inter_1734964899482_47_44\" align=\"left\"><span style=\"color: #000000; font-size: large;\"><span style=\"font-family: Arial, sans-serif;\">Sobre el mobiliario que posee y lo que le falta, comenta que \u00abalgo\u00a0tengo s\u00ed;\u00a0me\u00a0<span id=\"geom_inter_1734964899478_21_41\">est\u00e1n faltando ropero, cama para m\u00ed; las ni\u00f1as tienen cama, y alguna que otra cosa me han regalado tambi\u00e9n, he comprado tambi\u00e9n algunas cosas\u00bb.<\/span><\/span><\/span><\/p>\n<p id=\"geom_inter_1734964899479_6_43\" align=\"left\"><span style=\"color: #000000; font-size: large;\">\u00ab<span style=\"font-family: Arial, sans-serif;\">La\u00a0<span id=\"geom_inter_1734964899479_71_42\">vivienda ya nos viene con heladera y con\u00a0<\/span>calef\u00f3n\u00a0y alg\u00fan regalito m\u00e1s tambi\u00e9n nos dijeron que nos iban a dar\u00bb,\u00a0agrega con la emoci\u00f3n l\u00f3gica del importante paso concretado.<\/span><\/span><\/p>\n<p id=\"geom_inter_1734964900476_24_45\"><span style=\"color: #000000; font-size: large;\"><span style=\"font-family: Arial, sans-serif;\">Estamos muy felices, la verdad que muy felices y agradecidas, concluy\u00f3.<\/span><\/span><\/p>\n","protected":false},"excerpt":{"rendered":"<p>La joven mam\u00e1,\u00a0Evelyn Budes,\u00a0no daba cr\u00e9dito y la alegr\u00eda la invad\u00eda hasta las l\u00e1grimas el pasado d\u00eda Viernes 20 de diciembre, cuando pudo al fin sostener en sus sus manos las llaves de la casa propia, que no duda en se\u00f1alar que \u00abel d\u00eda que yo no est\u00e9, tengo la tranquilidad que quedar\u00e1 para mis [&hellip;]<\/p>\n","protected":false},"author":4,"featured_media":6303,"comment_status":"closed","ping_status":"closed","sticky":false,"template":"","format":"standard","meta":{"_monsterinsights_skip_tracking":false,"_monsterinsights_sitenote_active":false,"_monsterinsights_sitenote_note":"","_monsterinsights_sitenote_category":0,"footnotes":""},"categories":[5],"tags":[],"class_list":["post-6302","post","type-post","status-publish","format-standard","has-post-thumbnail","hentry","category-durazno"],"_links":{"self":[{"href":"https:\/\/paginacero.com.uy\/index.php?rest_route=\/wp\/v2\/posts\/6302","targetHints":{"allow":["GET"]}}],"collection":[{"href":"https:\/\/paginacero.com.uy\/index.php?rest_route=\/wp\/v2\/posts"}],"about":[{"href":"https:\/\/paginacero.com.uy\/index.php?rest_route=\/wp\/v2\/types\/post"}],"author":[{"embeddable":true,"href":"https:\/\/paginacero.com.uy\/index.php?rest_route=\/wp\/v2\/users\/4"}],"replies":[{"embeddable":true,"href":"https:\/\/paginacero.com.uy\/index.php?rest_route=%2Fwp%2Fv2%2Fcomments&post=6302"}],"version-history":[{"count":1,"href":"https:\/\/paginacero.com.uy\/index.php?rest_route=\/wp\/v2\/posts\/6302\/revisions"}],"predecessor-version":[{"id":6304,"href":"https:\/\/paginacero.com.uy\/index.php?rest_route=\/wp\/v2\/posts\/6302\/revisions\/6304"}],"wp:featuredmedia":[{"embeddable":true,"href":"https:\/\/paginacero.com.uy\/index.php?rest_route=\/wp\/v2\/media\/6303"}],"wp:attachment":[{"href":"https:\/\/paginacero.com.uy\/index.php?rest_route=%2Fwp%2Fv2%2Fmedia&parent=6302"}],"wp:term":[{"taxonomy":"category","embeddable":true,"href":"https:\/\/paginacero.com.uy\/index.php?rest_route=%2Fwp%2Fv2%2Fcategories&post=6302"},{"taxonomy":"post_tag","embeddable":true,"href":"https:\/\/paginacero.com.uy\/index.php?rest_route=%2Fwp%2Fv2%2Ftags&post=6302"}],"curies":[{"name":"wp","href":"https:\/\/api.w.org\/{rel}","templated":true}]}}