{"id":6029,"date":"2024-11-11T11:54:06","date_gmt":"2024-11-11T14:54:06","guid":{"rendered":"https:\/\/paginacero.com.uy\/?p=6029"},"modified":"2024-11-11T11:54:06","modified_gmt":"2024-11-11T14:54:06","slug":"se-que-soy-querido-pero-no-me-esperaba-esta-sorpresa-de-corazon","status":"publish","type":"post","link":"https:\/\/paginacero.com.uy\/?p=6029","title":{"rendered":"\u00abS\u00e9 que soy querido, pero no me esperaba esta sorpresa; de coraz\u00f3n\u00bb."},"content":{"rendered":"<p><strong>La frase es de Antonio Alzamendi y la dijo en ocasi\u00f3n del lanzamiento de su libro.<\/strong><!--more--><\/p>\n<div dir=\"auto\" data-olk-copy-source=\"MessageBody\">\u00abPerd\u00f3n por la emoci\u00f3n, estoy viejo y medio llor\u00f3n. Pero yo primeramente quiero dar las gracias a las personas que han estado, a la ayuda para mi libro, que gracias a Dios, lo hemos podido lograr. Mi se\u00f1ora me insist\u00eda constantemente que hiciera un libro\u00bb.<\/div>\n<div dir=\"auto\">\u00abLa intenci\u00f3n m\u00eda era poder expresar lo que siento desde el d\u00eda que nac\u00ed en este hermoso pueblo, la verdad que le agradezco a todos la presencia porque sinceramente yo s\u00e9 que soy muy querido, pero no me esperaba esta sorpresa; de coraz\u00f3n, no me lo esperaba. Se lo comentaba a mi amigo V\u00edctor ; ac\u00e1 est\u00e1 Pablo (Torena) otro fen\u00f3meno, que nos pusimos a hablar varias veces, pero m\u00e1s que nada, a mi hija, hay dos que est\u00e1n en Montevideo, y mi nieto, ah\u00ed lo tienen, con mi nieta y otros dos nietos; amigos de Cardona, mi hermana, los quiero , estoy muy feliz\u00bb.<\/div>\n<div dir=\"auto\"><\/div>\n<div dir=\"auto\">\u00abSomos seres humanos que caminamos en la vida buscando una posibilidad de vivir y pasarla bien. Mi objetivo siempre fue jugar y disfrutar en el f\u00fatbol, hacer lo que me gusta, pero m\u00e1s que nada dejar bien el alto prestigio de mi ciudad, de mi departamento\u00bb<\/div>\n<div dir=\"auto\"><\/div>\n<div dir=\"auto\">Como ella lo dijo, por la autora, Brenda Alzamendi, \u00abnunca hab\u00eda escrito un libro de deportistas, y es la primer mujer que escribi\u00f3 un libro sobre un deportista, y se la jug\u00f3 bastante y le d\u00ed bastante trabajo\u00bb, se\u00f1al\u00f3 entre risas.<\/div>\n<div dir=\"auto\"><\/div>\n<div dir=\"auto\">\u00abPero quiero agradecerles profundamente, y lo quise presentar en mi ciudad, donde aprend\u00ed a caminar; donde he conocido a grandes personas que me ayudaron en mi vida\u00bb, dijo, saludando la presencia en el lanzamiento del Intendente y del Jefe de Polic\u00eda\u00bb, \u00abpero reitero, agradecerles a todos\u00bb.<\/div>\n<div dir=\"auto\"><\/div>\n<div dir=\"auto\">\u00abPor eso yo le agradezco a Durazno y a mucha gente de Durazno, la persona que soy. Y lo digo con coraz\u00f3n abierto,\u00a0 porque yo tengo mucha gente que me ha ayudado en mi vida y creo que uno no debe olvidarse de los que siempre estuvieron en la buena y en la mala. Porque he estado en la mala, en la buena, y en la mala yo tuve, entre ellos como mi amigo V\u00edctor, que hemos recorrido con (el programa de televisi\u00f3n) Am\u00e9rica en Casa\u00bb.<\/div>\n<div dir=\"auto\"><\/div>\n<div dir=\"auto\">\u00abNo soy muy de hablar, pero trato de hablar con el coraz\u00f3n. Gracias por venir, a todos, muchachos. Much\u00edsimas gracias\u00bb.<\/div>\n<div dir=\"auto\"><\/div>\n<div dir=\"auto\">Mat\u00edas Florencio: \u00abVinieron por Alzamendi persona\u00bb<\/div>\n<div dir=\"auto\"><\/div>\n<div dir=\"auto\">\u00abYo realmente qued\u00e9 sorprendido hoy cuando ven\u00edamos caminando con Antonio, con el cari\u00f1o que la gente lo saludaba, y como lo recibieron en su pueblo\u00bb<\/div>\n<div dir=\"auto\">\u00abToda esta gente no vino por como fuiste como futbolista, sino que vino por como fuiste como persona\u00bb, dijo el joven, despertando aplausos.<\/div>\n<div dir=\"auto\">\u00abAlzamendi, el que fuera Campe\u00f3n del Mundo en 1986 o el Campe\u00f3n de Am\u00e9rica 1987,\u00a0 es exactamente hoy la misma persona y que muestra la misma humildad\u00bb, subray\u00f3.<\/div>\n","protected":false},"excerpt":{"rendered":"<p>La frase es de Antonio Alzamendi y la dijo en ocasi\u00f3n del lanzamiento de su libro.<\/p>\n","protected":false},"author":4,"featured_media":6030,"comment_status":"closed","ping_status":"closed","sticky":false,"template":"","format":"standard","meta":{"_monsterinsights_skip_tracking":false,"_monsterinsights_sitenote_active":false,"_monsterinsights_sitenote_note":"","_monsterinsights_sitenote_category":0,"footnotes":""},"categories":[5,75],"tags":[],"class_list":["post-6029","post","type-post","status-publish","format-standard","has-post-thumbnail","hentry","category-durazno","category-feria-del-libro"],"_links":{"self":[{"href":"https:\/\/paginacero.com.uy\/index.php?rest_route=\/wp\/v2\/posts\/6029","targetHints":{"allow":["GET"]}}],"collection":[{"href":"https:\/\/paginacero.com.uy\/index.php?rest_route=\/wp\/v2\/posts"}],"about":[{"href":"https:\/\/paginacero.com.uy\/index.php?rest_route=\/wp\/v2\/types\/post"}],"author":[{"embeddable":true,"href":"https:\/\/paginacero.com.uy\/index.php?rest_route=\/wp\/v2\/users\/4"}],"replies":[{"embeddable":true,"href":"https:\/\/paginacero.com.uy\/index.php?rest_route=%2Fwp%2Fv2%2Fcomments&post=6029"}],"version-history":[{"count":1,"href":"https:\/\/paginacero.com.uy\/index.php?rest_route=\/wp\/v2\/posts\/6029\/revisions"}],"predecessor-version":[{"id":6031,"href":"https:\/\/paginacero.com.uy\/index.php?rest_route=\/wp\/v2\/posts\/6029\/revisions\/6031"}],"wp:featuredmedia":[{"embeddable":true,"href":"https:\/\/paginacero.com.uy\/index.php?rest_route=\/wp\/v2\/media\/6030"}],"wp:attachment":[{"href":"https:\/\/paginacero.com.uy\/index.php?rest_route=%2Fwp%2Fv2%2Fmedia&parent=6029"}],"wp:term":[{"taxonomy":"category","embeddable":true,"href":"https:\/\/paginacero.com.uy\/index.php?rest_route=%2Fwp%2Fv2%2Fcategories&post=6029"},{"taxonomy":"post_tag","embeddable":true,"href":"https:\/\/paginacero.com.uy\/index.php?rest_route=%2Fwp%2Fv2%2Ftags&post=6029"}],"curies":[{"name":"wp","href":"https:\/\/api.w.org\/{rel}","templated":true}]}}