{"id":6026,"date":"2024-11-11T11:51:07","date_gmt":"2024-11-11T14:51:07","guid":{"rendered":"https:\/\/paginacero.com.uy\/?p=6026"},"modified":"2024-11-11T11:51:07","modified_gmt":"2024-11-11T14:51:07","slug":"brenda-alzamendi-sus-palabras-en-la-presentacion-del-libro-del-destacado-duraznense","status":"publish","type":"post","link":"https:\/\/paginacero.com.uy\/?p=6026","title":{"rendered":"Brenda Alzamendi, sus palabras en la presentaci\u00f3n del libro del destacado duraznense"},"content":{"rendered":"<p><strong>\u00ab<span style=\"font-family: Arial, sans-serif;\"><span style=\"font-size: large;\">Hoy es una noche de recuerdos y reencuentros. Lo primero: Es agradecer a todos los Sponsor que nos acompa\u00f1aron y confiaron en nosotros.<\/span><\/span><\/strong><!--more--><\/p>\n<p align=\"LEFT\"><span style=\"color: #000000;\"><span style=\"font-family: Arial, sans-serif;\"><span style=\"font-size: large;\" data-olk-copy-source=\"MessageBody\">Festejar la Feria con un libro que nos cuenta la historia de un ni\u00f1o que naci\u00f3 aqu\u00ed en nuestro querido Durazno, que logr\u00f3 todo lo que logr\u00f3 m\u00e1s all\u00e1 de lo posible, y que hoy lo tenemos aqu\u00ed, con el \u201c<b>Reencuentro de su Historia\u201d\u00a0<\/b>y con la de muchos de ustedes que tambi\u00e9n forman parte de este libro. Creo que en \u00e9l, ver\u00e1n reflejada tambi\u00e9n una parte de sus propias vidas. Quisimos que esta primera y limitada edici\u00f3n del libro se presenta aqu\u00ed, lugar donde\u00a0<b>Antonio (Alzamendi)\u00a0<\/b>y toda nuestra familia tiene arraigada sus ra\u00edces. Como ustedes saben yo soy escritora en Narrativa, no soy periodista, ni tengo ninguna especialidad en deportes. Pero no me qued\u00f3 otra que aprender cuando un d\u00eda Antonio me plante\u00f3 que quer\u00eda hacer un libro de su vida, contarles de primera mano su historia, obviamente me negu\u00e9 rotundamente hasta que al final entendiendo el porqu\u00e9, acept\u00e9. Pues \u00e9l anhela que los j\u00f3venes que la lean y sepan que nada es imposible, si tienen disciplina y un sue\u00f1o por seguir.\u00a0<\/span><\/span><span style=\"font-family: Arial, sans-serif;\"><span style=\"font-size: large;\">Se puede lograr \u201cpara eso y para todo lo dem\u00e1s, es imprescindible educarse y saber rodearse de las personas adecuada. Esas personas son las que te marcar\u00e1n el camino; te aconsejar\u00e1n. Hay mucho de eso en este libro\u201d, se\u00f1al\u00f3.<\/span><\/span><\/span><\/p>\n<p align=\"LEFT\"><span style=\"color: #000000;\">\u201c<span style=\"font-family: Arial, sans-serif;\"><span style=\"font-size: large;\">Y para los adultos todo un recorrido de vida de arraigos y desarraigos de la familia y del lugar donde nacimos. Camino que no es nada f\u00e1cil, aqu\u00ed lo cuenta. Ah\u00ed me di cuenta de que s\u00ed, que lo podr\u00eda escribir. En el camino de los relatos me encontr\u00e9 con gente maravillosa que lo conoce desde ni\u00f1o y a\u00fan conservan ese afecto, ese sentido del valor de las personas y no justamente en monedas. Me encontr\u00e9 con el afecto de aquellos compa\u00f1eros de anta\u00f1o, que a\u00fan hoy se siguen comunicando. Este libro fue todo un aprendizaje, al cual le puse lo mejor de m\u00ed en cada palabra, escuchando sus relatos, sazonados con los de sus amigos, de la familia, con el coraz\u00f3n en alerta para poder darle toda la calidad y calidez que tiene cada uno de ellos, espero que las podamos compartir\u201d.\u00a0<\/span><\/span>\u201c<span style=\"font-family: Arial, sans-serif;\"><span style=\"font-size: large;\">Gracias a todos los amigos de ac\u00e1, de Argentina, que con su participaci\u00f3n enriquecieron este libro, a cada uno por la calidez de sus mensajes llenos de<br \/>\nvivencias de esa parte de sus vidas, que nos seguir\u00e1n inspirando y resonando en nuestras propias experiencias en el presente y en el futuro. Recopilada para ustedes\u201d.<\/span><\/span><\/span><\/p>\n","protected":false},"excerpt":{"rendered":"<p>\u00abHoy es una noche de recuerdos y reencuentros. Lo primero: Es agradecer a todos los Sponsor que nos acompa\u00f1aron y confiaron en nosotros.<\/p>\n","protected":false},"author":4,"featured_media":6027,"comment_status":"closed","ping_status":"closed","sticky":false,"template":"","format":"standard","meta":{"_monsterinsights_skip_tracking":false,"_monsterinsights_sitenote_active":false,"_monsterinsights_sitenote_note":"","_monsterinsights_sitenote_category":0,"footnotes":""},"categories":[5,75],"tags":[],"class_list":["post-6026","post","type-post","status-publish","format-standard","has-post-thumbnail","hentry","category-durazno","category-feria-del-libro"],"_links":{"self":[{"href":"https:\/\/paginacero.com.uy\/index.php?rest_route=\/wp\/v2\/posts\/6026","targetHints":{"allow":["GET"]}}],"collection":[{"href":"https:\/\/paginacero.com.uy\/index.php?rest_route=\/wp\/v2\/posts"}],"about":[{"href":"https:\/\/paginacero.com.uy\/index.php?rest_route=\/wp\/v2\/types\/post"}],"author":[{"embeddable":true,"href":"https:\/\/paginacero.com.uy\/index.php?rest_route=\/wp\/v2\/users\/4"}],"replies":[{"embeddable":true,"href":"https:\/\/paginacero.com.uy\/index.php?rest_route=%2Fwp%2Fv2%2Fcomments&post=6026"}],"version-history":[{"count":1,"href":"https:\/\/paginacero.com.uy\/index.php?rest_route=\/wp\/v2\/posts\/6026\/revisions"}],"predecessor-version":[{"id":6028,"href":"https:\/\/paginacero.com.uy\/index.php?rest_route=\/wp\/v2\/posts\/6026\/revisions\/6028"}],"wp:featuredmedia":[{"embeddable":true,"href":"https:\/\/paginacero.com.uy\/index.php?rest_route=\/wp\/v2\/media\/6027"}],"wp:attachment":[{"href":"https:\/\/paginacero.com.uy\/index.php?rest_route=%2Fwp%2Fv2%2Fmedia&parent=6026"}],"wp:term":[{"taxonomy":"category","embeddable":true,"href":"https:\/\/paginacero.com.uy\/index.php?rest_route=%2Fwp%2Fv2%2Fcategories&post=6026"},{"taxonomy":"post_tag","embeddable":true,"href":"https:\/\/paginacero.com.uy\/index.php?rest_route=%2Fwp%2Fv2%2Ftags&post=6026"}],"curies":[{"name":"wp","href":"https:\/\/api.w.org\/{rel}","templated":true}]}}