{"id":6019,"date":"2024-11-08T10:44:01","date_gmt":"2024-11-08T13:44:01","guid":{"rendered":"https:\/\/paginacero.com.uy\/?p=6019"},"modified":"2024-11-08T10:44:01","modified_gmt":"2024-11-08T13:44:01","slug":"sector-del-fa-propuso-candidatura-a-la-idd-de-mauricio-bertalmio","status":"publish","type":"post","link":"https:\/\/paginacero.com.uy\/?p=6019","title":{"rendered":"Sector del FA propuso candidatura a la IDD de Mauricio Bertalm\u00edo"},"content":{"rendered":"<p><strong>La Comisi\u00f3n de Comunicaci\u00f3n del Frente Amplio de Durazno, dio a conocer en un comunicado a los medios de comunicaci\u00f3n la postulaci\u00f3n del\u00a0M\u00e9dico Mauricio Bertalm\u00edo, como candidato a la\u00a0Intendencia de Durazno.<\/strong><!--more--><\/p>\n<p><span data-olk-copy-source=\"MessageBody\">\u201cEn reuni\u00f3n realizada en el d\u00eda de ayer, el\u00a0<\/span><b>Comit\u00e9 de Base N\u00b06&#8243; Milka Echenique\u201d,\u00a0<\/b>de Durazno, resolvi\u00f3 proponer al compa\u00f1ero de Comit\u00e9,\u00a0<b>Dr. Mauricio Bertalmio<\/b>\u00a0como candidato a la IDD. Dicha candidatura se presentar\u00e1 como corresponde,\u00a0<b>ante el Plenario Departamental\u00a0<\/b>a realizarse con posterioridad al balotaje\u00bb.<\/p>\n","protected":false},"excerpt":{"rendered":"<p>La Comisi\u00f3n de Comunicaci\u00f3n del Frente Amplio de Durazno, dio a conocer en un comunicado a los medios de comunicaci\u00f3n la postulaci\u00f3n del\u00a0M\u00e9dico Mauricio Bertalm\u00edo, como candidato a la\u00a0Intendencia de Durazno.<\/p>\n","protected":false},"author":4,"featured_media":6020,"comment_status":"closed","ping_status":"closed","sticky":false,"template":"","format":"standard","meta":{"footnotes":""},"categories":[5],"tags":[],"class_list":["post-6019","post","type-post","status-publish","format-standard","has-post-thumbnail","hentry","category-durazno"],"_links":{"self":[{"href":"https:\/\/paginacero.com.uy\/index.php?rest_route=\/wp\/v2\/posts\/6019","targetHints":{"allow":["GET"]}}],"collection":[{"href":"https:\/\/paginacero.com.uy\/index.php?rest_route=\/wp\/v2\/posts"}],"about":[{"href":"https:\/\/paginacero.com.uy\/index.php?rest_route=\/wp\/v2\/types\/post"}],"author":[{"embeddable":true,"href":"https:\/\/paginacero.com.uy\/index.php?rest_route=\/wp\/v2\/users\/4"}],"replies":[{"embeddable":true,"href":"https:\/\/paginacero.com.uy\/index.php?rest_route=%2Fwp%2Fv2%2Fcomments&post=6019"}],"version-history":[{"count":1,"href":"https:\/\/paginacero.com.uy\/index.php?rest_route=\/wp\/v2\/posts\/6019\/revisions"}],"predecessor-version":[{"id":6021,"href":"https:\/\/paginacero.com.uy\/index.php?rest_route=\/wp\/v2\/posts\/6019\/revisions\/6021"}],"wp:featuredmedia":[{"embeddable":true,"href":"https:\/\/paginacero.com.uy\/index.php?rest_route=\/wp\/v2\/media\/6020"}],"wp:attachment":[{"href":"https:\/\/paginacero.com.uy\/index.php?rest_route=%2Fwp%2Fv2%2Fmedia&parent=6019"}],"wp:term":[{"taxonomy":"category","embeddable":true,"href":"https:\/\/paginacero.com.uy\/index.php?rest_route=%2Fwp%2Fv2%2Fcategories&post=6019"},{"taxonomy":"post_tag","embeddable":true,"href":"https:\/\/paginacero.com.uy\/index.php?rest_route=%2Fwp%2Fv2%2Ftags&post=6019"}],"curies":[{"name":"wp","href":"https:\/\/api.w.org\/{rel}","templated":true}]}}