{"id":6016,"date":"2024-11-08T10:38:33","date_gmt":"2024-11-08T13:38:33","guid":{"rendered":"https:\/\/paginacero.com.uy\/?p=6016"},"modified":"2024-11-08T10:38:33","modified_gmt":"2024-11-08T13:38:33","slug":"ferias-del-libro-mantienen-su-atractivo-pese-al-avance-electronico","status":"publish","type":"post","link":"https:\/\/paginacero.com.uy\/?p=6016","title":{"rendered":"Ferias del Libro, mantienen su atractivo pese al avance electr\u00f3nico"},"content":{"rendered":"<p><strong>Las\u00a0Ferias del Libro\u00a0han tenido casi en todos lados, que aggiornarse a los tiempos actuales, en los que el\u00a0avance de la tecnolog\u00eda,\u00a0ha hecho irrupci\u00f3n y ha obligado a nuevas \u201cmodas\u201d de consumismo de lectura y conocimiento, caso de los\u00a0libros electr\u00f3nicos de lectura.<\/strong><!--more--><\/p>\n<p><span style=\"color: #000000;\"><span style=\"font-family: Arial, sans-serif;\"><span style=\"font-size: large;\" data-olk-copy-source=\"MessageBody\">La disponibilidad \u201cf\u00edsica\u201d de un papel, una hoja, un libro, un diario, pese a todos esos avances, en alg\u00fan punto se mantiene enhiesta , sobrevive, aunque no pueda ocultarse que la \u201coferta\u201d y preferencias de lo tangible del papel, ha deca\u00eddo.<\/span><\/span><\/span><\/p>\n<p><span style=\"color: #000000;\"><span style=\"font-family: Arial, sans-serif;\"><span style=\"font-size: large;\">De igual forma, las\u00a0<b>Ferias del Libro,<\/b>\u00a0mantienen su vigencia, y como en el caso de Durazno, tambi\u00e9n su esplendor, aunque adem\u00e1s de libros, poemas, cuentos y ventas de librer\u00edas y editoriales, ha evolucionado hacia otras \u00e1reas, como la participaci\u00f3n de instituciones; la realizaci\u00f3n paralela de espect\u00e1culos y shows en vivo; presentaciones con participaci\u00f3n directa de los autores en los sitios de la muestra, pero tambi\u00e9n en otras partes de la ciudad y del Interior del departamento.<\/span><\/span><\/span><\/p>\n<p><span style=\"color: #000000;\"><span style=\"font-family: Arial, sans-serif;\"><span style=\"font-size: large;\">Todo ello puede verse en estos d\u00edas en Durazno, en la\u00a0<b>18va edici\u00f3n de la Feria del Libro,<\/b>\u00a0que presenta una amplia y diversa agenda para todos los gustos y edades.<\/span><\/span><\/span><\/p>\n<p align=\"LEFT\"><span style=\"color: #000000;\"><span style=\"font-family: Arial, sans-serif;\"><span style=\"font-size: large;\">La\u00a0<b>ceremonia inaugural fue el jueves 7<\/b>, a las 11.00 horas en\u00a0el<b>\u00a0Centro Cultural Nacional Sala Lavalleja<\/b>, donde hubo palabras del\u00a0<b>Intendente, Lic. Carmelo Vidal\u00edn;<\/b>\u00a0Coordinaci\u00f3n del Instituto Nacional de Letras,\u00a0<b>Nicol\u00e1s Der Agopi\u00e1n<\/b>; Director del Departamento de Promoci\u00f3n Social,\u00a0<b>Luis Alberto Iturria<\/b>\u00a0y Coordinador de Cultura,\u00a0<b>Walter Fumero.<\/b><\/span><\/span><\/span><\/p>\n<p align=\"LEFT\"><span style=\"color: #000000;\"><span style=\"font-family: Arial, sans-serif;\"><span style=\"font-size: large;\">Se extiende\u00a0<b>hasta el domingo 10,<\/b>\u00a0y ofrece de forma gratuita una variada programaci\u00f3n que incluye exposici\u00f3n y venta de libros, stands de librer\u00edas locales y nacionales, exposiciones institucionales, as\u00ed como espect\u00e1culos art\u00edsticos y musicales. Las actividades se desarrollan en diferentes espacios, como la Sala Lavalleja, el Museo Casa de Rivera, entre otros lugares.<\/span><\/span><\/span><\/p>\n<p align=\"LEFT\"><span style=\"color: #000000;\"><span style=\"font-family: Arial, sans-serif;\"><span style=\"font-size: large;\"><b>Apoyo de la IDD a escritores locales<\/b><\/span><\/span><\/span><\/p>\n<p align=\"LEFT\"><span style=\"color: #000000;\"><span style=\"font-family: Arial, sans-serif;\"><span style=\"font-size: large;\"><b>Vidal\u00edn<\/b>,\u00a0dijo ser un \u201chombre de lectura; de muchas horas de lectura, dos o tres horas de lectura diaria\u201d, y sostuvo que el h\u00e1bito de la lectura \u201cnos hace crecer desde dentro, pero tambi\u00e9n, en estos tiempos, la lectura nos hace crecer en nuestro vocabulario y enmendar un mont\u00f3n de faltas de ortograf\u00eda. La lectura nos lleva a ese necesario\u00a0<b>crecimiento de nuestro interior y de nuestro esp\u00edritu<\/b>, que indudablemente nos da motivaci\u00f3n en la vida, porque detr\u00e1s de la lectura todos los d\u00edas estamos descubriendo algo nuevo, que nos permite, incluso, ser mejores personas\u201d.<\/span><\/span><\/span><\/p>\n<p align=\"LEFT\"><span style=\"color: #000000;\"><span style=\"font-family: Arial, sans-serif;\"><span style=\"font-size: large;\">Destac\u00f3 el nivel de la feria y subray\u00f3 la participaci\u00f3n de autores locales, como el caso de\u00a0<b>Brenda Alzamendi\u00a0<\/b>que con su trabajo literario \u201cse refiere nada m\u00e1s ni nada menos que a alguien que es para todos nosotros un \u00eddolo, que nunca perdi\u00f3 sus ra\u00edces duraznenses, que estuvo en lo m\u00e1s alto, en el \u00e1pice del mundo del deporte, que nos dio satisfacciones en todos los sentidos, que es\u00a0<b>Antonio Alzamendi\u201d,<\/b>\u00a0y refiri\u00f3 luego a otro libro \u201cque es de alguien que formaba parte de nuestro equipo de la Intendencia, que es un Historiador importante y que hace las cosas siempre con mucha humildad, y en este caso va a estar escribiendo sobre uno de los personajes hist\u00f3ricos m\u00e1s importantes de nuestro Durazno, que es\u00a0<b>\u201cLa Guayre\u00f1a\u201d<\/b>, y ese se\u00f1or es\u00a0<b>Jos\u00e9 Pedro Rodr\u00edguez\u201d.<\/b><\/span><\/span><\/span><\/p>\n<p align=\"LEFT\"><span style=\"color: #000000;\">\u201c<span style=\"font-family: Arial, sans-serif;\"><span style=\"font-size: large;\">Nombro dos, de los muchos otros autores duraznenses que hemos apoyado desde la Intendencia Durazno, desde el Departamento de Promoci\u00f3n Social y desde la Divisi\u00f3n Cultura\u201d, coment\u00f3, adem\u00e1s de agradecer a los funcionarios que trabajan en la organizaci\u00f3n del evento.<\/span><\/span><\/span><\/p>\n<p align=\"LEFT\"><span style=\"color: #000000;\"><span style=\"font-family: Arial, sans-serif;\"><span style=\"font-size: large;\"><b>Fumero: presencia de 20 editoriales<\/b><\/span><\/span><\/span><\/p>\n<p align=\"LEFT\"><span style=\"color: #000000;\">\u201c<span style=\"font-family: Arial, sans-serif;\"><span style=\"font-size: large;\">Realmente es un placer estar dando comienzo a esta nueva edici\u00f3n, la n\u00famero 18 de la Feria Libro, una de las actividades m\u00e1s importantes que lleva adelante la Divisi\u00f3n Cultura, a trav\u00e9s de Promoci\u00f3n social\u201d<\/span><\/span><\/span><\/p>\n<p align=\"LEFT\"><span style=\"color: #000000;\">\u201c<span style=\"font-family: Arial, sans-serif;\"><span style=\"font-size: large;\">Le agradecemos, por supuesto, al Intendente Carmelo Vidal\u00edn, que siempre ha apoyado incondicionalmente esta actividad, ha apoyado con todas las dependencias de la Intendencia, al personal de Cultura, de Biblioteca, de Museo, y como dec\u00edamos, de toda la Intendencia; es casi imposible que sin su tarea podamos tener estos cuatro d\u00edas de celebraciones de la letra, del libro\u201d, al tiempo que agradeci\u00f3 al Coordinador del Instituto de Letras.<\/span><\/span><\/span><\/p>\n<p align=\"LEFT\"><span style=\"color: #000000;\"><span style=\"font-family: Arial, sans-serif;\"><span style=\"font-size: large;\">Destac\u00f3 que la exposici\u00f3n cuenta con m\u00e1s de 20 Editoriales, en stands en el Museo Museo Casas de Rivera y un programa muy amplio. Lo importante es invitarlos a todos a que participen y disfrutemos de esta oportunidad de recorrer la Feria, ver los ni\u00f1os que hay, hablar con los autores, y disfrutar tambi\u00e9n de todos los espect\u00e1culos en estos d\u00edas de celebraci\u00f3n\u201d.<\/span><\/span><\/span><\/p>\n<p><span style=\"color: #000000;\"><span style=\"font-family: Arial, sans-serif;\"><span style=\"font-size: large;\"><b>Herrera: \u201cFerias ayudan a promocionar la lectura\u201d<\/b><\/span><\/span><\/span><\/p>\n<p><span style=\"color: #000000;\">\u201c<span style=\"font-family: Arial, sans-serif;\"><span style=\"font-size: large;\">Es un honor estar ac\u00e1 y me parece que primero que nada lo que hay que hacer es felicitarnos por la constancia en la organizaci\u00f3n de esta Feria n\u00famero 18, que es un &#8216;mont\u00f3n&#8217;. Las Ferias ayudan a promocionar la lectura, al contacto con los escritores, que eso es muy importante\u201d, dijo,\u00a0<b>Nicol\u00e1s Der Agopi\u00e1n, Coordinador del\u00a0<\/b>Instituto de Letras de la Universidad de la Rep\u00fablica.<\/span><\/span><\/span><\/p>\n<p><span style=\"color: #000000;\"><span style=\"font-family: Arial, sans-serif;\"><span style=\"font-size: large;\">Coment\u00f3 que esta dependencia,\u201cse fund\u00f3 en el 2021 y, entre otras tareas, nosotros organizamos los premios, que dicho sea de paso, la semana que viene hacemos una Feria del Libro, en el Museo de Artes Visuales del Uruguay en Montevideo, que se llama\u00a0<\/span><\/span><\/span><span style=\"color: #000000;\"><span style=\"font-family: Arial, sans-serif;\"><span style=\"font-size: large;\"><b>\u201cLa Galatera\u201d,<\/b><\/span><\/span><\/span><span style=\"color: #000000;\"><span style=\"font-family: Arial, sans-serif;\"><span style=\"font-size: large;\">\u00a0en honor a\u00a0<\/span><\/span><\/span><span style=\"color: #000000;\"><span style=\"font-family: Arial, sans-serif;\"><span style=\"font-size: large;\"><b>Amanda Berenguer y Jos\u00e9 Pedro D\u00edaz\u00a0<\/b><\/span><\/span><\/span><span style=\"color: #000000;\"><span style=\"font-family: Arial, sans-serif;\"><span style=\"font-size: large;\">y en ese marco van a participar un mont\u00f3n de Editoriales que tienen libros de autores uruguayos. Nosotros vamos a entregar los premios y el gran premio a la labor intelectual que es el premio m\u00e1s importante que cada tres a\u00f1os entrega e<\/span><\/span><\/span><span style=\"color: #000000;\"><span style=\"font-family: Arial, sans-serif;\"><span style=\"font-size: large;\"><b>l Ministerio (de Educaci\u00f3n y Cultura)<\/b><\/span><\/span><\/span><span style=\"color: #000000;\"><span style=\"font-family: Arial, sans-serif;\"><span style=\"font-size: large;\">, a un intelectual, a un artista; eso lo vamos a estar haciendo la semana que viene y cuando nuestro Ministro firme la homologaci\u00f3n, se van a ser p\u00fablicos los ganadores de los premios de este a\u00f1o. Esas son algunas de las herramientas que tenemos para promocionar los libros\u201d.<\/span><\/span><\/span><\/p>\n<p><span style=\"color: #000000;\"><span style=\"font-family: Arial, sans-serif;\"><span style=\"font-size: large;\"><b>Incentivo a la escritura de Cr\u00f3nicas.<\/b><\/span><\/span><\/span><\/p>\n<p><span style=\"color: #000000;\"><span style=\"font-family: Arial, sans-serif;\"><span style=\"font-size: large;\">El jerarca coment\u00f3 en ese sentido que el Instituto de Letras \u201clo que hace es buscar libros o buscar g\u00e9neros que son de dif\u00edcil venta en el mercado y lo que hacemos es hacer incentivos a la edici\u00f3n para que una Editorial los publique; se le paga al autor y existen m\u00e1s libros, lo hicimos con poes\u00eda, lo hicimos con cuentos y ahora lo estamos haciendo con cr\u00f3nicas\u201d, \u201cson algunas de las herramientas que tiene el Instituto para promocionar la lectura y la escritura, los talleres, las ventanillas y bueno, la participaci\u00f3n en Ferias\u201d.<\/span><\/span><\/span><\/p>\n<p><span style=\"color: #000000;\"><span style=\"font-family: Arial, sans-serif;\"><span style=\"font-size: large;\">Dijo luego que hay que tener en claro que \u201clos tiempos de la lectura, cuando uno lee, tienden bastante m\u00e1s que otras cosas a la reflexi\u00f3n. Los tiempos de la lectura nos posibilitan un tiempo de pensamiento que es bastante \u00fatil me parece en la vida y la lectura es estructurante; estructurante del pensamiento. As\u00ed que obviamente la organizaci\u00f3n de este tipo de eventos, el contacto con escritores, que los ni\u00f1os conozcan escritores; escritores de distintos g\u00e9neros, de terror, del g\u00e9nero que sea, novelista, cuentista, infantil y juvenil, es important\u00edsimo\u201d.<\/span><\/span><\/span><\/p>\n","protected":false},"excerpt":{"rendered":"<p>Las\u00a0Ferias del Libro\u00a0han tenido casi en todos lados, que aggiornarse a los tiempos actuales, en los que el\u00a0avance de la tecnolog\u00eda,\u00a0ha hecho irrupci\u00f3n y ha obligado a nuevas \u201cmodas\u201d de consumismo de lectura y conocimiento, caso de los\u00a0libros electr\u00f3nicos de lectura.<\/p>\n","protected":false},"author":4,"featured_media":6017,"comment_status":"closed","ping_status":"closed","sticky":false,"template":"","format":"standard","meta":{"footnotes":""},"categories":[5],"tags":[],"class_list":["post-6016","post","type-post","status-publish","format-standard","has-post-thumbnail","hentry","category-durazno"],"_links":{"self":[{"href":"https:\/\/paginacero.com.uy\/index.php?rest_route=\/wp\/v2\/posts\/6016","targetHints":{"allow":["GET"]}}],"collection":[{"href":"https:\/\/paginacero.com.uy\/index.php?rest_route=\/wp\/v2\/posts"}],"about":[{"href":"https:\/\/paginacero.com.uy\/index.php?rest_route=\/wp\/v2\/types\/post"}],"author":[{"embeddable":true,"href":"https:\/\/paginacero.com.uy\/index.php?rest_route=\/wp\/v2\/users\/4"}],"replies":[{"embeddable":true,"href":"https:\/\/paginacero.com.uy\/index.php?rest_route=%2Fwp%2Fv2%2Fcomments&post=6016"}],"version-history":[{"count":1,"href":"https:\/\/paginacero.com.uy\/index.php?rest_route=\/wp\/v2\/posts\/6016\/revisions"}],"predecessor-version":[{"id":6018,"href":"https:\/\/paginacero.com.uy\/index.php?rest_route=\/wp\/v2\/posts\/6016\/revisions\/6018"}],"wp:featuredmedia":[{"embeddable":true,"href":"https:\/\/paginacero.com.uy\/index.php?rest_route=\/wp\/v2\/media\/6017"}],"wp:attachment":[{"href":"https:\/\/paginacero.com.uy\/index.php?rest_route=%2Fwp%2Fv2%2Fmedia&parent=6016"}],"wp:term":[{"taxonomy":"category","embeddable":true,"href":"https:\/\/paginacero.com.uy\/index.php?rest_route=%2Fwp%2Fv2%2Fcategories&post=6016"},{"taxonomy":"post_tag","embeddable":true,"href":"https:\/\/paginacero.com.uy\/index.php?rest_route=%2Fwp%2Fv2%2Ftags&post=6016"}],"curies":[{"name":"wp","href":"https:\/\/api.w.org\/{rel}","templated":true}]}}