{"id":6012,"date":"2024-11-07T11:39:17","date_gmt":"2024-11-07T14:39:17","guid":{"rendered":"https:\/\/paginacero.com.uy\/?p=6012"},"modified":"2024-11-07T11:39:17","modified_gmt":"2024-11-07T14:39:17","slug":"wanderers-2012-de-viaje-a-argentina","status":"publish","type":"post","link":"https:\/\/paginacero.com.uy\/?p=6012","title":{"rendered":"Wanderers 2012 de viaje a Argentina"},"content":{"rendered":"<p><strong>\u00abEste fin de semana, la categor\u00eda 2012 de Wanderers de Durazno viaja a La Plata, Argentina, para disputar amistosos, visitar el Club Estudiantes y recorrer lugares ic\u00f3nicos como la Catedral y el museo de Ciencias Naturales.\u00bb<\/strong><!--more--><\/p>\n<p>En una iniciativa que tiene por finalidad fomentar nuevas experiencias, conocimientos y el intercambio con instituciones deportivas, la categor\u00eda generaci\u00f3n 2012 del Club Atl\u00e9tico Wanderers de Durazno realiza este fin de semana un viaje a La Plata, Argentina, donde disputar\u00e1 dos encuentros amistosos, conocer\u00e1 las instalaciones y el estadio del Club Estudiantes de La Plata, y visitar\u00e1 puntos tur\u00edsticos clave de la ciudad como el Museo de Ciencias Naturales y la Catedral. La delegaci\u00f3n est\u00e1 compuesta por 60 personas, entre jugadores, cuerpo t\u00e9cnico y familiares.<\/p>\n<p>Para el viaje se cont\u00f3 con el apoyo de padres y madres de los integrantes del plantel, la Comisi\u00f3n Directiva de Wanderers, adem\u00e1s de la excelente disposici\u00f3n del club anfitri\u00f3n, representado por el coordinador de F\u00fatbol Internacional Mariano Giampieri y el futbolista duraznense Manuel Castro C\u00e1ceres, quien ha jugado en ambas instituciones.<\/p>\n<p>La salida est\u00e1 prevista para el viernes a las 22:00 desde el Parque Italo Franco y el retorno ser\u00e1 el domingo por la noche, llegando de madrugada el pr\u00f3ximo lunes.<\/p>\n<p>Plantel viajero &#8211; 17 jugadores: Lautaro Ara\u00fajo; Felipe Bardier; Alexandre Bord\u00f3n; Mateo Delgado; Joaqu\u00edn Ferr\u00e1n; Joaqu\u00edn Gelpi; Gabino Idiarte; Adolfo Mart\u00ednez; Aparicio Monce; Enzo Moreira; Thiago Mourinio; Federico Mu\u00f1\u00f3z; Rafael Mu\u00f1\u00f3z; Facundo Pereira; Felipe Pignata; Tom\u00e1s Sp\u00ednola; Matthew Moreira.<br \/>\nDT: Entrenador Mat\u00edas Mart\u00ednez Andrade<br \/>\nCoordinador de F\u00fatbol Infantil: Entrenador Gustavo O&#8217;Neill<\/p>\n","protected":false},"excerpt":{"rendered":"<p>\u00abEste fin de semana, la categor\u00eda 2012 de Wanderers de Durazno viaja a La Plata, Argentina, para disputar amistosos, visitar el Club Estudiantes y recorrer lugares ic\u00f3nicos como la Catedral y el museo de Ciencias Naturales.\u00bb<\/p>\n","protected":false},"author":4,"featured_media":6013,"comment_status":"closed","ping_status":"closed","sticky":false,"template":"","format":"standard","meta":{"footnotes":""},"categories":[5,69],"tags":[],"class_list":["post-6012","post","type-post","status-publish","format-standard","has-post-thumbnail","hentry","category-durazno","category-futbol-de-durazno"],"_links":{"self":[{"href":"https:\/\/paginacero.com.uy\/index.php?rest_route=\/wp\/v2\/posts\/6012","targetHints":{"allow":["GET"]}}],"collection":[{"href":"https:\/\/paginacero.com.uy\/index.php?rest_route=\/wp\/v2\/posts"}],"about":[{"href":"https:\/\/paginacero.com.uy\/index.php?rest_route=\/wp\/v2\/types\/post"}],"author":[{"embeddable":true,"href":"https:\/\/paginacero.com.uy\/index.php?rest_route=\/wp\/v2\/users\/4"}],"replies":[{"embeddable":true,"href":"https:\/\/paginacero.com.uy\/index.php?rest_route=%2Fwp%2Fv2%2Fcomments&post=6012"}],"version-history":[{"count":1,"href":"https:\/\/paginacero.com.uy\/index.php?rest_route=\/wp\/v2\/posts\/6012\/revisions"}],"predecessor-version":[{"id":6014,"href":"https:\/\/paginacero.com.uy\/index.php?rest_route=\/wp\/v2\/posts\/6012\/revisions\/6014"}],"wp:featuredmedia":[{"embeddable":true,"href":"https:\/\/paginacero.com.uy\/index.php?rest_route=\/wp\/v2\/media\/6013"}],"wp:attachment":[{"href":"https:\/\/paginacero.com.uy\/index.php?rest_route=%2Fwp%2Fv2%2Fmedia&parent=6012"}],"wp:term":[{"taxonomy":"category","embeddable":true,"href":"https:\/\/paginacero.com.uy\/index.php?rest_route=%2Fwp%2Fv2%2Fcategories&post=6012"},{"taxonomy":"post_tag","embeddable":true,"href":"https:\/\/paginacero.com.uy\/index.php?rest_route=%2Fwp%2Fv2%2Ftags&post=6012"}],"curies":[{"name":"wp","href":"https:\/\/api.w.org\/{rel}","templated":true}]}}