{"id":6001,"date":"2024-11-06T16:12:22","date_gmt":"2024-11-06T19:12:22","guid":{"rendered":"https:\/\/paginacero.com.uy\/?p=6001"},"modified":"2024-11-06T16:25:11","modified_gmt":"2024-11-06T19:25:11","slug":"pabl-mieres-la-oposicion-no-dio-ni-un-vaso-de-agua-a-este-gobierno","status":"publish","type":"post","link":"https:\/\/paginacero.com.uy\/?p=6001","title":{"rendered":"Pablo Mieres \u201cla oposici\u00f3n no dio ni un vaso de agua a este gobierno\u201d."},"content":{"rendered":"<p><strong>En la convocatoria realizada en Durazno por parte de la f\u00f3rmula presidencial de la Coalici\u00f3n Republicana, el l\u00edder del Partido Independiente, Pablo Mieres, fue categ\u00f3rico al se\u00f1alar que \u201ceste gobierno gener\u00f3 casi 100.000 puestos de trabajo m\u00e1s\u201d despu\u00e9s del drama de la pandemia por el Covid 19.<\/strong><!--more--><\/p>\n<p><span style=\"color: #000000;\"><span style=\"font-family: Arial, sans-serif;\"><span style=\"font-size: large;\" data-olk-copy-source=\"MessageBody\">Record\u00f3 que en el a\u00f1o 2019 \u201cse firmaba el primer compromiso por el pa\u00eds, el programa que abri\u00f3 la puerta a este gobierno que gobern\u00f3 durante cinco a\u00f1os, tomando ese programa de compromiso por el pa\u00eds como la hoja de ruta. Por supuesto que adem\u00e1s tuvimos que enfrentar adversidades inesperadas, la pandemia, los doce d\u00edas de haber asumido y dem\u00e1s situaciones que todos ustedes saben y adem\u00e1s sufrieron, porque nos toc\u00f3 a todos los uruguayos, pero tambi\u00e9n tienen bien claro que durante estos cinco a\u00f1os ha gobernado un gobierno que deja el pa\u00eds mucho mejor de lo que recibimos hace cinco a\u00f1os y a pesar de todas las adversidades, con mucho m\u00e1s empleo, 80.000 puestos de trabajo m\u00e1s, a pesar de que cuando asumimos hab\u00edan perdido 50.000 puestos de trabajo en los \u00faltimos tres a\u00f1os del gobierno del Frente Amplio y adem\u00e1s luego durante la pandemia 60.000 m\u00e1s, no s\u00f3lo recuperamos los 50 (mil) y los 60 (mil), sino que terminamos 30.000 arriba, es decir casi 100.000 puestos de trabajo m\u00e1s, y eso ya de por s\u00ed habla de bienestar ciudadano, habla de gente que se gana la vida laburando, habla tambi\u00e9n de que aumentamos no s\u00f3lo la cantidad de puestos de trabajo sino el porcentaje de trabajadores formales, es decir que tienen derechos a la jubilaci\u00f3n, derecho al seguro de paro, derecho al subsidio por enfermedad\u201d.<\/span><\/span><\/span><\/p>\n<p><span style=\"color: #000000;\"><span style=\"font-family: Arial, sans-serif;\"><span style=\"font-size: large;\">Agreg\u00f3 que el actual gobierno recuper\u00f3 \u201cla formalidad y el poder adquisitivo del salario, porque cuando el salario cay\u00f3 en la pandemia como cay\u00f3 para todos los trabajadores del planeta y nosotros lo asumimos y no s\u00f3lo lo asumimos, sino que logramos acordar que esa ca\u00edda del salario fuera aceptada por trabajadores y empleadores, les prometimos que lo \u00edbamos a recuperar y hoy transcurrido el periodo de gobierno el salario real y las jubilaciones y pensiones est\u00e1n dos puntos y medio por encima del 2019, o sea grandes logros; logros que tienen que ver directamente con la vida cotidiana, con la vida cotidiana de los uruguayos\u201d.<\/span><\/span><\/span><\/p>\n<p><span style=\"color: #000000;\">\u201c<span style=\"font-family: Arial, sans-serif;\"><span style=\"font-size: large;\">Logros que est\u00e1n acompa\u00f1ados adem\u00e1s por un gran plan de obra p\u00fablica que ha cambiado el pa\u00eds, r\u00e9cord de inversi\u00f3n en obra p\u00fablica de todos estos a\u00f1os, adem\u00e1s de haber bajado por primera vez en d\u00e9cadas los n\u00fameros vinculados a los delitos, por supuesto que quedan cosas por hacer\u201d.<\/span><\/span><\/span><\/p>\n<p><span style=\"color: #000000;\">\u201c<span style=\"font-family: Arial, sans-serif;\"><span style=\"font-size: large;\"><b>Me doli\u00f3 en estos a\u00f1os la actitud\u201d del Frente Amplio<\/b><\/span><\/span><\/span><\/p>\n<p><span style=\"color: #000000;\">\u201c<span style=\"font-family: Arial, sans-serif;\"><span style=\"font-size: large;\">La ausencia total de una actitud constructiva de la oposici\u00f3n, la oposici\u00f3n no dio ni un vaso de agua a este gobierno y no es la misma actitud que tuvimos nosotros cuando fuimos oposici\u00f3n en los a\u00f1os anteriores, no aceptaron nada. Recuerdo los primeros d\u00edas de gesti\u00f3n del gobierno y ya estaban en la vereda de enfrente tirando piedras, hasta intentaron un caceroleo fracasado, promovieron un caceroleo a los 20 d\u00edas de haber asumido el gobierno, (caceroleo) absolutamente fracasado y despu\u00e9s la sucesi\u00f3n de cr\u00edticas permanentes\u201d, coment\u00f3 Mieres en Durazno.<\/span><\/span><\/span><\/p>\n<p><span style=\"color: #000000;\"><span style=\"font-family: Arial, sans-serif;\"><span style=\"font-size: large;\"><b>El gesto del Presidente Lacalle Pou<\/b><\/span><\/span><\/span><\/p>\n<p><span style=\"color: #000000;\"><span style=\"font-family: Arial, sans-serif;\"><span style=\"font-size: large;\">Sobre la reforma de la\u00a0<b>Seguridad Social<\/b>, dijo que \u201cnosotros no solo incorporamos a todos los Partidos en la comisi\u00f3n de expertos, tres representantes del Frente Amplio integraron la comisi\u00f3n de expertos, los esperamos cuatro meses porque no se dignaban a nombrarlos y no quisimos empezar sin ellos, porque esa es la actitud que hemos tenido nosotros desde el gobierno y despu\u00e9s el gesto excepcional de un Presidente de la Rep\u00fablica\u00a0<b>(Dr. Luis Lacalle Pou)<\/b>, que va a la sede partidaria del partido de oposici\u00f3n a proponerles y a presentarles un anteproyecto antes de mandarlo al parlamento, porque saben que en ese a\u00f1o que r<b>ecibimos 80 delegaciones diversas<\/b>, en ese a\u00f1o en donde se hicieron infinidad de reuniones de trabajo, nunca hubo un solo aporte del Frente Amplio para incorporar a la propuesta de reforma de la Seguridad Social y cuando el\u00a0<b>Presidente (Lacalle Pou),<\/b>\u00a0fue a la sede del Frente y le entreg\u00f3 el anteproyecto y le dijo queremos que aporten porque nos importa tener la mirada de ustedes antes de presentar el proyecto de Ley al Parlamento, no se dignaron tampoco a aportar una sola idea y eso es lamentablemente la estrategia que hubo de un partido que nunca digiri\u00f3 su derrota, que nunca acept\u00f3 que hab\u00edan perdido y que por lo tanto ten\u00edan que aceptar\u201d.<\/span><\/span><\/span><\/p>\n<p><span style=\"color: #000000;\">\u201c<span style=\"font-family: Arial, sans-serif;\"><span style=\"font-size: large;\">Y eso ya ser\u00eda raz\u00f3n para renovar mandatos\u201d, coment\u00f3, agregando que la C.R. tiene \u201cun programa serio, responsable, profundo, que tiene como centro los problemas principales de los uruguayos que todav\u00eda tenemos pendientes para resolver; hace d\u00e9cadas que en el Uruguay tenemos el drama de que la pobreza entre los ni\u00f1os es el doble que en el conjunto de la poblaci\u00f3n, pues este gobierno se comprometi\u00f3, la coalici\u00f3n para el pr\u00f3ximo periodo, a que vamos a bajar la pobreza infantil de una vez por todas para que haya una salida definitiva de un drama que nosotros vamos a resolver con la convicci\u00f3n de todos los Partidos de la Rep\u00fablica\u201d.<\/span><\/span><\/span><\/p>\n<p><span style=\"color: #000000;\"><span style=\"font-family: Arial, sans-serif;\"><span style=\"font-size: large;\"><b>Deserci\u00f3n estudiantil; crecimiento de la competitividad<\/b><\/span><\/span><\/span><\/p>\n<p><span style=\"color: #000000;\">\u201c<span style=\"font-family: Arial, sans-serif;\"><span style=\"font-size: large;\">Tambi\u00e9n vamos a bajar la deserci\u00f3n estudiantil en Ense\u00f1anza Media, que es la clave para bajar el desempleo de los j\u00f3venes, porque seguir en el sistema educativo es clave para obtener luego un mejor empleo. Y tambi\u00e9n vamos a preocuparnos del crecimiento de la competitividad del mundo productivo, mejorando las condiciones de trabajo, y tambi\u00e9n vamos a darle a los trabajadores por cuenta propia, que son m\u00e1s de 50.000 que facturan como unipersonales, un subsidio por cese de actividad como equivale al seguro de paro de los trabajadores dependientes que tan \u00fatil fue durante los a\u00f1os de pandemia para sostener el empleo de tantos j\u00f3venes\u201d<\/span><\/span><\/span><\/p>\n<p><span style=\"color: #000000;\">\u201c<span style=\"font-family: Arial, sans-serif;\"><span style=\"font-size: large;\">Tambi\u00e9n vamos a preocuparnos del crecimiento de los trabajadores, de cientos de miles de uruguayos y de miles de empresas que si no hubiera sido por eso, hubieran cerrado y hubi\u00e9ramos perdido enorme cantidad de puestos de trabajo si hubi\u00e9ramos seguido las indicaciones lamentables de la oposici\u00f3n en aquel momento\u201d.<\/span><\/span><\/span><\/p>\n<p><span style=\"color: #000000;\"><span style=\"font-family: Arial, sans-serif;\"><span style=\"font-size: large;\">Mieres, finaliz\u00f3 diciendo que \u201cdejamos un pa\u00eds mucho mejor; tenemos un programa con ideas claras y un programa con ideas de equidad, de b\u00fasqueda del mejoramiento de las condiciones de vida de los m\u00e1s d\u00e9biles, y tercero, tenemos el candidato para lograr dirigir este cambio, pero adem\u00e1s lograr una propuesta de acuerdos y de b\u00fasqueda de entendimientos como ning\u00fan otro, sin ninguna duda, es el compa\u00f1ero \u00c1lvaro Delgado, que debe ser el pr\u00f3ximo Presidente\u201d.<\/span><\/span><\/span><\/p>\n","protected":false},"excerpt":{"rendered":"<p>En la convocatoria realizada en Durazno por parte de la f\u00f3rmula presidencial de la Coalici\u00f3n Republicana, el l\u00edder del Partido Independiente, Pablo Mieres, fue categ\u00f3rico al se\u00f1alar que \u201ceste gobierno gener\u00f3 casi 100.000 puestos de trabajo m\u00e1s\u201d despu\u00e9s del drama de la pandemia por el Covid 19.<\/p>\n","protected":false},"author":4,"featured_media":6002,"comment_status":"closed","ping_status":"closed","sticky":false,"template":"","format":"standard","meta":{"footnotes":""},"categories":[5],"tags":[],"class_list":["post-6001","post","type-post","status-publish","format-standard","has-post-thumbnail","hentry","category-durazno"],"_links":{"self":[{"href":"https:\/\/paginacero.com.uy\/index.php?rest_route=\/wp\/v2\/posts\/6001","targetHints":{"allow":["GET"]}}],"collection":[{"href":"https:\/\/paginacero.com.uy\/index.php?rest_route=\/wp\/v2\/posts"}],"about":[{"href":"https:\/\/paginacero.com.uy\/index.php?rest_route=\/wp\/v2\/types\/post"}],"author":[{"embeddable":true,"href":"https:\/\/paginacero.com.uy\/index.php?rest_route=\/wp\/v2\/users\/4"}],"replies":[{"embeddable":true,"href":"https:\/\/paginacero.com.uy\/index.php?rest_route=%2Fwp%2Fv2%2Fcomments&post=6001"}],"version-history":[{"count":2,"href":"https:\/\/paginacero.com.uy\/index.php?rest_route=\/wp\/v2\/posts\/6001\/revisions"}],"predecessor-version":[{"id":6007,"href":"https:\/\/paginacero.com.uy\/index.php?rest_route=\/wp\/v2\/posts\/6001\/revisions\/6007"}],"wp:featuredmedia":[{"embeddable":true,"href":"https:\/\/paginacero.com.uy\/index.php?rest_route=\/wp\/v2\/media\/6002"}],"wp:attachment":[{"href":"https:\/\/paginacero.com.uy\/index.php?rest_route=%2Fwp%2Fv2%2Fmedia&parent=6001"}],"wp:term":[{"taxonomy":"category","embeddable":true,"href":"https:\/\/paginacero.com.uy\/index.php?rest_route=%2Fwp%2Fv2%2Fcategories&post=6001"},{"taxonomy":"post_tag","embeddable":true,"href":"https:\/\/paginacero.com.uy\/index.php?rest_route=%2Fwp%2Fv2%2Ftags&post=6001"}],"curies":[{"name":"wp","href":"https:\/\/api.w.org\/{rel}","templated":true}]}}