{"id":5998,"date":"2024-11-06T16:10:30","date_gmt":"2024-11-06T19:10:30","guid":{"rendered":"https:\/\/paginacero.com.uy\/?p=5998"},"modified":"2024-11-06T16:10:30","modified_gmt":"2024-11-06T19:10:30","slug":"ojeda-le-faltan-los-10-000-votos-que-aca-ya-tenemos","status":"publish","type":"post","link":"https:\/\/paginacero.com.uy\/?p=5998","title":{"rendered":"Ojeda: \u201cle faltan los 10.000 votos que ac\u00e1 ya tenemos\u201d"},"content":{"rendered":"<p><strong>Ironiz\u00f3, al se\u00f1alar que en el Frente Amplio, \u201cson &#8216;magos&#8217;, porque dicen que ganaron, sacando menos votos que nosotros\u201d.<\/strong><!--more--><\/p>\n<p><span style=\"color: #000000; font-size: large;\" data-olk-copy-source=\"MessageBody\">\u201c<span style=\"font-family: Arial, sans-serif;\">Me consta que Durazno tiene problemas grandes de seguridad p\u00fablica, que est\u00e1 viviendo cosas que hac\u00eda tiempo o nunca vivi\u00f3, y ac\u00e1 est\u00e1 el compromiso de un combate frontal al narcotr\u00e1fico y a la violencia que viene acarreada con el narcotr\u00e1fico, que es lo que Durazno tiene que batallar, tiene que volver a ser lo que fue y ese es el anhelo que tenemos, y para eso trabajamos, y para eso armamos y somos cre\u00edbles para eso, y ese es el compromiso de esta coalici\u00f3n\u201d.<\/span><\/span><\/p>\n<p><span style=\"color: #000000; font-size: large;\">\u201c<span style=\"font-family: Arial, sans-serif;\">Creo que hoy, y lo decimos todos los d\u00edas, tenemos que ser conscientes; 48 es m\u00e1s que 43 en todas las escuelas del pa\u00eds. Nosotros ganamos el 27 (de Octubre pasado)\u201d.<\/span><\/span><\/p>\n<p><span style=\"color: #000000; font-size: large;\"><span style=\"font-family: Arial, sans-serif;\">Se\u00f1al\u00f3 luego que \u201cme gusta esta frase de los profesionales de relato porque es tal cual; tenemos instaladores profesionales de &#8216;manija&#8217; y de relato; y lo que fue manija anti polic\u00eda, ahora es manija de que ellos ganaron sacando menos votos, la verdad que son unos magos; ganaron sacando menos votos. Entonces, se\u00f1ores, ac\u00e1 hay que sacar m\u00e1s votos. Sacamos m\u00e1s votos nosotros, entonces, tenemos que empezar a pelear el relato de que ellos son los que van a ganar y tenemos que evitar la fuga nosotros; ac\u00e1 nosotros estamos bien s\u00f3lidos. Los que tienen que salir a remar la diferencia son ellos que le faltan los 10.000 votos que ac\u00e1 ya tenemos.\u00a0<\/span><span style=\"font-family: Arial, sans-serif;\">Entonces, vamos a ganar\u201d, concluy\u00f3 Daniel Ojeda.<\/span><\/span><\/p>\n<p><span style=\"color: #000000;\"><b>\u00ab<span style=\"font-family: Arial, sans-serif;\"><span style=\"font-size: large;\">R<\/span><\/span><span style=\"font-family: Arial, sans-serif;\"><span style=\"font-size: large;\">espaldo absoluto a la polic\u00eda\u201d<\/span><\/span><\/b><\/span><\/p>\n<p><span style=\"color: #000000;\"><span style=\"font-family: Arial, sans-serif;\"><span style=\"font-size: large;\">Le tengo un aprecio especial a Durazno, dijo\u00a0<b>Ojeda,<\/b>\u00a0se\u00f1alando que \u201chace algunos a\u00f1os hubo un evento aqu\u00ed en Durazno , que se torn\u00f3 un evento pa\u00eds. Hubo el lamentable fallecimiento de un chico producto de un accidente en una moto que ten\u00eda que ver con una persecuci\u00f3n policial; hecho que puso a Durazno en el mapa a nivel nacional durante bastante tiempo\u201d<\/span><\/span><\/span><\/p>\n<p><span style=\"color: #000000;\"><span style=\"font-family: Arial, sans-serif;\"><span style=\"font-size: large;\">Luego de comentar que lament\u00f3 el hecho que deriv\u00f3 en la p\u00e9rdida de una vida, Ojeda, agreg\u00f3 que \u201ceste caso que fue conmocionante aqu\u00ed en Durazno y en todo el pa\u00eds, nos toc\u00f3 a nosotros hacer la defensa de los trabajadores policiales, a nuestro juicio muy injustamente acusados de haber matado a ese muchacho, cosa que evidentemente no era as\u00ed. Esto se mezcl\u00f3 en las fechas con la defensa de la LUC (Ley de Urgente Consideraci\u00f3n)\u201d.<\/span><\/span><\/span><\/p>\n<p><span style=\"color: #000000;\">\u201c<span style=\"font-family: Arial, sans-serif;\"><span style=\"font-size: large;\">Y en ese momento el\u00a0<b>Frente Amplio y el Pit Cnt<\/b>, junto con la\u00a0<b>Fiscal<\/b>, que tambi\u00e9n previo a ser Fiscal hab\u00eda tenido vinculaciones con el MPP, decidieron embestir a dos trabajadores policiales e intentar llevarse puesta la vida de los trabajadores, su trabajo y su familia, solamente para darle un mensaje pol\u00edtico al pa\u00eds. Yo estoy muy orgulloso de haber trabajado en ese caso, y muy orgulloso de que estos dos funcionarios policiales hayan sido absueltos de toda responsabilidad\u201d.<\/span><\/span><\/span><\/p>\n<p><span style=\"color: #000000;\">\u201c<span style=\"font-family: Arial, sans-serif;\"><span style=\"font-size: large;\">Y el mensaje que le quiere mandar al Frente Amplio, a todos los trabajadores policiales, es que el d\u00eda que persigan a alguien, van a ser responsables, si chocan o les pasa algo, le estamos diciendo a los trabajadores que nunca m\u00e1s hagan su trabajo. Desde esta\u00a0<b>Coalici\u00f3n (Republicana)<\/b>\u00a0respaldo absoluto a la polic\u00eda, desde el primer al \u00faltimo d\u00eda. Lo pueden decir ellos. Solo que ellos no son cre\u00edbles y nosotros s\u00ed. Ustedes saben perfectamente que yo s\u00ed tengo palabras para decir esto y tambi\u00e9n la tiene esta Coalici\u00f3n (Republicana)\u201d, coment\u00f3.<\/span><\/span><\/span><\/p>\n","protected":false},"excerpt":{"rendered":"<p>Ironiz\u00f3, al se\u00f1alar que en el Frente Amplio, \u201cson &#8216;magos&#8217;, porque dicen que ganaron, sacando menos votos que nosotros\u201d.<\/p>\n","protected":false},"author":4,"featured_media":5999,"comment_status":"closed","ping_status":"closed","sticky":false,"template":"","format":"standard","meta":{"footnotes":""},"categories":[5],"tags":[],"class_list":["post-5998","post","type-post","status-publish","format-standard","has-post-thumbnail","hentry","category-durazno"],"_links":{"self":[{"href":"https:\/\/paginacero.com.uy\/index.php?rest_route=\/wp\/v2\/posts\/5998","targetHints":{"allow":["GET"]}}],"collection":[{"href":"https:\/\/paginacero.com.uy\/index.php?rest_route=\/wp\/v2\/posts"}],"about":[{"href":"https:\/\/paginacero.com.uy\/index.php?rest_route=\/wp\/v2\/types\/post"}],"author":[{"embeddable":true,"href":"https:\/\/paginacero.com.uy\/index.php?rest_route=\/wp\/v2\/users\/4"}],"replies":[{"embeddable":true,"href":"https:\/\/paginacero.com.uy\/index.php?rest_route=%2Fwp%2Fv2%2Fcomments&post=5998"}],"version-history":[{"count":1,"href":"https:\/\/paginacero.com.uy\/index.php?rest_route=\/wp\/v2\/posts\/5998\/revisions"}],"predecessor-version":[{"id":6000,"href":"https:\/\/paginacero.com.uy\/index.php?rest_route=\/wp\/v2\/posts\/5998\/revisions\/6000"}],"wp:featuredmedia":[{"embeddable":true,"href":"https:\/\/paginacero.com.uy\/index.php?rest_route=\/wp\/v2\/media\/5999"}],"wp:attachment":[{"href":"https:\/\/paginacero.com.uy\/index.php?rest_route=%2Fwp%2Fv2%2Fmedia&parent=5998"}],"wp:term":[{"taxonomy":"category","embeddable":true,"href":"https:\/\/paginacero.com.uy\/index.php?rest_route=%2Fwp%2Fv2%2Fcategories&post=5998"},{"taxonomy":"post_tag","embeddable":true,"href":"https:\/\/paginacero.com.uy\/index.php?rest_route=%2Fwp%2Fv2%2Ftags&post=5998"}],"curies":[{"name":"wp","href":"https:\/\/api.w.org\/{rel}","templated":true}]}}