{"id":5992,"date":"2024-11-04T16:38:48","date_gmt":"2024-11-04T19:38:48","guid":{"rendered":"https:\/\/paginacero.com.uy\/?p=5992"},"modified":"2024-11-04T16:38:48","modified_gmt":"2024-11-04T19:38:48","slug":"valetta-destaco-transparencia-y-dialogo-con-reyna-y-su-equipo","status":"publish","type":"post","link":"https:\/\/paginacero.com.uy\/?p=5992","title":{"rendered":"Valetta destac\u00f3 transparencia, y di\u00e1logo con Reyna y su equipo"},"content":{"rendered":"<p><strong>El\u00a0Abogado y Escribano, Francisco Valetta, es junto al\u00a0Rematador, Mart\u00edn Vidal\u00edn, de los principales referentes j\u00f3venes de la\u00a0Lista 404,\u00a0con presencia como Ediles en el actual per\u00edodo de la\u00a0Junta Departamental de Durazno.<\/strong><!--more--><\/p>\n<p><span style=\"color: #000000; font-size: large;\"><span style=\"font-family: Arial, sans-serif;\" data-olk-copy-source=\"MessageBody\">Sostuvo en entrevista con\u00a0<b>Durazno TV\u00a0<\/b>que fue un conteo \u201cinfartante\u201d, \u201ccreo que hay que hacer un poco de retrospectiva y hacer una evaluaci\u00f3n de dos cosas. Festejar esto que tenemos, tan sano, tan importante, estos pr\u00f3ximos cinco a\u00f1os de nuestro departamento, de nuestro pa\u00eds, se definen ac\u00e1\u201d.<\/span><\/span><\/p>\n<p><span style=\"color: #000000; font-size: large;\"><span style=\"font-family: Arial, sans-serif;\">Cit\u00f3 luego la \u201cprofesionalidad y seriedad del sistema democr\u00e1tico, que siempre se resalta; es lo fundamental que tenemos\u201d. \u201cAc\u00e1 todo es transparente, es una &#8216;marca pa\u00eds&#8217; que tiene el nuestro, pero que a veces nos olvidamos porque estamos acostumbrados a lo bueno, pero basta con prender a veces la tele y ver que en otros pa\u00edses en la actualidad no se est\u00e1 dando\u201d.<\/span><\/span><\/p>\n<p><span style=\"color: #000000; font-size: large;\">\u201c<span style=\"font-family: Arial, sans-serif;\"><b>Importante dialogar con Reyna y todo su equipo\u201d<\/b><\/span><\/span><\/p>\n<p><span style=\"color: #000000; font-size: large;\"><span style=\"font-family: Arial, sans-serif;\">Haciendo un an\u00e1lisis retrospectivo, el dirigente tambi\u00e9n traz\u00f3 \u201cuna retrospectiva que creo que merece nuestro\u00a0<b>Partido (Nacional)<\/b>\u201d, se\u00f1alando que \u201csi bien anduvimos en el 51 %, no s\u00e9 bien que cifra manejamos, pero hay una gran parte de nuestro electorado, de nuestro pa\u00eds, del departamento, que entend\u00eda que el Diputado tendr\u00eda que ser\u00a0<b>Jorge Reyna,<\/b>\u00a0se mostr\u00f3 en los votos, y es importante tambi\u00e9n ahora, a partir de ahora dialogar con toda esa gente, con\u00a0<b>Jorge Reyna y con todo el equipo<\/b>\u00a0que quiera aportar a la Diputaci\u00f3n de nuestro departamento durante estos cinco a\u00f1os\u201d.<\/span><\/span><\/p>\n","protected":false},"excerpt":{"rendered":"<p>El\u00a0Abogado y Escribano, Francisco Valetta, es junto al\u00a0Rematador, Mart\u00edn Vidal\u00edn, de los principales referentes j\u00f3venes de la\u00a0Lista 404,\u00a0con presencia como Ediles en el actual per\u00edodo de la\u00a0Junta Departamental de Durazno.<\/p>\n","protected":false},"author":4,"featured_media":5993,"comment_status":"closed","ping_status":"closed","sticky":false,"template":"","format":"standard","meta":{"footnotes":""},"categories":[5],"tags":[],"class_list":["post-5992","post","type-post","status-publish","format-standard","has-post-thumbnail","hentry","category-durazno"],"_links":{"self":[{"href":"https:\/\/paginacero.com.uy\/index.php?rest_route=\/wp\/v2\/posts\/5992","targetHints":{"allow":["GET"]}}],"collection":[{"href":"https:\/\/paginacero.com.uy\/index.php?rest_route=\/wp\/v2\/posts"}],"about":[{"href":"https:\/\/paginacero.com.uy\/index.php?rest_route=\/wp\/v2\/types\/post"}],"author":[{"embeddable":true,"href":"https:\/\/paginacero.com.uy\/index.php?rest_route=\/wp\/v2\/users\/4"}],"replies":[{"embeddable":true,"href":"https:\/\/paginacero.com.uy\/index.php?rest_route=%2Fwp%2Fv2%2Fcomments&post=5992"}],"version-history":[{"count":1,"href":"https:\/\/paginacero.com.uy\/index.php?rest_route=\/wp\/v2\/posts\/5992\/revisions"}],"predecessor-version":[{"id":5994,"href":"https:\/\/paginacero.com.uy\/index.php?rest_route=\/wp\/v2\/posts\/5992\/revisions\/5994"}],"wp:featuredmedia":[{"embeddable":true,"href":"https:\/\/paginacero.com.uy\/index.php?rest_route=\/wp\/v2\/media\/5993"}],"wp:attachment":[{"href":"https:\/\/paginacero.com.uy\/index.php?rest_route=%2Fwp%2Fv2%2Fmedia&parent=5992"}],"wp:term":[{"taxonomy":"category","embeddable":true,"href":"https:\/\/paginacero.com.uy\/index.php?rest_route=%2Fwp%2Fv2%2Fcategories&post=5992"},{"taxonomy":"post_tag","embeddable":true,"href":"https:\/\/paginacero.com.uy\/index.php?rest_route=%2Fwp%2Fv2%2Ftags&post=5992"}],"curies":[{"name":"wp","href":"https:\/\/api.w.org\/{rel}","templated":true}]}}