{"id":5989,"date":"2024-11-04T16:35:11","date_gmt":"2024-11-04T19:35:11","guid":{"rendered":"https:\/\/paginacero.com.uy\/?p=5989"},"modified":"2024-11-04T16:35:11","modified_gmt":"2024-11-04T19:35:11","slug":"distincion-al-mas-alto-nivel-para-profesionales-duraznenses","status":"publish","type":"post","link":"https:\/\/paginacero.com.uy\/?p=5989","title":{"rendered":"Distinci\u00f3n al m\u00e1s alto nivel para profesionales duraznenses"},"content":{"rendered":"<div dir=\"auto\" data-olk-copy-source=\"MessageBody\"><strong>Se trata de dos eventos diferentes; viajan a Estados Unidos y a M\u00e9xico<\/strong><\/div>\n<p><!--more--><\/p>\n<div dir=\"auto\" data-olk-copy-source=\"MessageBody\">La Prof. Lucia Andrade, se traslada la semana pr\u00f3xima al Estado de Florida, USA, donde en las instalaciones de ESPN en Orlando, participar\u00e1 en la organizaci\u00f3n y como \u00e1rbitro del Campeonato Nacional de Gimnasia Art\u00edstica y R\u00edtmica de Estados Unidos, significando ello todo un reconocimiento a la labor de la docente, que adem\u00e1s integra el Consejo Asesor Mundial de Gimnasia Art\u00edstica para Olimpiadas Especiales<\/div>\n<div dir=\"auto\" data-olk-copy-source=\"MessageBody\">\n<div dir=\"auto\"><\/div>\n<div dir=\"auto\">El Prof. Mauricio Rivas, se traslada a M\u00e9xico, donde estar\u00e1 presente en una capacitaci\u00f3n al m\u00e1s alto nivel que aborda la participaci\u00f3n de las personas con discapacidad en el deporte del Triatl\u00f3n.<\/div>\n<\/div>\n<div dir=\"auto\"><\/div>\n","protected":false},"excerpt":{"rendered":"<p>Se trata de dos eventos diferentes; viajan a Estados Unidos y a M\u00e9xico<\/p>\n","protected":false},"author":4,"featured_media":5990,"comment_status":"closed","ping_status":"closed","sticky":false,"template":"","format":"standard","meta":{"footnotes":""},"categories":[5],"tags":[],"class_list":["post-5989","post","type-post","status-publish","format-standard","has-post-thumbnail","hentry","category-durazno"],"_links":{"self":[{"href":"https:\/\/paginacero.com.uy\/index.php?rest_route=\/wp\/v2\/posts\/5989","targetHints":{"allow":["GET"]}}],"collection":[{"href":"https:\/\/paginacero.com.uy\/index.php?rest_route=\/wp\/v2\/posts"}],"about":[{"href":"https:\/\/paginacero.com.uy\/index.php?rest_route=\/wp\/v2\/types\/post"}],"author":[{"embeddable":true,"href":"https:\/\/paginacero.com.uy\/index.php?rest_route=\/wp\/v2\/users\/4"}],"replies":[{"embeddable":true,"href":"https:\/\/paginacero.com.uy\/index.php?rest_route=%2Fwp%2Fv2%2Fcomments&post=5989"}],"version-history":[{"count":1,"href":"https:\/\/paginacero.com.uy\/index.php?rest_route=\/wp\/v2\/posts\/5989\/revisions"}],"predecessor-version":[{"id":5991,"href":"https:\/\/paginacero.com.uy\/index.php?rest_route=\/wp\/v2\/posts\/5989\/revisions\/5991"}],"wp:featuredmedia":[{"embeddable":true,"href":"https:\/\/paginacero.com.uy\/index.php?rest_route=\/wp\/v2\/media\/5990"}],"wp:attachment":[{"href":"https:\/\/paginacero.com.uy\/index.php?rest_route=%2Fwp%2Fv2%2Fmedia&parent=5989"}],"wp:term":[{"taxonomy":"category","embeddable":true,"href":"https:\/\/paginacero.com.uy\/index.php?rest_route=%2Fwp%2Fv2%2Fcategories&post=5989"},{"taxonomy":"post_tag","embeddable":true,"href":"https:\/\/paginacero.com.uy\/index.php?rest_route=%2Fwp%2Fv2%2Ftags&post=5989"}],"curies":[{"name":"wp","href":"https:\/\/api.w.org\/{rel}","templated":true}]}}